{"id":10058,"date":"2020-06-08T11:04:24","date_gmt":"2020-06-08T11:04:24","guid":{"rendered":"http:\/\/sobedrj.com.br\/novo\/?p=10058"},"modified":"2020-06-08T18:04:31","modified_gmt":"2020-06-08T18:04:31","slug":"complexo-da-fiocruz-dara-autonomia-em-vacinas-para-o-brasil","status":"publish","type":"post","link":"https:\/\/sobedrj.com.br\/novo\/2020\/06\/08\/complexo-da-fiocruz-dara-autonomia-em-vacinas-para-o-brasil\/","title":{"rendered":"Complexo da Fiocruz dar\u00e1 autonomia em vacinas para o Brasil"},"content":{"rendered":"<p>fonte: Ag\u00eancia Brasil<\/p>\n<p>O Complexo Industrial de Biotecnologia em Sa\u00fade da Funda\u00e7\u00e3o Oswaldo Cruz (Cibs\/Fiocruz), em constru\u00e7\u00e3o, vai aumentar em cinco vezes a capacidade de produ\u00e7\u00e3o do Instituto de Tecnologia em Imunobiol\u00f3gicos (Bio-Manguinhos\/Fiocruz). As vacinas contra meningite, hepatite e tr\u00edplice bacteriana, que atualmente s\u00e3o importadas, v\u00e3o passar a sair do polo no Distrito Industrial de Santa Cruz, na zona oeste do Rio de Janeiro. \u00c0 produ\u00e7\u00e3o, se juntar\u00e3o tamb\u00e9m vacinas espec\u00edficas para esquistossomose e hansen\u00edase.<\/p>\n<p>O Novo Centro de Processamento Final (NCPFI) ficar\u00e1 em uma \u00e1rea total de 580 mil metroS quadrados (m\u00b2) e 334 mil m\u00b2 de edifica\u00e7\u00f5es.<\/p>\n<p>Al\u00e9m das vacinas, o novo complexo vai ampliar a capacidade de produ\u00e7\u00e3o de kits diagn\u00f3sticos e biof\u00e1rmacos, que atendem o Programa Nacional de Imuniza\u00e7\u00e3o e o Sistema \u00danico de Sa\u00fade (SUS), chegando a 120 milh\u00f5es de frascos por ano.<\/p>\n<p>Atualmente, o parque de Bio-Manguinhos, em Manguinhos, na zona norte da cidade, fabrica 35 produtos, com o excedente exportado para 74 pa\u00edses. A previs\u00e3o para o novo complexo \u00e9 de produzir vacinas para atender tamb\u00e9m demandas da Am\u00e9rica Latina e da \u00c1frica, bem como de \u00f3rg\u00e3os internacionais como a Organiza\u00e7\u00e3o Mundial da Sa\u00fade (OMS), Organiza\u00e7\u00e3o Pan-Americana da Sa\u00fade (Opas) e Fundo das Na\u00e7\u00f5es Unidas para a Inf\u00e2ncia (Unicef).<\/p>\n<p>Segundo o diretor da Bio-Manguinhos, Maur\u00edcio Zuma, o complexo ser\u00e1 o maior da Am\u00e9rica Latina e um dos maiores e mais modernos do mundo, dando ao pa\u00eds a prerrogativa de deixar de importar algumas vacinas e produzir outras que n\u00e3o despertam o interesse da ind\u00fastria farmac\u00eautica mundial.<\/p>\n<p>\u201cA gente vai poder n\u00e3o s\u00f3 incorporar novas vacinas, diminuir muito a importa\u00e7\u00e3o, e fabricar vacinas para doen\u00e7as negligenciadas, por exemplo. Temos projetos em desenvolvimento, mas n\u00e3o temos capacidade para produzir e ningu\u00e9m se interessa em produzir. L\u00e1 [em Santa Cruz], vamos ter capacidade de colocar para produzir vacinas que s\u00e3o para minorias\u201d, ressaltou Maur\u00edcio Zuma.<\/p>\n<p>Entre as vacinas que poder\u00e3o ser produzidas no novo complexo, Zuma cita as de meningite, hepatite e tr\u00edplice bacteriana, que atualmente s\u00e3o importadas, e as para esquistossomose e hansen\u00edase, que s\u00e3o vacinas terap\u00eauticas para um p\u00fablico alvo menor.<\/p>\n<p>Zuma destacou o car\u00e1ter estrat\u00e9gico do complexo para o pa\u00eds. \u201cVai nos permitir ter um dom\u00ednio tecnol\u00f3gico maior. A gente vai estar na fronteira do conhecimento em termos de produ\u00e7\u00e3o, porque vamos utilizar tecnologia de ponta. Vai permitir ao Brasil ter uma sustentabilidade muito maior na produ\u00e7\u00e3o de vacinas. O Programa Nacional de imuniza\u00e7\u00e3o vai poder atender bem melhor a nossa popula\u00e7\u00e3o\u201d.<\/p>\n<p><strong>Projeto<\/strong><\/p>\n<p>O projeto do Cibs come\u00e7ou em 2011, com a busca do terreno e a elabora\u00e7\u00e3o do projeto conceitual, para depois adaptar o projeto executivo ao terreno conseguido. O diretor da Bio-Manguinhos disse que o local j\u00e1 se encontra pronto para receber as estruturas met\u00e1licas dos pr\u00e9dios.<\/p>\n<p>\u201cFizemos duas fases da terraplanagem e adiantamos todo o estaqueamento dos pr\u00e9dios, as funda\u00e7\u00f5es e completamos com todo o coroamento dos blocos e cintas. Hoje, o terreno j\u00e1 est\u00e1 todo preparado, quando a gente come\u00e7ar a obra j\u00e1 ser\u00e1 montando as estruturas met\u00e1licas\u201d.<\/p>\n<p>Segundo ele, a demora na constru\u00e7\u00e3o se deve ao tamanho e complexidade do projeto. Os atrasos, segundo Zuma, tamb\u00e9m ocorreram devido \u00e0 falta de continuidade nas pol\u00edticas p\u00fablicas. A Fiocruz \u00e9 ligada ao Minist\u00e9rio da Sa\u00fade.<\/p>\n<p>\u201cA gente estava fazendo isso l\u00e1 atr\u00e1s, entrou o governo Temer, tiveram dois ministros, depois o governo Bolsonaro, j\u00e1 tivemos tr\u00eas ministros. Como \u00e9 um projeto muito grande, a gente sempre tem que mostrar o projeto, passar toda a ideia, isso leva tempo. O que tem acontecido \u00e9 quando o ministro est\u00e1 convencido da import\u00e2ncia do projeto ele est\u00e1 saindo\u201d.<\/p>\n<p>O governo federal investiu at\u00e9 o momento R$ 700 milh\u00f5es no Cibs. Zuma informou que a licita\u00e7\u00e3o do projeto ser\u00e1 feita para uma constru\u00e7\u00e3o sem recursos p\u00fablicos, no modelo built to suit, ou seja, constru\u00e7\u00e3o feita por um investidor privado sob medida para o usu\u00e1rio. O retorno financeiro se dar\u00e1 depois da conclus\u00e3o da obra, com o pagamento de aluguel por um per\u00edodo de tempo determinado, previsto entre 15 anos e 20 anos. Depois disso, o patrim\u00f4nio ser\u00e1 incorporado \u00e0 Fiocruz.<\/p>\n<p>\u201c\u00c9 uma modalidade inovadora na administra\u00e7\u00e3o p\u00fablica e \u00e9 conveniente porque, nessa crise de recursos, o Estado vai investir pouco no momento. Depois, a presta\u00e7\u00e3o do aluguel a gente vai pagar com recursos pr\u00f3prios, o valor vai estar embutido no custo dos nossos produtos. A gente fez um estudo de viabilidade econ\u00f4mica e j\u00e1 viu que d\u00e1 para fazer isso. A pr\u00f3pria produ\u00e7\u00e3o do Cibs vai pagar o investimento\u201d.<\/p>\n<p>Segundo Zuma,\u00a0<a href=\"https:\/\/agenciabrasil.ebc.com.br\/saude\/noticia\/2020-05\/fiocruz-completa-120-anos-com-construcao-de-complexo-em-santa-cruz\" target=\"_blank\" rel=\"noopener\">o ministro interino da Sa\u00fade, Eduardo Pazuello, que visitou Bio-Manguinhos no dia 25 de maio, demonstrou interesse pelo projeto de Santa Cruz<\/a>. \u201cN\u00f3s tivemos a oportunidade de conversar com ele sobre as motiva\u00e7\u00f5es para o projeto. Ele est\u00e1 bastante convencido, e eu acredito que muito em breve teremos a autoriza\u00e7\u00e3o ministerial para poder fazer a licita\u00e7\u00e3o\u201d.<\/p>\n<p>Na cerim\u00f4nia dos 120 anos da Fiocruz , Pauello disse que o Minist\u00e9rio da Sa\u00fade est\u00e1 comprometido com o complexo de Santa Cruz. No final do ano passado, o minist\u00e9rio\u00a0<a href=\"http:\/\/saude.gov.br\/noticias\/agencia-saude\/45922-brasil-retoma-exportacao-de-vacina-contra-febre-amarela\" target=\"_blank\" rel=\"noopener\">anunciou que iria investir R$ 3 bilh\u00f5es na constru\u00e7\u00e3o do complexo<\/a>.<\/p>\n<p><strong>Covid-19<\/strong><\/p>\n<p>O diretor da Bio-Manguinhos, Mauricio Zuma, disse que vacina para a covid-19, assim que estiver dispon\u00edvel, vai ser fabricada ela Fiocruz, antes mesmo do complexo de Santa Cruz ficar pronto. Uma equipe da Fiocruz de Minas Gerais trabalha no\u00a0<a href=\"https:\/\/agenciabrasil.ebc.com.br\/educacao\/noticia\/2020-05\/equipe-da-fiocruz-mg-trabalha-em-vacina-brasileira-para-covid-19\" target=\"_blank\" rel=\"noopener\">desenvolvimento da vacina com tecnologia brasileira<\/a>, mas assim que ela estiver dispon\u00edvel no mercado internacional, o Brasil poder\u00e1 importar a t\u00e9cnica.<\/p>\n<p>\u201cA gente tem bastante expectativa, estamos conversando com pelo menos quatro empresas para produzir uma vacina aqui e vamos escolher uma, a que chegar primeiro e a melhor se adequar \u00e0s capacita\u00e7\u00f5es e instala\u00e7\u00f5es que n\u00f3s temos. A gente espera at\u00e9 o final do ano estar com isso definido e, se poss\u00edvel, j\u00e1 come\u00e7ar a produzir a vacina para covid-19 nas nossas instala\u00e7\u00f5es\u201d.<\/p>\n<p>Mauricio Zuma acredita que o Brasil ter\u00e1 import\u00e2ncia fundamental na fabrica\u00e7\u00e3o da vacina para o novo coronav\u00edrus (covid-19) em apoio a toda a Am\u00e9rica Latina, como j\u00e1 ocorre com a vacina de febre amarela, j\u00e1 que apenas o M\u00e9xico e Cuba t\u00eam plantas de produ\u00e7\u00e3o de imunobiol\u00f3gicos na regi\u00e3o, \u201cpor\u00e9m muito pequenas\u201d.<\/p>\n<p>\u201cN\u00e3o tem vacina no mundo. O mundo n\u00e3o produz vacina para todo mundo. Ent\u00e3o, um pa\u00eds como o nosso, continental, com mais de 210 milh\u00f5es de habitantes, se a gente n\u00e3o tiver a nossa produ\u00e7\u00e3o, corre o risco de ter problemas com as epidemias no pa\u00eds. A gente j\u00e1 vem falando isso h\u00e1 bastante tempo\u201d.<\/p>\n<p>O governo federal anunciou na \u00faltima semana semana que o pa\u00eds vai participar do\u00a0<a href=\"https:\/\/agenciabrasil.ebc.com.br\/saude\/noticia\/2020-06\/covid-19-brasil-ingressa-em-consorcio-global-para-produzir-vacina\" target=\"_blank\" rel=\"noopener\">projeto Acelerador de Vacina (ACT Accelerator)<\/a>, iniciativa internacional que integra 44 pa\u00edses para a produ\u00e7\u00e3o de vacina, medicamentos e diagn\u00f3sticos contra o novo coronav\u00edrus .<\/p>\n","protected":false},"excerpt":{"rendered":"<p>fonte: Ag\u00eancia Brasil O Complexo Industrial de Biotecnologia em Sa\u00fade da Funda\u00e7\u00e3o Oswaldo Cruz (Cibs\/Fiocruz), em constru\u00e7\u00e3o, vai aumentar em cinco vezes a capacidade de produ\u00e7\u00e3o do Instituto de Tecnologia em Imunobiol\u00f3gicos (Bio-Manguinhos\/Fiocruz). As vacinas contra meningite, hepatite e tr\u00edplice bacteriana, que atualmente s\u00e3o importadas, v\u00e3o passar a sair do polo no Distrito Industrial de [&hellip;]<\/p>\n","protected":false},"author":1,"featured_media":0,"comment_status":"closed","ping_status":"open","sticky":false,"template":"","format":"standard","meta":{"ngg_post_thumbnail":0,"footnotes":""},"categories":[2],"tags":[],"class_list":["post-10058","post","type-post","status-publish","format-standard","hentry","category-noticias"],"aioseo_notices":[],"gutentor_comment":0,"_links":{"self":[{"href":"https:\/\/sobedrj.com.br\/novo\/wp-json\/wp\/v2\/posts\/10058","targetHints":{"allow":["GET"]}}],"collection":[{"href":"https:\/\/sobedrj.com.br\/novo\/wp-json\/wp\/v2\/posts"}],"about":[{"href":"https:\/\/sobedrj.com.br\/novo\/wp-json\/wp\/v2\/types\/post"}],"author":[{"embeddable":true,"href":"https:\/\/sobedrj.com.br\/novo\/wp-json\/wp\/v2\/users\/1"}],"replies":[{"embeddable":true,"href":"https:\/\/sobedrj.com.br\/novo\/wp-json\/wp\/v2\/comments?post=10058"}],"version-history":[{"count":1,"href":"https:\/\/sobedrj.com.br\/novo\/wp-json\/wp\/v2\/posts\/10058\/revisions"}],"predecessor-version":[{"id":10061,"href":"https:\/\/sobedrj.com.br\/novo\/wp-json\/wp\/v2\/posts\/10058\/revisions\/10061"}],"wp:attachment":[{"href":"https:\/\/sobedrj.com.br\/novo\/wp-json\/wp\/v2\/media?parent=10058"}],"wp:term":[{"taxonomy":"category","embeddable":true,"href":"https:\/\/sobedrj.com.br\/novo\/wp-json\/wp\/v2\/categories?post=10058"},{"taxonomy":"post_tag","embeddable":true,"href":"https:\/\/sobedrj.com.br\/novo\/wp-json\/wp\/v2\/tags?post=10058"}],"curies":[{"name":"wp","href":"https:\/\/api.w.org\/{rel}","templated":true}]}}