{"id":10066,"date":"2020-06-08T12:11:11","date_gmt":"2020-06-08T12:11:11","guid":{"rendered":"http:\/\/sobedrj.com.br\/novo\/?p=10066"},"modified":"2020-06-08T18:04:14","modified_gmt":"2020-06-08T18:04:14","slug":"pesquisa-sobre-indicadores-para-o-painel-de-glosas-tem-prazo-prorrogado","status":"publish","type":"post","link":"https:\/\/sobedrj.com.br\/novo\/2020\/06\/08\/pesquisa-sobre-indicadores-para-o-painel-de-glosas-tem-prazo-prorrogado\/","title":{"rendered":"Pesquisa sobre indicadores para o Painel de Glosas tem prazo prorrogado"},"content":{"rendered":"<p>fonte: Anvisa<\/p>\n<p>A Ag\u00eancia Nacional de Sa\u00fade Suplementar (ANS) prorrogou o prazo para recep\u00e7\u00e3o de contribui\u00e7\u00f5es \u00e0 Pesquisa para os Indicadores do Painel de Glosas. Inicialmente, a data-limite era 29\/05. Com a extens\u00e3o, representantes de operadoras e de prestadores de servi\u00e7os de sa\u00fade que atuam no setor suplementar ter\u00e3o at\u00e9 o dia 15\/06 para enviar suas sugest\u00f5es.<\/p>\n<p>O\u00a0<a href=\"http:\/\/formsus.datasus.gov.br\/site\/formulario.php?id_aplicacao=56204\">formul\u00e1rio\u00a0<\/a>abre espa\u00e7o para sugest\u00f5es nos cinco indicadores que dever\u00e3o fazer parte do painel: tempo m\u00e9dio de pagamento, percentual de glosa inicial, percentual de glosa final, percentual do n\u00famero de guias sem retorno ap\u00f3s 30 dias da cobran\u00e7a e percentual de valor de guias sem retorno ap\u00f3s 30 dias da cobran\u00e7a.\u00a0\u00a0<a href=\"http:\/\/www.ans.gov.br\/images\/Indicadores_Preliminares_para_painel_fichas_1ok.pdf\">Clique aqui para conhecer os indicadores.<\/a><\/p>\n<p><a href=\"http:\/\/www.ans.gov.br\/images\/Nota_T%C3%A9cnica_-_Painel_de_Indicadores_de_Glosa.pdf\">Para mais informa\u00e7\u00f5es, confira a Nota T\u00e9cnica n\u00ba 18\/2020\/GASNT\/DIRAD-DIDES\u00a0<\/a><\/p>\n","protected":false},"excerpt":{"rendered":"<p>fonte: Anvisa A Ag\u00eancia Nacional de Sa\u00fade Suplementar (ANS) prorrogou o prazo para recep\u00e7\u00e3o de contribui\u00e7\u00f5es \u00e0 Pesquisa para os Indicadores do Painel de Glosas. Inicialmente, a data-limite era 29\/05. Com a extens\u00e3o, representantes de operadoras e de prestadores de servi\u00e7os de sa\u00fade que atuam no setor suplementar ter\u00e3o at\u00e9 o dia 15\/06 para enviar [&hellip;]<\/p>\n","protected":false},"author":1,"featured_media":7907,"comment_status":"closed","ping_status":"open","sticky":false,"template":"","format":"standard","meta":{"ngg_post_thumbnail":0,"footnotes":""},"categories":[2],"tags":[],"class_list":["post-10066","post","type-post","status-publish","format-standard","has-post-thumbnail","hentry","category-noticias"],"aioseo_notices":[],"gutentor_comment":0,"_links":{"self":[{"href":"https:\/\/sobedrj.com.br\/novo\/wp-json\/wp\/v2\/posts\/10066","targetHints":{"allow":["GET"]}}],"collection":[{"href":"https:\/\/sobedrj.com.br\/novo\/wp-json\/wp\/v2\/posts"}],"about":[{"href":"https:\/\/sobedrj.com.br\/novo\/wp-json\/wp\/v2\/types\/post"}],"author":[{"embeddable":true,"href":"https:\/\/sobedrj.com.br\/novo\/wp-json\/wp\/v2\/users\/1"}],"replies":[{"embeddable":true,"href":"https:\/\/sobedrj.com.br\/novo\/wp-json\/wp\/v2\/comments?post=10066"}],"version-history":[{"count":1,"href":"https:\/\/sobedrj.com.br\/novo\/wp-json\/wp\/v2\/posts\/10066\/revisions"}],"predecessor-version":[{"id":10068,"href":"https:\/\/sobedrj.com.br\/novo\/wp-json\/wp\/v2\/posts\/10066\/revisions\/10068"}],"wp:featuredmedia":[{"embeddable":true,"href":"https:\/\/sobedrj.com.br\/novo\/wp-json\/wp\/v2\/media\/7907"}],"wp:attachment":[{"href":"https:\/\/sobedrj.com.br\/novo\/wp-json\/wp\/v2\/media?parent=10066"}],"wp:term":[{"taxonomy":"category","embeddable":true,"href":"https:\/\/sobedrj.com.br\/novo\/wp-json\/wp\/v2\/categories?post=10066"},{"taxonomy":"post_tag","embeddable":true,"href":"https:\/\/sobedrj.com.br\/novo\/wp-json\/wp\/v2\/tags?post=10066"}],"curies":[{"name":"wp","href":"https:\/\/api.w.org\/{rel}","templated":true}]}}