{"id":10377,"date":"2020-07-06T13:14:43","date_gmt":"2020-07-06T13:14:43","guid":{"rendered":"http:\/\/sobedrj.com.br\/novo\/?p=10377"},"modified":"2020-07-13T21:15:21","modified_gmt":"2020-07-13T21:15:21","slug":"sobedrj-realiza-webinar-sobre-esofago-de-barrett-nesta-segunda-feira","status":"publish","type":"post","link":"https:\/\/sobedrj.com.br\/novo\/2020\/07\/06\/sobedrj-realiza-webinar-sobre-esofago-de-barrett-nesta-segunda-feira\/","title":{"rendered":"SOBED-RJ realiza webinar sobre Es\u00f4fago de Barrett nesta segunda-feira"},"content":{"rendered":"<p>A SOBED-RJ realiza nesta segunda-feira, dia 13, webinar que abordar\u00e1 Tratamento do Es\u00f4fago de Barrett. O evento ter\u00e1 in\u00edcio \u00e0s 19h e ter\u00e1 a seguinte programa\u00e7\u00e3o:<\/p>\n<ul>\n<li><em>Abla\u00e7\u00e3o<\/em> GUSTAVO ANDRADE<\/li>\n<li><em>Dissec\u00e7\u00e3o de submucosa<\/em> VITOR ARANTES<\/li>\n<li><em>Cirurgia<\/em> RENATO LUNA<\/li>\n<\/ul>\n<p>A modera\u00e7\u00e3o ser\u00e1 da Dra. Ana Zuccaro.<\/p>\n<p>A transmiss\u00e3o ser\u00e1 feita pela nossa <a href=\"https:\/\/www.facebook.com\/sobedrj.oficial\/\" target=\"_blank\" rel=\"noopener\">p\u00e1gina no Facebook<\/a> e pelo Zoom (sujeito a lota\u00e7\u00e3o).<\/p>\n<p>INSCRI\u00c7\u00d5ES ENCERRADAS<\/p>\n","protected":false},"excerpt":{"rendered":"<p>A SOBED-RJ realiza nesta segunda-feira, dia 13, webinar que abordar\u00e1 Tratamento do Es\u00f4fago de Barrett. O evento ter\u00e1 in\u00edcio \u00e0s 19h e ter\u00e1 a seguinte programa\u00e7\u00e3o: Abla\u00e7\u00e3o GUSTAVO ANDRADE Dissec\u00e7\u00e3o de submucosa VITOR ARANTES Cirurgia RENATO LUNA A modera\u00e7\u00e3o ser\u00e1 da Dra. Ana Zuccaro. A transmiss\u00e3o ser\u00e1 feita pela nossa p\u00e1gina no Facebook e pelo [&hellip;]<\/p>\n","protected":false},"author":1,"featured_media":10379,"comment_status":"closed","ping_status":"open","sticky":false,"template":"","format":"standard","meta":{"ngg_post_thumbnail":0,"footnotes":""},"categories":[2],"tags":[],"class_list":["post-10377","post","type-post","status-publish","format-standard","has-post-thumbnail","hentry","category-noticias"],"aioseo_notices":[],"gutentor_comment":0,"_links":{"self":[{"href":"https:\/\/sobedrj.com.br\/novo\/wp-json\/wp\/v2\/posts\/10377","targetHints":{"allow":["GET"]}}],"collection":[{"href":"https:\/\/sobedrj.com.br\/novo\/wp-json\/wp\/v2\/posts"}],"about":[{"href":"https:\/\/sobedrj.com.br\/novo\/wp-json\/wp\/v2\/types\/post"}],"author":[{"embeddable":true,"href":"https:\/\/sobedrj.com.br\/novo\/wp-json\/wp\/v2\/users\/1"}],"replies":[{"embeddable":true,"href":"https:\/\/sobedrj.com.br\/novo\/wp-json\/wp\/v2\/comments?post=10377"}],"version-history":[{"count":5,"href":"https:\/\/sobedrj.com.br\/novo\/wp-json\/wp\/v2\/posts\/10377\/revisions"}],"predecessor-version":[{"id":10429,"href":"https:\/\/sobedrj.com.br\/novo\/wp-json\/wp\/v2\/posts\/10377\/revisions\/10429"}],"wp:featuredmedia":[{"embeddable":true,"href":"https:\/\/sobedrj.com.br\/novo\/wp-json\/wp\/v2\/media\/10379"}],"wp:attachment":[{"href":"https:\/\/sobedrj.com.br\/novo\/wp-json\/wp\/v2\/media?parent=10377"}],"wp:term":[{"taxonomy":"category","embeddable":true,"href":"https:\/\/sobedrj.com.br\/novo\/wp-json\/wp\/v2\/categories?post=10377"},{"taxonomy":"post_tag","embeddable":true,"href":"https:\/\/sobedrj.com.br\/novo\/wp-json\/wp\/v2\/tags?post=10377"}],"curies":[{"name":"wp","href":"https:\/\/api.w.org\/{rel}","templated":true}]}}