{"id":10915,"date":"2020-09-02T17:20:13","date_gmt":"2020-09-02T17:20:13","guid":{"rendered":"http:\/\/sobedrj.com.br\/novo\/?p=10915"},"modified":"2020-09-02T17:20:13","modified_gmt":"2020-09-02T17:20:13","slug":"eleicaonet-tutorial-de-votacao","status":"publish","type":"post","link":"https:\/\/sobedrj.com.br\/novo\/2020\/09\/02\/eleicaonet-tutorial-de-votacao\/","title":{"rendered":"Elei\u00e7\u00e3oNet: Tutorial de vota\u00e7\u00e3o"},"content":{"rendered":"<p>fonte: SOBED<\/p>\n<p>Estamos pr\u00f3ximos \u00e0s elei\u00e7\u00f5es das Unidades Estaduais SOBED. Montamos um tutorial para que voc\u00ea entenda como votar na plataforma online.<\/p>\n<p>A condi\u00e7\u00e3o para votar \u00e9\u00a0<strong>MEMBRO TITULAR ADIMPLENTE<\/strong><\/p>\n<p>Durante o per\u00edodo eleitoral, equipe da SOBED estar\u00e1 a disposi\u00e7\u00e3o para atend\u00ea-los atrav\u00e9s do e-mail associados@sobed.org.br ou pelo corporativo da SOBED\u00a0<strong>11 97543 1561,\u00a0exclusivamente whatsapp<\/strong>.<\/p>\n<p>Na pr\u00f3xima sexta-feira, dia\u00a0<strong>4 de setembro<\/strong>,\u00a0voc\u00ea receber\u00e1 pelo e-mail atualizado na base da SOBED uma senha\u00a0<strong>PROVIS\u00d3RIA.<\/strong><\/p>\n<p>A partir da\u00ed, siga os seguintes passos:<\/p>\n<p>1. Inclua seu e-mail e a senha\u00a0<strong>PROVIS\u00d3RIA<\/strong>,\u00a0clique &#8220;n\u00e3o sou rob\u00f4&#8221; e\u00a0<strong>&#8220;CONFIRMAR&#8221;<\/strong><\/p>\n<p><a href=\"http:\/\/sobedrj.com.br\/novo\/wp-content\/uploads\/2020\/09\/eleicao2.png\" rel=\"lightbox[10915]\"><img loading=\"lazy\" decoding=\"async\" class=\"aligncenter wp-image-10917 size-large\" src=\"http:\/\/sobedrj.com.br\/novo\/wp-content\/uploads\/2020\/09\/eleicao2-1024x717.png\" alt=\"\" width=\"600\" height=\"420\" srcset=\"https:\/\/sobedrj.com.br\/novo\/wp-content\/uploads\/2020\/09\/eleicao2-1024x717.png 1024w, https:\/\/sobedrj.com.br\/novo\/wp-content\/uploads\/2020\/09\/eleicao2-300x210.png 300w, https:\/\/sobedrj.com.br\/novo\/wp-content\/uploads\/2020\/09\/eleicao2-768x538.png 768w, https:\/\/sobedrj.com.br\/novo\/wp-content\/uploads\/2020\/09\/eleicao2-600x420.png 600w, https:\/\/sobedrj.com.br\/novo\/wp-content\/uploads\/2020\/09\/eleicao2-1200x841.png 1200w, https:\/\/sobedrj.com.br\/novo\/wp-content\/uploads\/2020\/09\/eleicao2.png 1606w\" sizes=\"auto, (max-width: 600px) 100vw, 600px\" \/><\/a><\/p>\n<p>2. Para votar com seguran\u00e7a,\u00a0<strong>voc\u00ea dever\u00e1 registrar\u00a0uma nova senha<\/strong>.\u00a0Informe a nova senha, confirme-a e valide com seu CPF. Clique em\u00a0<strong>CONFIRMAR<\/strong><\/p>\n<p><a href=\"http:\/\/sobedrj.com.br\/novo\/wp-content\/uploads\/2020\/09\/eleicao3.png\" rel=\"lightbox[10915]\"><img loading=\"lazy\" decoding=\"async\" class=\"aligncenter size-large wp-image-10918\" src=\"http:\/\/sobedrj.com.br\/novo\/wp-content\/uploads\/2020\/09\/eleicao3-1024x674.png\" alt=\"\" width=\"600\" height=\"395\" srcset=\"https:\/\/sobedrj.com.br\/novo\/wp-content\/uploads\/2020\/09\/eleicao3-1024x674.png 1024w, https:\/\/sobedrj.com.br\/novo\/wp-content\/uploads\/2020\/09\/eleicao3-300x198.png 300w, https:\/\/sobedrj.com.br\/novo\/wp-content\/uploads\/2020\/09\/eleicao3-768x506.png 768w, https:\/\/sobedrj.com.br\/novo\/wp-content\/uploads\/2020\/09\/eleicao3-600x395.png 600w, https:\/\/sobedrj.com.br\/novo\/wp-content\/uploads\/2020\/09\/eleicao3-1200x790.png 1200w, https:\/\/sobedrj.com.br\/novo\/wp-content\/uploads\/2020\/09\/eleicao3.png 1708w\" sizes=\"auto, (max-width: 600px) 100vw, 600px\" \/><\/a><\/p>\n<p><strong>OBS:\u00a0<\/strong>o sistema de vota\u00e7\u00e3o ser\u00e1 aberto as<strong>\u00a09h00 do dia 7 de setembro<\/strong>\u00a0(hor\u00e1rio de Brasilia)<\/p>\n<p>3. Leia atentamente as instru\u00e7\u00f5es no quadro seguinte e clique em\u00a0<strong>&#8220;VOTAR&#8221;<\/strong><\/p>\n<p><a href=\"http:\/\/sobedrj.com.br\/novo\/wp-content\/uploads\/2020\/09\/eleicao4.png\" rel=\"lightbox[10915]\"><img loading=\"lazy\" decoding=\"async\" class=\"aligncenter size-large wp-image-10919\" src=\"http:\/\/sobedrj.com.br\/novo\/wp-content\/uploads\/2020\/09\/eleicao4-1024x643.png\" alt=\"\" width=\"600\" height=\"377\" srcset=\"https:\/\/sobedrj.com.br\/novo\/wp-content\/uploads\/2020\/09\/eleicao4-1024x643.png 1024w, https:\/\/sobedrj.com.br\/novo\/wp-content\/uploads\/2020\/09\/eleicao4-300x188.png 300w, https:\/\/sobedrj.com.br\/novo\/wp-content\/uploads\/2020\/09\/eleicao4-768x482.png 768w, https:\/\/sobedrj.com.br\/novo\/wp-content\/uploads\/2020\/09\/eleicao4-600x377.png 600w, https:\/\/sobedrj.com.br\/novo\/wp-content\/uploads\/2020\/09\/eleicao4-1200x753.png 1200w, https:\/\/sobedrj.com.br\/novo\/wp-content\/uploads\/2020\/09\/eleicao4.png 1544w\" sizes=\"auto, (max-width: 600px) 100vw, 600px\" \/><\/a><\/p>\n<p>OBS: Usamos como modelo o Diret\u00f3rio SOBED SP, por ter mais de uma op\u00e7\u00e3o de escolha. \u00c9 meramente did\u00e1tico.<\/p>\n<p>4. Selecione a chapa que vai votar (apenas uma) e\u00a0<strong>CONFIRMAR.<\/strong>\u00a0Caso n\u00e3o seja sua escolha, voc\u00ea poder\u00e1 optar por voto\u00a0<strong>BRANCO<\/strong>\u00a0ou voto\u00a0<strong>NULO<\/strong>.<\/p>\n<p><a href=\"http:\/\/sobedrj.com.br\/novo\/wp-content\/uploads\/2020\/09\/eleicao5.png\" rel=\"lightbox[10915]\"><img loading=\"lazy\" decoding=\"async\" class=\"aligncenter size-large wp-image-10920\" src=\"http:\/\/sobedrj.com.br\/novo\/wp-content\/uploads\/2020\/09\/eleicao5-1024x520.png\" alt=\"\" width=\"600\" height=\"305\" srcset=\"https:\/\/sobedrj.com.br\/novo\/wp-content\/uploads\/2020\/09\/eleicao5-1024x520.png 1024w, https:\/\/sobedrj.com.br\/novo\/wp-content\/uploads\/2020\/09\/eleicao5-300x152.png 300w, https:\/\/sobedrj.com.br\/novo\/wp-content\/uploads\/2020\/09\/eleicao5-768x390.png 768w, https:\/\/sobedrj.com.br\/novo\/wp-content\/uploads\/2020\/09\/eleicao5-600x305.png 600w, https:\/\/sobedrj.com.br\/novo\/wp-content\/uploads\/2020\/09\/eleicao5-1200x609.png 1200w, https:\/\/sobedrj.com.br\/novo\/wp-content\/uploads\/2020\/09\/eleicao5.png 2022w\" sizes=\"auto, (max-width: 600px) 100vw, 600px\" \/><\/a><\/p>\n<p>5. Selecione o candidato a Conselho Fiscal (apenas um) e clicar em\u00a0<strong>CONFIRMAR.<\/strong>\u00a0Neste item voc\u00ea tamb\u00e9m poder\u00e1 optar por voto\u00a0<strong>BRANCO<\/strong>\u00a0ou voto\u00a0<strong>NULO<\/strong>.<\/p>\n<p><a href=\"http:\/\/sobedrj.com.br\/novo\/wp-content\/uploads\/2020\/09\/eleicao6.png\" rel=\"lightbox[10915]\"><img loading=\"lazy\" decoding=\"async\" class=\"aligncenter size-large wp-image-10921\" src=\"http:\/\/sobedrj.com.br\/novo\/wp-content\/uploads\/2020\/09\/eleicao6-964x1024.png\" alt=\"\" width=\"600\" height=\"637\" srcset=\"https:\/\/sobedrj.com.br\/novo\/wp-content\/uploads\/2020\/09\/eleicao6-964x1024.png 964w, https:\/\/sobedrj.com.br\/novo\/wp-content\/uploads\/2020\/09\/eleicao6-282x300.png 282w, https:\/\/sobedrj.com.br\/novo\/wp-content\/uploads\/2020\/09\/eleicao6-768x816.png 768w, https:\/\/sobedrj.com.br\/novo\/wp-content\/uploads\/2020\/09\/eleicao6-600x637.png 600w, https:\/\/sobedrj.com.br\/novo\/wp-content\/uploads\/2020\/09\/eleicao6.png 1059w\" sizes=\"auto, (max-width: 600px) 100vw, 600px\" \/><\/a><\/p>\n<p>6. Verifique seu voto. Se for necess\u00e1rio revisar,\u00a0<strong>ANTES<\/strong>\u00a0de confirmar com sua senha de vota\u00e7\u00e3o, clique no bot\u00e3o\u00a0<strong>CORRIGIR.\u00a0<\/strong>Se tem certeza do seu voto, clique no bot\u00e3o\u00a0<strong>CONFIRMAR<\/strong><\/p>\n<p><a href=\"http:\/\/sobedrj.com.br\/novo\/wp-content\/uploads\/2020\/09\/eleicao7.png\" rel=\"lightbox[10915]\"><img loading=\"lazy\" decoding=\"async\" class=\"aligncenter size-large wp-image-10922\" src=\"http:\/\/sobedrj.com.br\/novo\/wp-content\/uploads\/2020\/09\/eleicao7-1024x516.png\" alt=\"\" width=\"600\" height=\"302\" srcset=\"https:\/\/sobedrj.com.br\/novo\/wp-content\/uploads\/2020\/09\/eleicao7-1024x516.png 1024w, https:\/\/sobedrj.com.br\/novo\/wp-content\/uploads\/2020\/09\/eleicao7-300x151.png 300w, https:\/\/sobedrj.com.br\/novo\/wp-content\/uploads\/2020\/09\/eleicao7-768x387.png 768w, https:\/\/sobedrj.com.br\/novo\/wp-content\/uploads\/2020\/09\/eleicao7-600x302.png 600w, https:\/\/sobedrj.com.br\/novo\/wp-content\/uploads\/2020\/09\/eleicao7-1200x605.png 1200w, https:\/\/sobedrj.com.br\/novo\/wp-content\/uploads\/2020\/09\/eleicao7.png 1840w\" sizes=\"auto, (max-width: 600px) 100vw, 600px\" \/><\/a><\/p>\n<p>7. Espere a emiss\u00e3o do seu comprovante de voto.<\/p>\n<p><a href=\"http:\/\/sobedrj.com.br\/novo\/wp-content\/uploads\/2020\/09\/eleicao8.jpg\" rel=\"lightbox[10915]\"><img loading=\"lazy\" decoding=\"async\" class=\"aligncenter size-large wp-image-10923\" src=\"http:\/\/sobedrj.com.br\/novo\/wp-content\/uploads\/2020\/09\/eleicao8-1024x700.jpg\" alt=\"\" width=\"600\" height=\"410\" srcset=\"https:\/\/sobedrj.com.br\/novo\/wp-content\/uploads\/2020\/09\/eleicao8-1024x700.jpg 1024w, https:\/\/sobedrj.com.br\/novo\/wp-content\/uploads\/2020\/09\/eleicao8-300x205.jpg 300w, https:\/\/sobedrj.com.br\/novo\/wp-content\/uploads\/2020\/09\/eleicao8-768x525.jpg 768w, https:\/\/sobedrj.com.br\/novo\/wp-content\/uploads\/2020\/09\/eleicao8-600x410.jpg 600w, https:\/\/sobedrj.com.br\/novo\/wp-content\/uploads\/2020\/09\/eleicao8-1200x820.jpg 1200w, https:\/\/sobedrj.com.br\/novo\/wp-content\/uploads\/2020\/09\/eleicao8.jpg 1245w\" sizes=\"auto, (max-width: 600px) 100vw, 600px\" \/><\/a><\/p>\n<p>Apenas\u00a0<strong>MEMBROS TITULARES ADIMPLENTES<\/strong>\u00a0est\u00e3o aptos para votar. Exer\u00e7a seu direito de voto elegendo a Diretoria e Conselho Fiscal da sua Unidade Estadual.<\/p>\n<p>Um abra\u00e7o!<\/p>\n<p>Dr. Carlos Marcelo Dotti<\/p>\n<p>Presidente Comiss\u00e3o Regimentos, Estatutos e Eleitoral<\/p>\n","protected":false},"excerpt":{"rendered":"<p>fonte: SOBED Estamos pr\u00f3ximos \u00e0s elei\u00e7\u00f5es das Unidades Estaduais SOBED. Montamos um tutorial para que voc\u00ea entenda como votar na plataforma online. A condi\u00e7\u00e3o para votar \u00e9\u00a0MEMBRO TITULAR ADIMPLENTE Durante o per\u00edodo eleitoral, equipe da SOBED estar\u00e1 a disposi\u00e7\u00e3o para atend\u00ea-los atrav\u00e9s do e-mail associados@sobed.org.br ou pelo corporativo da SOBED\u00a011 97543 1561,\u00a0exclusivamente whatsapp. Na pr\u00f3xima [&hellip;]<\/p>\n","protected":false},"author":1,"featured_media":10924,"comment_status":"closed","ping_status":"open","sticky":false,"template":"","format":"standard","meta":{"ngg_post_thumbnail":0,"footnotes":""},"categories":[2],"tags":[],"class_list":["post-10915","post","type-post","status-publish","format-standard","has-post-thumbnail","hentry","category-noticias"],"aioseo_notices":[],"gutentor_comment":0,"_links":{"self":[{"href":"https:\/\/sobedrj.com.br\/novo\/wp-json\/wp\/v2\/posts\/10915","targetHints":{"allow":["GET"]}}],"collection":[{"href":"https:\/\/sobedrj.com.br\/novo\/wp-json\/wp\/v2\/posts"}],"about":[{"href":"https:\/\/sobedrj.com.br\/novo\/wp-json\/wp\/v2\/types\/post"}],"author":[{"embeddable":true,"href":"https:\/\/sobedrj.com.br\/novo\/wp-json\/wp\/v2\/users\/1"}],"replies":[{"embeddable":true,"href":"https:\/\/sobedrj.com.br\/novo\/wp-json\/wp\/v2\/comments?post=10915"}],"version-history":[{"count":1,"href":"https:\/\/sobedrj.com.br\/novo\/wp-json\/wp\/v2\/posts\/10915\/revisions"}],"predecessor-version":[{"id":10925,"href":"https:\/\/sobedrj.com.br\/novo\/wp-json\/wp\/v2\/posts\/10915\/revisions\/10925"}],"wp:featuredmedia":[{"embeddable":true,"href":"https:\/\/sobedrj.com.br\/novo\/wp-json\/wp\/v2\/media\/10924"}],"wp:attachment":[{"href":"https:\/\/sobedrj.com.br\/novo\/wp-json\/wp\/v2\/media?parent=10915"}],"wp:term":[{"taxonomy":"category","embeddable":true,"href":"https:\/\/sobedrj.com.br\/novo\/wp-json\/wp\/v2\/categories?post=10915"},{"taxonomy":"post_tag","embeddable":true,"href":"https:\/\/sobedrj.com.br\/novo\/wp-json\/wp\/v2\/tags?post=10915"}],"curies":[{"name":"wp","href":"https:\/\/api.w.org\/{rel}","templated":true}]}}