{"id":11105,"date":"2020-10-05T12:51:45","date_gmt":"2020-10-05T12:51:45","guid":{"rendered":"http:\/\/sobedrj.com.br\/novo\/?p=11105"},"modified":"2020-10-05T20:45:13","modified_gmt":"2020-10-05T20:45:13","slug":"sobed-convoca-para-assembleia-geral-extraordinaria-para-reforma-do-estatuto","status":"publish","type":"post","link":"https:\/\/sobedrj.com.br\/novo\/2020\/10\/05\/sobed-convoca-para-assembleia-geral-extraordinaria-para-reforma-do-estatuto\/","title":{"rendered":"SOBED convoca para Assembleia Geral Extraordin\u00e1ria para reforma do estatuto"},"content":{"rendered":"<p>fonte: SOBED<\/p>\n<p class=\"bodytext\">A Pandemia por Corona v\u00edrus tem mudado as rotinas e os compromissos das Associa\u00e7\u00f5es M\u00e9dicas.<\/p>\n<p class=\"bodytext\">Desde mar\u00e7o, congressos e cursos presenciais foram cancelados ou adiados, qualquer tipo de encontro ou reuni\u00f5es que provocassem aglomera\u00e7\u00f5es, proibidas pelas ag\u00eancias de sa\u00fade mundiais.<\/p>\n<p class=\"bodytext\">O governo brasileiro trouxe uma alternativa para minimizar o impacto organizacional referente as reuni\u00f5es institucionais, assembleias e afins. Sancionada em 10 de junho deste ano, a Lei n\u00ba 14.010*, abriu um espa\u00e7o para que as reuni\u00f5es pudessem ser realizadas a dist\u00e2ncia, cumprindo os deveres institucionais de cada entidade.<\/p>\n<p class=\"bodytext\">Desde ent\u00e3o as Assembleias Ordin\u00e1rias e Extraordin\u00e1rias foram convocadas e realizadas a dist\u00e2ncia. As empresas de tecnologia especializadas em audiovisual atualizaram seu portf\u00f3lio e hoje estas reuni\u00f5es s\u00e3o feitas com seguran\u00e7a e privacidade, tendo a confidencialidade dos dados e processos de vota\u00e7\u00e3o.<\/p>\n<p class=\"bodytext\">Neste contexto, a SOBED, visando as necessidades de enquadramento no seu estatuto inclusive, na delibera\u00e7\u00e3o de assembleias e demais reuni\u00f5es institucionais al\u00e9m do presencial, as reuni\u00f5es virtuais, publicou a convoca\u00e7\u00e3o de sua AGE \u2013 Assembleia Geral Extraordin\u00e1ria no dia 30\/9\/2020 para todos os seus associados.<\/p>\n<p class=\"bodytext\">A ordem do dia \u00e9 a vota\u00e7\u00e3o da reforma do Estatuto, que estar\u00e1 em consulta p\u00fablica atrav\u00e9s de seu portal.<\/p>\n<p class=\"bodytext\">O presidente da SOBED, dr. Jairo Silva Alves comenta: \u201ca reforma do estatuto \u00e9 a li\u00e7\u00e3o de casa que trouxemos da \u00faltima assembleia, realizada em Fortaleza. Hav\u00edamos previsto essa AGE logo ap\u00f3s as elei\u00e7\u00f5es Estaduais, as quais tamb\u00e9m foram virtuais e, como \u00e9 um assunto que merece toda a aten\u00e7\u00e3o do SOBEDiano, deliberamos em reuni\u00e3o de diretoria que o ideal seria separar da AGO, que ter\u00e1 o tempo reduzido durante a SBAD. Esperamos que todos os SOBEDianos consultem a proposta e possam votar no dia 30\/10\/2020\u201d.<\/p>\n<p class=\"bodytext\">Durante o m\u00eas de outubro, a SOBED usar\u00e1 suas m\u00eddias digitais e o portal, al\u00e9m de comunicados por e-mail para detalhamento sobre a Consulta P\u00fablica e funcionamento da AGE.<\/p>\n<p class=\"bodytext\">Consulte agora o Edital de Convoca\u00e7\u00e3o.\u00a0<a href=\"https:\/\/www.sobed.org.br\/fileadmin\/user_upload\/sobed\/2020\/10\/01\/EDITAL_CONVOCACAO_AGE_ESTATUTO_SET_2020__r2___4_.pdf\" target=\"_blank\" rel=\"noopener\">Clique aqui.<\/a><\/p>\n<p class=\"bodytext\">*Lei n\u00ba 14.010, de 10 de junho de 2020<\/p>\n<p class=\"bodytext\">CAP\u00cdTULO III<\/p>\n<p class=\"bodytext\">DAS PESSOAS JUR\u00cdDICAS DE DIREITO PRIVADO<\/p>\n<p class=\"bodytext\">Art. 5\u00ba A assembleia geral, inclusive para os fins do art. 59 do C\u00f3digo Civil, at\u00e9 30 de outubro de 2020, poder\u00e1 ser realizada por meios eletr\u00f4nicos, independentemente de previs\u00e3o nos atos constitutivos da pessoa jur\u00eddica.<\/p>\n<p class=\"bodytext\">Par\u00e1grafo \u00fanico. A manifesta\u00e7\u00e3o dos participantes poder\u00e1 ocorrer por qualquer meio eletr\u00f4nico indicado pelo administrador, que assegure a identifica\u00e7\u00e3o do participante e a seguran\u00e7a do voto, e produzir\u00e1 todos os efeitos legais de uma assinatura.<\/p>\n","protected":false},"excerpt":{"rendered":"<p>fonte: SOBED A Pandemia por Corona v\u00edrus tem mudado as rotinas e os compromissos das Associa\u00e7\u00f5es M\u00e9dicas. Desde mar\u00e7o, congressos e cursos presenciais foram cancelados ou adiados, qualquer tipo de encontro ou reuni\u00f5es que provocassem aglomera\u00e7\u00f5es, proibidas pelas ag\u00eancias de sa\u00fade mundiais. O governo brasileiro trouxe uma alternativa para minimizar o impacto organizacional referente as [&hellip;]<\/p>\n","protected":false},"author":1,"featured_media":11107,"comment_status":"closed","ping_status":"open","sticky":false,"template":"","format":"standard","meta":{"ngg_post_thumbnail":0,"footnotes":""},"categories":[2],"tags":[],"class_list":["post-11105","post","type-post","status-publish","format-standard","has-post-thumbnail","hentry","category-noticias"],"aioseo_notices":[],"gutentor_comment":0,"_links":{"self":[{"href":"https:\/\/sobedrj.com.br\/novo\/wp-json\/wp\/v2\/posts\/11105","targetHints":{"allow":["GET"]}}],"collection":[{"href":"https:\/\/sobedrj.com.br\/novo\/wp-json\/wp\/v2\/posts"}],"about":[{"href":"https:\/\/sobedrj.com.br\/novo\/wp-json\/wp\/v2\/types\/post"}],"author":[{"embeddable":true,"href":"https:\/\/sobedrj.com.br\/novo\/wp-json\/wp\/v2\/users\/1"}],"replies":[{"embeddable":true,"href":"https:\/\/sobedrj.com.br\/novo\/wp-json\/wp\/v2\/comments?post=11105"}],"version-history":[{"count":1,"href":"https:\/\/sobedrj.com.br\/novo\/wp-json\/wp\/v2\/posts\/11105\/revisions"}],"predecessor-version":[{"id":11108,"href":"https:\/\/sobedrj.com.br\/novo\/wp-json\/wp\/v2\/posts\/11105\/revisions\/11108"}],"wp:featuredmedia":[{"embeddable":true,"href":"https:\/\/sobedrj.com.br\/novo\/wp-json\/wp\/v2\/media\/11107"}],"wp:attachment":[{"href":"https:\/\/sobedrj.com.br\/novo\/wp-json\/wp\/v2\/media?parent=11105"}],"wp:term":[{"taxonomy":"category","embeddable":true,"href":"https:\/\/sobedrj.com.br\/novo\/wp-json\/wp\/v2\/categories?post=11105"},{"taxonomy":"post_tag","embeddable":true,"href":"https:\/\/sobedrj.com.br\/novo\/wp-json\/wp\/v2\/tags?post=11105"}],"curies":[{"name":"wp","href":"https:\/\/api.w.org\/{rel}","templated":true}]}}