{"id":11170,"date":"2020-10-13T11:24:28","date_gmt":"2020-10-13T11:24:28","guid":{"rendered":"http:\/\/sobedrj.com.br\/novo\/?p=11170"},"modified":"2020-10-20T19:35:09","modified_gmt":"2020-10-20T19:35:09","slug":"pesquisa-avalia-impacto-da-pandemia-na-vida-dos-medicos","status":"publish","type":"post","link":"https:\/\/sobedrj.com.br\/novo\/2020\/10\/13\/pesquisa-avalia-impacto-da-pandemia-na-vida-dos-medicos\/","title":{"rendered":"Pesquisa avalia impacto da pandemia na vida dos m\u00e9dicos"},"content":{"rendered":"<p>fonte: AMB<\/p>\n<p><span data-contrast=\"auto\">A Associa\u00e7\u00e3o M\u00e9dica Brasileira (AMB) e a Sociedade Brasileira de Cardiologia (SBC) se uniram\u00a0<\/span><span data-contrast=\"auto\">para realizar\u00a0<\/span><span data-contrast=\"auto\">a pesquisa PSYQUALY-COVID, um estudo que vai avaliar o impacto da pandemia\u00a0<\/span><span data-contrast=\"auto\">no dia a dia dos<\/span><span data-contrast=\"auto\">\u00a0m\u00e9dicos.\u00a0\u00a0<\/span><span data-contrast=\"auto\">O resultado da\u00a0<\/span><span data-contrast=\"auto\">pesquisa<\/span><span data-contrast=\"auto\">\u00a0vai n<\/span><span data-contrast=\"auto\">ortear\u00a0<\/span><span data-contrast=\"auto\">as\u00a0<\/span><span data-contrast=\"auto\">a\u00e7\u00f5es das entidades m\u00e9dicas<\/span><span data-contrast=\"auto\">\u00a0em prol dos m\u00e9dicos<\/span><span data-contrast=\"auto\">.<\/span><span data-ccp-props=\"{&quot;201341983&quot;:0,&quot;335559739&quot;:160,&quot;335559740&quot;:259}\">\u00a0<\/span><\/p>\n<p><span data-contrast=\"auto\">O\u00a0<\/span><span data-contrast=\"auto\">objetivo\u00a0<\/span><span data-contrast=\"auto\">da PSYQUALY-COVID<\/span><span data-contrast=\"auto\">, direcionada<\/span><span data-contrast=\"auto\">\u00a0exclusivamente para os m\u00e9dicos,<\/span><span data-contrast=\"auto\">\u00a0<\/span><span data-contrast=\"auto\">\u00e9 avaliar o\u00a0<\/span><span data-contrast=\"auto\">psicotrauma<\/span><span data-contrast=\"auto\">, a resili\u00eancia e a qualidade de vida dos m\u00e9dicos brasileiros durante a pandemia de COVID-19, tendo como justificativa a necessidade de se conhecer os reflexos desse contexto na sa\u00fade desses profissionais.\u00a0<\/span><span data-contrast=\"auto\">\u00a0<\/span><span data-ccp-props=\"{&quot;201341983&quot;:0,&quot;335559739&quot;:160,&quot;335559740&quot;:259}\">\u00a0<\/span><\/p>\n<p><span data-contrast=\"auto\">Marcus Bol\u00edvar\u00a0Malachias, coordenador da pesquisa e professor da Faculdade Ci\u00eancias M\u00e9dicas de Minas Gerais<\/span><span data-contrast=\"auto\">,<\/span><span data-contrast=\"auto\">\u00a0pontua que s\u00e3o muitas as condi\u00e7\u00f5es que podem afetar a qualidade de vida e o equil\u00edbrio emocional desses profissionais. \u201cComo a possibilidade de dano moral, a preocupa\u00e7\u00e3o com a responsabilidade legal, o temor de exposi\u00e7\u00e3o de membros da fam\u00edlia vulner\u00e1veis \u00e0 infec\u00e7\u00e3o, e at\u00e9 as transfer\u00eancias de locais de trabalho para atuar em ambientes n\u00e3o habituais. Todos esses pontos s\u00e3o avaliados no estudo\u201d, aponta o cardiologista.<\/span><span data-contrast=\"auto\">\u00a0<\/span><span data-ccp-props=\"{&quot;201341983&quot;:0,&quot;335559739&quot;:160,&quot;335559740&quot;:259}\">\u00a0<\/span><\/p>\n<p><span data-contrast=\"auto\">\u201cO estudo<\/span><span data-contrast=\"auto\">\u00a0<\/span><span data-contrast=\"auto\">est\u00e1 sendo enviado para os m\u00e9dicos de todas as especialidades e de todo o Brasil<\/span><span data-contrast=\"auto\">.\u00a0<\/span><span data-contrast=\"auto\">C<\/span><span data-contrast=\"auto\">onta<\/span><span data-contrast=\"auto\">mos<\/span><span data-contrast=\"auto\">\u00a0com a participa\u00e7\u00e3o de todos, independente se\u00a0<\/span><span data-contrast=\"auto\">estejam envolvidos diretamente ou n\u00e3o no atendimento dos pacientes com COVID-19\u201d, explica Lincoln Ferreira, presidente d<\/span><span data-contrast=\"auto\">a AMB.\u00a0<\/span><span data-contrast=\"auto\">\u00a0<\/span><span data-ccp-props=\"{&quot;201341983&quot;:0,&quot;335559739&quot;:160,&quot;335559740&quot;:259}\">\u00a0<\/span><\/p>\n<p><span data-contrast=\"none\">Segundo Marcelo Queiroga, presidente da SBC, \u201cembora j\u00e1 existam algumas pesquisas sendo realizadas sobre o tema, a PSYQUALY-COVID foi estruturada com todo o rigor cient\u00edfico, utilizando question\u00e1rios estruturados e validados para fazer o mais amplo diagn\u00f3stico do impacto psicossocial da pandemia sobre os m\u00e9dicos do pa\u00eds.\u201d<\/span><span data-ccp-props=\"{&quot;201341983&quot;:0,&quot;335559739&quot;:160,&quot;335559740&quot;:259}\">\u00a0<\/span><\/p>\n<p><span data-contrast=\"auto\">Os resultados da pesquisa dever\u00e3o ser publicados no fim d<\/span><span data-contrast=\"auto\">esse<\/span><span data-contrast=\"auto\">\u00a0ano<\/span><span data-contrast=\"auto\">. Acesse a pesquisa<\/span><span data-contrast=\"auto\">\u00a0no link\u00a0<\/span><span data-contrast=\"none\"><a href=\"https:\/\/cardiol.typeform.com\/to\/g74z9E8k\" target=\"_blank\" rel=\"noopener noreferrer\">https:\/\/cardiol.typeform.com\/to\/g74z9E8k<\/a>.\u00a0<\/span><span data-ccp-props=\"{&quot;201341983&quot;:0,&quot;335551550&quot;:1,&quot;335551620&quot;:1,&quot;335559739&quot;:160,&quot;335559740&quot;:259}\">\u00a0<\/span><\/p>\n<p><span data-contrast=\"auto\">Participe<\/span><span data-contrast=\"auto\">, sua contribui\u00e7\u00e3o \u00e9 muito importante!<\/span><span data-ccp-props=\"{&quot;201341983&quot;:0,&quot;335559739&quot;:160,&quot;335559740&quot;:259}\">\u00a0<\/span><\/p>\n","protected":false},"excerpt":{"rendered":"<p>fonte: AMB A Associa\u00e7\u00e3o M\u00e9dica Brasileira (AMB) e a Sociedade Brasileira de Cardiologia (SBC) se uniram\u00a0para realizar\u00a0a pesquisa PSYQUALY-COVID, um estudo que vai avaliar o impacto da pandemia\u00a0no dia a dia dos\u00a0m\u00e9dicos.\u00a0\u00a0O resultado da\u00a0pesquisa\u00a0vai nortear\u00a0as\u00a0a\u00e7\u00f5es das entidades m\u00e9dicas\u00a0em prol dos m\u00e9dicos.\u00a0 O\u00a0objetivo\u00a0da PSYQUALY-COVID, direcionada\u00a0exclusivamente para os m\u00e9dicos,\u00a0\u00e9 avaliar o\u00a0psicotrauma, a resili\u00eancia e a qualidade de [&hellip;]<\/p>\n","protected":false},"author":1,"featured_media":11172,"comment_status":"closed","ping_status":"open","sticky":false,"template":"","format":"standard","meta":{"ngg_post_thumbnail":0,"footnotes":""},"categories":[2],"tags":[],"class_list":["post-11170","post","type-post","status-publish","format-standard","has-post-thumbnail","hentry","category-noticias"],"aioseo_notices":[],"gutentor_comment":0,"_links":{"self":[{"href":"https:\/\/sobedrj.com.br\/novo\/wp-json\/wp\/v2\/posts\/11170","targetHints":{"allow":["GET"]}}],"collection":[{"href":"https:\/\/sobedrj.com.br\/novo\/wp-json\/wp\/v2\/posts"}],"about":[{"href":"https:\/\/sobedrj.com.br\/novo\/wp-json\/wp\/v2\/types\/post"}],"author":[{"embeddable":true,"href":"https:\/\/sobedrj.com.br\/novo\/wp-json\/wp\/v2\/users\/1"}],"replies":[{"embeddable":true,"href":"https:\/\/sobedrj.com.br\/novo\/wp-json\/wp\/v2\/comments?post=11170"}],"version-history":[{"count":1,"href":"https:\/\/sobedrj.com.br\/novo\/wp-json\/wp\/v2\/posts\/11170\/revisions"}],"predecessor-version":[{"id":11173,"href":"https:\/\/sobedrj.com.br\/novo\/wp-json\/wp\/v2\/posts\/11170\/revisions\/11173"}],"wp:featuredmedia":[{"embeddable":true,"href":"https:\/\/sobedrj.com.br\/novo\/wp-json\/wp\/v2\/media\/11172"}],"wp:attachment":[{"href":"https:\/\/sobedrj.com.br\/novo\/wp-json\/wp\/v2\/media?parent=11170"}],"wp:term":[{"taxonomy":"category","embeddable":true,"href":"https:\/\/sobedrj.com.br\/novo\/wp-json\/wp\/v2\/categories?post=11170"},{"taxonomy":"post_tag","embeddable":true,"href":"https:\/\/sobedrj.com.br\/novo\/wp-json\/wp\/v2\/tags?post=11170"}],"curies":[{"name":"wp","href":"https:\/\/api.w.org\/{rel}","templated":true}]}}