{"id":11626,"date":"2021-02-07T12:32:58","date_gmt":"2021-02-07T12:32:58","guid":{"rendered":"http:\/\/sobedrj.com.br\/novo\/?p=11626"},"modified":"2021-02-08T22:11:53","modified_gmt":"2021-02-08T22:11:53","slug":"projeto-permite-acumulo-de-beneficio-previdenciario-com-origem-na-covid-19","status":"publish","type":"post","link":"https:\/\/sobedrj.com.br\/novo\/2021\/02\/07\/projeto-permite-acumulo-de-beneficio-previdenciario-com-origem-na-covid-19\/","title":{"rendered":"Projeto permite ac\u00famulo de benef\u00edcio previdenci\u00e1rio com origem na Covid-19"},"content":{"rendered":"<p>Fonte: Ag\u00eancia C\u00e2mara de Not\u00edcias<\/p>\n<p>O Projeto de Lei Complementar 153\/20 permite ao segurado do Regime Geral de Previd\u00eancia Social acumular o recebimento de dois benef\u00edcios previdenci\u00e1rios, pens\u00e3o por morte e aposentadoria, desde que um deles decorra de morte ou incapacidade permanente provocada pela Covid-19. O texto tramita na C\u00e2mara dos Deputados.<\/p>\n<p>A proposta determina ainda que ambos os benef\u00edcios ser\u00e3o pagos integralmente mesmo ap\u00f3s a pandemia, desde que a infec\u00e7\u00e3o que deu origem a um dos benef\u00edcios tenha ocorrido durante o estado de calamidade em sa\u00fade p\u00fablica previsto na Lei 13.979\/20, que estabelece medidas emergenciais de combate ao novo coronav\u00edrus.<\/p>\n<p>Autora do projeto, a deputada <a href=\"https:\/\/www.camara.leg.br\/deputados\/81297\">Dra. Soraya Manato (PSL-ES)<\/a> lembra que a <a href=\"https:\/\/www2.camara.leg.br\/legin\/fed\/emecon\/2019\/emendaconstitucional-103-12-novembro-2019-789412-norma-pl.html\">Reforma da Previd\u00eancia<\/a> limitou os valores de aposentadorias e pens\u00f5es que podem ser acumulados. Embora tenha autorizado a acumula\u00e7\u00e3o de pens\u00e3o deixada por c\u00f4njuge ou companheiro com aposentadoria, a emenda estipulou que apenas o benef\u00edcio mais vantajoso deve ser pago integralmente, sendo devidos 10% a 60% do benef\u00edcio de menor valor.<\/p>\n<p>\u201cN\u00e3o \u00e9 justo que profissionais que se arriscam cotidianamente para exercer atividades essenciais, como profissionais da \u00e1rea de sa\u00fade e seus dependentes, sejam prejudicados pela aplica\u00e7\u00e3o dessa limita\u00e7\u00e3o de rendimentos. O mesmo \u00e9 v\u00e1lido para todas as aposentadorias por incapacidade permanente decorrentes da Covid-19\u201d, sustenta a deputada.<\/p>\n<p>Ela acrescenta que todos os empregados, seja da iniciativa privada ou de entes p\u00fablicos sem regime pr\u00f3prio de previd\u00eancia, s\u00e3o segurados obrigat\u00f3rios do Regime Geral, contribuindo com al\u00edquotas de 7,5% a 14% sobre o respectivo sal\u00e1rio de contribui\u00e7\u00e3o. &#8220;N\u00e3o \u00e9 nenhum favor, portanto, que os benef\u00edcios sejam pagos de forma integral, uma vez que est\u00e3o lastreados por contribui\u00e7\u00f5es\u201d, conclui.<\/p>\n<p>O texto altera a <a class=\"linkLegislacao\" href=\"https:\/\/www2.camara.gov.br\/legin\/fed\/lei\/1991\/lei-8213-24-julho-1991-363650-norma-pl.html\">Lei 8.213\/91<\/a>, que regulamenta os planos de benef\u00edcios da Previd\u00eancia Social.<\/p>\n<p><strong>Tramita\u00e7\u00e3o<\/strong><br \/>\nA proposta tramita em <span id=\"4068\" class=\"termoGlossario\" title=\"\" contenteditable=\"false\" data-toggle=\"tooltip\" data-placement=\"top\" data-original-title=\"Na C\u00e2mara, as proposi\u00e7\u00f5es s\u00e3o analisadas de acordo com o tipo de tramita\u00e7\u00e3o, na seguinte ordem: urg\u00eancia, prioridade e ordin\u00e1ria. Tramitam em regime de prioridade os projetos apresentados pelo Executivo, pelo Judici\u00e1rio, pelo Minist\u00e9rio P\u00fablico, pela Mesa, por comiss\u00e3o, pelo Senado e pelos cidad\u00e3os. Tamb\u00e9m tramitam com prioridade os projetos de lei que regulamentem dispositivo constitucional e as elei\u00e7\u00f5es, e os projetos que alterem o regimento interno da Casa.\">regime de prioridade<\/span> e ser\u00e1 examinada pelas comiss\u00f5es de Seguridade Social e Fam\u00edlia; de Finan\u00e7as e Tributa\u00e7\u00e3o; e de Constitui\u00e7\u00e3o e Justi\u00e7a e de Cidadania, antes de ir ao Plen\u00e1rio.<\/p>\n","protected":false},"excerpt":{"rendered":"<p>Fonte: Ag\u00eancia C\u00e2mara de Not\u00edcias O Projeto de Lei Complementar 153\/20 permite ao segurado do Regime Geral de Previd\u00eancia Social acumular o recebimento de dois benef\u00edcios previdenci\u00e1rios, pens\u00e3o por morte e aposentadoria, desde que um deles decorra de morte ou incapacidade permanente provocada pela Covid-19. O texto tramita na C\u00e2mara dos Deputados. A proposta determina [&hellip;]<\/p>\n","protected":false},"author":1,"featured_media":0,"comment_status":"closed","ping_status":"open","sticky":false,"template":"","format":"standard","meta":{"ngg_post_thumbnail":0,"footnotes":""},"categories":[2],"tags":[],"class_list":["post-11626","post","type-post","status-publish","format-standard","hentry","category-noticias"],"aioseo_notices":[],"gutentor_comment":0,"_links":{"self":[{"href":"https:\/\/sobedrj.com.br\/novo\/wp-json\/wp\/v2\/posts\/11626","targetHints":{"allow":["GET"]}}],"collection":[{"href":"https:\/\/sobedrj.com.br\/novo\/wp-json\/wp\/v2\/posts"}],"about":[{"href":"https:\/\/sobedrj.com.br\/novo\/wp-json\/wp\/v2\/types\/post"}],"author":[{"embeddable":true,"href":"https:\/\/sobedrj.com.br\/novo\/wp-json\/wp\/v2\/users\/1"}],"replies":[{"embeddable":true,"href":"https:\/\/sobedrj.com.br\/novo\/wp-json\/wp\/v2\/comments?post=11626"}],"version-history":[{"count":1,"href":"https:\/\/sobedrj.com.br\/novo\/wp-json\/wp\/v2\/posts\/11626\/revisions"}],"predecessor-version":[{"id":11628,"href":"https:\/\/sobedrj.com.br\/novo\/wp-json\/wp\/v2\/posts\/11626\/revisions\/11628"}],"wp:attachment":[{"href":"https:\/\/sobedrj.com.br\/novo\/wp-json\/wp\/v2\/media?parent=11626"}],"wp:term":[{"taxonomy":"category","embeddable":true,"href":"https:\/\/sobedrj.com.br\/novo\/wp-json\/wp\/v2\/categories?post=11626"},{"taxonomy":"post_tag","embeddable":true,"href":"https:\/\/sobedrj.com.br\/novo\/wp-json\/wp\/v2\/tags?post=11626"}],"curies":[{"name":"wp","href":"https:\/\/api.w.org\/{rel}","templated":true}]}}