{"id":11640,"date":"2021-01-19T11:03:45","date_gmt":"2021-01-19T11:03:45","guid":{"rendered":"http:\/\/sobedrj.com.br\/novo\/?p=11640"},"modified":"2021-01-25T18:26:29","modified_gmt":"2021-01-25T18:26:29","slug":"uff-abre-concurso-para-professores","status":"publish","type":"post","link":"https:\/\/sobedrj.com.br\/novo\/2021\/01\/19\/uff-abre-concurso-para-professores\/","title":{"rendered":"UFF abre concurso para professores"},"content":{"rendered":"<p>fonte: UFF<\/p>\n<p style=\"font-weight: 400;\">A Universidade Federal Fluminense (UFF) lan\u00e7ou, no in\u00edcio deste ano, o\u00a0<a href=\"https:\/\/www.in.gov.br\/en\/web\/dou\/-\/edital-n-54\/2020-295696844\">Edital n\u00ba 54\/2020<\/a>\u00a0de concurso p\u00fablico para 81 vagas de professores em departamentos de ensino da universidade para reposi\u00e7\u00f5es onde ocorrerem vac\u00e2ncias por aposentadoria ou falecimento de membros do quadro de servidores.<\/p>\n<p style=\"font-weight: 400;\">No certame, h\u00e1 um avan\u00e7o muito importante na aplica\u00e7\u00e3o das pol\u00edticas de a\u00e7\u00e3o afirmativa, previstas na\u00a0Lei 8.112\/90; Lei 12.990\/2014 e Decreto 9.508\/2018, reservando 16 vagas para negros e 5 para pessoas com defici\u00eancia.<\/p>\n<p style=\"font-weight: 400;\">As inscri\u00e7\u00f5es v\u00e3o at\u00e9 o dia 11 de fevereiro. Mais informa\u00e7\u00f5es sobre o calend\u00e1rio e a realiza\u00e7\u00e3o das provas podem ser obtidas no edital.<\/p>\n<p style=\"font-weight: 400;\"><a href=\"https:\/\/www.in.gov.br\/en\/web\/dou\/-\/edital-n-54\/2020-295696844\">CONFIRA O EDITAL<\/a><\/p>\n","protected":false},"excerpt":{"rendered":"<p>fonte: UFF A Universidade Federal Fluminense (UFF) lan\u00e7ou, no in\u00edcio deste ano, o\u00a0Edital n\u00ba 54\/2020\u00a0de concurso p\u00fablico para 81 vagas de professores em departamentos de ensino da universidade para reposi\u00e7\u00f5es onde ocorrerem vac\u00e2ncias por aposentadoria ou falecimento de membros do quadro de servidores. No certame, h\u00e1 um avan\u00e7o muito importante na aplica\u00e7\u00e3o das pol\u00edticas de [&hellip;]<\/p>\n","protected":false},"author":1,"featured_media":0,"comment_status":"closed","ping_status":"open","sticky":false,"template":"","format":"standard","meta":{"ngg_post_thumbnail":0,"footnotes":""},"categories":[2],"tags":[],"class_list":["post-11640","post","type-post","status-publish","format-standard","hentry","category-noticias"],"aioseo_notices":[],"gutentor_comment":0,"_links":{"self":[{"href":"https:\/\/sobedrj.com.br\/novo\/wp-json\/wp\/v2\/posts\/11640","targetHints":{"allow":["GET"]}}],"collection":[{"href":"https:\/\/sobedrj.com.br\/novo\/wp-json\/wp\/v2\/posts"}],"about":[{"href":"https:\/\/sobedrj.com.br\/novo\/wp-json\/wp\/v2\/types\/post"}],"author":[{"embeddable":true,"href":"https:\/\/sobedrj.com.br\/novo\/wp-json\/wp\/v2\/users\/1"}],"replies":[{"embeddable":true,"href":"https:\/\/sobedrj.com.br\/novo\/wp-json\/wp\/v2\/comments?post=11640"}],"version-history":[{"count":1,"href":"https:\/\/sobedrj.com.br\/novo\/wp-json\/wp\/v2\/posts\/11640\/revisions"}],"predecessor-version":[{"id":11643,"href":"https:\/\/sobedrj.com.br\/novo\/wp-json\/wp\/v2\/posts\/11640\/revisions\/11643"}],"wp:attachment":[{"href":"https:\/\/sobedrj.com.br\/novo\/wp-json\/wp\/v2\/media?parent=11640"}],"wp:term":[{"taxonomy":"category","embeddable":true,"href":"https:\/\/sobedrj.com.br\/novo\/wp-json\/wp\/v2\/categories?post=11640"},{"taxonomy":"post_tag","embeddable":true,"href":"https:\/\/sobedrj.com.br\/novo\/wp-json\/wp\/v2\/tags?post=11640"}],"curies":[{"name":"wp","href":"https:\/\/api.w.org\/{rel}","templated":true}]}}