{"id":11644,"date":"2021-01-25T10:31:08","date_gmt":"2021-01-25T10:31:08","guid":{"rendered":"http:\/\/sobedrj.com.br\/novo\/?p=11644"},"modified":"2021-01-25T18:26:20","modified_gmt":"2021-01-25T18:26:20","slug":"dados-do-sus-embasam-pesquisa-sobre-os-efeitos-da-covid-19-nas-cinco-regioes-brasileiras","status":"publish","type":"post","link":"https:\/\/sobedrj.com.br\/novo\/2021\/01\/25\/dados-do-sus-embasam-pesquisa-sobre-os-efeitos-da-covid-19-nas-cinco-regioes-brasileiras\/","title":{"rendered":"Dados do SUS embasam pesquisa sobre os efeitos da Covid-19 nas cinco regi\u00f5es brasileiras"},"content":{"rendered":"<p>fonte: Faperj<\/p>\n<p>Coordenada pelo pesquisador Fernando Augusto Bozza, chefe do Laborat\u00f3rio de Pesquisa Cl\u00ednica em Medicina Intensiva do Instituto Nacional de Infectologia Evandro Chagas da Funda\u00e7\u00e3o Oswaldo Cruz (INI\/Fiocruz), em uma colabora\u00e7\u00e3o com pesquisadores da Pontif\u00edcia Universidade Cat\u00f3lica do Rio de Janeiro (PUC-Rio), Instituto D\u2019Or de Pesquisa e Ensino (Idor), do Hospital das Cl\u00ednicas da Faculdade de Medicina da Universidade de S\u00e3o Paulo (USP) e do Instituto de Sa\u00fade Global de Barcelona (ISGlobal), a pesquisa, que utilizou dados do Sistema \u00danico de Sa\u00fade (SUS) coletados nas cinco rei\u00f5es brasileiras, revela dados alarmantes. Do universo de 254.288 pacientes\u00a0hospitalizados que testaram positivo para a Covid-19, 38% (87.515) faleceram; dos 79.687 pacientes que foram internados em Unidades de Terapia Intensiva (UTI), 59% (47.002) n\u00e3o sobreviveram, e nada menos que 80% (36.046) dos 45.205 doentes que precisaram de aux\u00edlio de respiradores morreram. E para quem ainda acha que a doen\u00e7a s\u00f3 afeta idosos, os dados mostram que 1\/3 dos pacientes hospitalizados tinha menos que 50 anos e 47% menos de 60 anos.<\/p>\n<p>Publicado em 15 de janeiro, o artigo\u00a0<em>Caracteriza\u00e7\u00e3o das primeiras 250 mil interna\u00e7\u00f5es hospitalares por COVID-19 no Brasil: uma an\u00e1lise retrospectiva de dados nacionais<\/em>\u00a0(<a href=\"https:\/\/www.thelancet.com\/journals\/lanres\/article\/PIIS2213-2600%2820%2930560-9\/fulltext#sec1%29\">https:\/\/www.thelancet.com\/journals\/lanres\/article\/PIIS2213-2600(20)30560-9\/fulltext#sec1)<\/a>\u00a0tamb\u00e9m mostra como a epidemia atingiu\u00a0 popula\u00e7\u00f5es das diferentes cinco regi\u00f5es brasileiras (Norte, Nordeste, Centro-Oeste, Sudeste e Sul) de forma desigual. Os maiores impactos foram observados nas regi\u00f5es em que a renda per capita \u00e9 mais baixa e os sistemas de sa\u00fade mais prec\u00e1rios, como por exemplo no recente colapso no estado do Amazonas, onde apenas na capital, Manaus, h\u00e1 UTIs.<\/p>\n<p><img loading=\"lazy\" decoding=\"async\" class=\"aligncenter size-full wp-image-11646\" src=\"http:\/\/sobedrj.com.br\/novo\/wp-content\/uploads\/2021\/01\/grafico1_fio.jpg\" alt=\"\" width=\"720\" height=\"345\" srcset=\"https:\/\/sobedrj.com.br\/novo\/wp-content\/uploads\/2021\/01\/grafico1_fio.jpg 720w, https:\/\/sobedrj.com.br\/novo\/wp-content\/uploads\/2021\/01\/grafico1_fio-300x144.jpg 300w, https:\/\/sobedrj.com.br\/novo\/wp-content\/uploads\/2021\/01\/grafico1_fio-600x288.jpg 600w\" sizes=\"auto, (max-width: 720px) 100vw, 720px\" \/><\/p>\n<p>A an\u00e1lise abrangeu retrospectivamente os dados de pacientes internados com Covid-19 durante os primeiros cinco meses da pandemia no Brasil, usando um banco de dados de \u00e2mbito nacional que cobre cada macrorregi\u00e3o. Foram avaliados doentes com registro no Sistema de Informa\u00e7\u00e3o de Vigil\u00e2ncia Epidemiol\u00f3gica da Influenza (Sivep-Gripe), usado desde 2012 pelo Minist\u00e9rio da Sa\u00fade para monitorar infec\u00e7\u00f5es respirat\u00f3rias agudas graves no Brasil, entre os dias 16 de fevereiro e 15 de agosto de 2020. Neste per\u00edodo, a regi\u00e3o Norte j\u00e1 apresentava 79% de mortalidade de pacientes em UTI, contra 49% no Sudeste. Os n\u00fameros mostram uma alta mortalidade hospitalar, mesmo entre pacientes jovens, e diferen\u00e7as regionais substanciais em termos de recursos dispon\u00edveis e desfechos da doen\u00e7a. Do total de pacientes avaliados, 16% n\u00e3o tinham comorbidades e 72% receberam algum suporte respirat\u00f3rio (invasivo ou n\u00e3o invasivo). A mortalidade hospitalar em pacientes com menos de 60 anos foi de 31% no Nordeste contra 15% na regi\u00e3o Sul. O Sivep-Gripe registra os casos e mortes devido \u00e0 doen\u00e7a lan\u00e7ados por todas as unidades de sa\u00fade dos munic\u00edpios, confirmados pelo teste RT-PCR, que \u00e9 considerado o mais eficaz, ou padr\u00e3o de refer\u00eancia, j\u00e1 que identifica o v\u00edrus e confirma a Covid-19 por meio da detec\u00e7\u00e3o do RNA do v\u00edrus.<\/p>\n<p>Bozza, que recebe apoio da FAPERJ para a realiza\u00e7\u00e3o de suas pesquisas por meio do programa Cientista do Nosso Estado (CNE) e da chamada Apoio a Projetos Tem\u00e1ticos, diz que o estudo ganhou grande repercuss\u00e3o, tanto dentro da comunidade cient\u00edfica quanto da popula\u00e7\u00e3o em geral. \u201cUm dos objetivos da equipe foi informar os resultados da pesquisa por meio de uma linguagem acess\u00edvel e em que os dados falassem por si\u201d. Os pesquisadores foram motivados pela extrema press\u00e3o que a pandemia de Covid-19 provocou nos sistemas de sa\u00fade em todo o mundo, em especial devido ao aumento de interna\u00e7\u00f5es hospitalares e o crescimento da demanda por leitos de UTI, suporte respirat\u00f3rio avan\u00e7ado e profissionais de sa\u00fade treinados. Para Fernando Bozza, o fato de o artigo ter \u201cviralizado\u201d nos diversos grupos de m\u00e9dicos nas redes sociais e tido boa repercuss\u00e3o na m\u00eddia mostra a import\u00e2ncia da reflex\u00e3o social e pol\u00edtica sobre a epidemia e esse momento dram\u00e1tico para a humanidade e para o Pa\u00eds.<\/p>\n<p>No artigo, os pesquisadores chamam a aten\u00e7\u00e3o para o fato de o Brasil ter uma popula\u00e7\u00e3o de 210 milh\u00f5es de habitantes distribu\u00eddos em uma extensa \u00e1rea territorial, com grande heterogeneidade entre suas cinco macrorregi\u00f5es, incluindo disparidade socioecon\u00f4mica, que se reflete na qualidade dos servi\u00e7os regionais de sa\u00fade. \u201cA Covid-19 afeta as popula\u00e7\u00f5es e os sistemas de sa\u00fade de forma desigual, colapsando primeiro os sistemas de sa\u00fade mais fr\u00e1geis e provocando desfechos piores sobre as popula\u00e7\u00f5es mais vulner\u00e1veis, tanto econ\u00f4mica quanto biologicamente\u201d, afirma o m\u00e9dico intensivista. A propor\u00e7\u00e3o geral de mortes hospitalares foi maior entre pacientes analfabetos (63%), negros ou pardos (43%) ou ind\u00edgenas (42%).<\/p>\n<p>\u201cEmbora a pesquisa confirme o impacto negativo da pandemia sobre o sistema de sa\u00fade e sobre a popula\u00e7\u00e3o brasileira, tamb\u00e9m mostra a import\u00e2ncia do Sistema \u00danico de Sa\u00fade (SUS), onde foram gerados e disponibilizados os dados para a pesquisa\u201d, ressalta Bozza. Ele diz que o principal objetivo do trabalho foi mostrar que a Covid-19 \u00e9 realmente uma doen\u00e7a grave, com um \u00edndice de mortalidade muito alto e que atinge todas as faixas et\u00e1rias, at\u00e9 mesmo os jovens. E que os dados estat\u00edsticos apresentados deveriam servir para nortear pol\u00edticas p\u00fablicas e a\u00e7\u00f5es para o enfrentamento da segunda e demais ondas que a doen\u00e7a possa provocar.\u00a0\u201cO Pa\u00eds tem os dados, tem a compet\u00eancia para analisar os dados, mas precisa usar os dados e informa\u00e7\u00f5es para planejar a\u00e7\u00f5es, elaborar pol\u00edticas p\u00fablicas e tornar o sistema de sa\u00fade um sistema inteligente. \u00c9 triste saber que apesar da disponibilidade dos dados, a mortalidade no Pa\u00eds n\u00e3o caiu\u201d, alerta o m\u00e9dico.<\/p>\n","protected":false},"excerpt":{"rendered":"<p>fonte: Faperj Coordenada pelo pesquisador Fernando Augusto Bozza, chefe do Laborat\u00f3rio de Pesquisa Cl\u00ednica em Medicina Intensiva do Instituto Nacional de Infectologia Evandro Chagas da Funda\u00e7\u00e3o Oswaldo Cruz (INI\/Fiocruz), em uma colabora\u00e7\u00e3o com pesquisadores da Pontif\u00edcia Universidade Cat\u00f3lica do Rio de Janeiro (PUC-Rio), Instituto D\u2019Or de Pesquisa e Ensino (Idor), do Hospital das Cl\u00ednicas da [&hellip;]<\/p>\n","protected":false},"author":1,"featured_media":0,"comment_status":"closed","ping_status":"open","sticky":false,"template":"","format":"standard","meta":{"ngg_post_thumbnail":0,"footnotes":""},"categories":[2],"tags":[],"class_list":["post-11644","post","type-post","status-publish","format-standard","hentry","category-noticias"],"aioseo_notices":[],"gutentor_comment":0,"_links":{"self":[{"href":"https:\/\/sobedrj.com.br\/novo\/wp-json\/wp\/v2\/posts\/11644","targetHints":{"allow":["GET"]}}],"collection":[{"href":"https:\/\/sobedrj.com.br\/novo\/wp-json\/wp\/v2\/posts"}],"about":[{"href":"https:\/\/sobedrj.com.br\/novo\/wp-json\/wp\/v2\/types\/post"}],"author":[{"embeddable":true,"href":"https:\/\/sobedrj.com.br\/novo\/wp-json\/wp\/v2\/users\/1"}],"replies":[{"embeddable":true,"href":"https:\/\/sobedrj.com.br\/novo\/wp-json\/wp\/v2\/comments?post=11644"}],"version-history":[{"count":1,"href":"https:\/\/sobedrj.com.br\/novo\/wp-json\/wp\/v2\/posts\/11644\/revisions"}],"predecessor-version":[{"id":11647,"href":"https:\/\/sobedrj.com.br\/novo\/wp-json\/wp\/v2\/posts\/11644\/revisions\/11647"}],"wp:attachment":[{"href":"https:\/\/sobedrj.com.br\/novo\/wp-json\/wp\/v2\/media?parent=11644"}],"wp:term":[{"taxonomy":"category","embeddable":true,"href":"https:\/\/sobedrj.com.br\/novo\/wp-json\/wp\/v2\/categories?post=11644"},{"taxonomy":"post_tag","embeddable":true,"href":"https:\/\/sobedrj.com.br\/novo\/wp-json\/wp\/v2\/tags?post=11644"}],"curies":[{"name":"wp","href":"https:\/\/api.w.org\/{rel}","templated":true}]}}