{"id":11657,"date":"2021-01-25T12:35:37","date_gmt":"2021-01-25T12:35:37","guid":{"rendered":"http:\/\/sobedrj.com.br\/novo\/?p=11657"},"modified":"2021-01-25T18:26:00","modified_gmt":"2021-01-25T18:26:00","slug":"estudo-morte-por-cancer-aumenta-ate-13-por-atraso-no-tratamento","status":"publish","type":"post","link":"https:\/\/sobedrj.com.br\/novo\/2021\/01\/25\/estudo-morte-por-cancer-aumenta-ate-13-por-atraso-no-tratamento\/","title":{"rendered":"Estudo: Morte por c\u00e2ncer aumenta at\u00e9 13% por atraso no tratamento"},"content":{"rendered":"<p>fonte: UOL<\/p>\n<p>Um levantamento da SBOC (Sociedade Brasileira de Oncologia Cl\u00ednica) havia mostrado que, durante a primeira onda da pandemia, 74% dos especialistas da \u00e1rea tiveram um ou mais pacientes com o tratamento postergado por mais de um m\u00eas. J\u00e1 10% dos entrevistados notificaram queda de 40% a 60% na procura em seus consult\u00f3rios.<\/p>\n<p>No caso dos pacientes oncol\u00f3gicos, o retardamento dos cuidados &#8211; mesmo que em apenas algumas semanas &#8211; pode ser determinante para a sua sobreviv\u00eancia.<\/p>\n<p>Um estudo publicado em novembro pelo The British Medical Journal mostrou que, a cada quatro semanas de atraso no tratamento do c\u00e2ncer, as chances de morte aumentam at\u00e9 13%. Por isso, a recomenda\u00e7\u00e3o da comunidade m\u00e9dica \u00e9 que os pacientes n\u00e3o abandonem a terapia neste momento.<\/p>\n<p>&#8220;Temos um risco muito grande de aumento de mortos por doen\u00e7as que poderiam ser tratadas. Os sistemas de sa\u00fade ter\u00e3o um grande impacto ap\u00f3s a pandemia, com aumento na procura de tratamento. O adiamento vai reduzir significativamente as chances de cura desses pacientes&#8221;, alerta Ramon Andrade de Mello, oncologista do corpo cl\u00ednico do Hospital Israelita Albert Einstein e professor de oncologia da Unifesp (Universidade Federal de S\u00e3o Paulo).<\/p>\n<p>Pesquisadores da University College London calcularam que, apenas na Inglaterra, os \u00f3bitos por c\u00e2ncer devem aumentar 20% devido \u00e0 pandemia. Al\u00e9m das mortes pela pr\u00f3pria covid-19, a maior parte do excedente seria causada pelo atraso nos diagn\u00f3sticos e tratamentos.<\/p>\n<p>&#8220;Os riscos dos tumores oncol\u00f3gicos s\u00e3o maiores do que aqueles da covid-19. Os hospitais e cl\u00ednicas adotaram procedimentos para aumentar a seguran\u00e7a desses pacientes&#8221;, salienta Mello.<\/p>\n<p>O professor da Unifesp explica que o temor maior \u00e9 de que o per\u00edodo de interrup\u00e7\u00e3o permita que os tumores sofram met\u00e1stase (que \u00e9 quando o c\u00e2ncer se espalha para outras regi\u00f5es do corpo, aumentando significativamente as chances de \u00f3bito). &#8220;Muitas dessas neoplasias (tumores), quando n\u00e3o tratadas, podem levar \u00e0 morte em menos de um ano&#8221;, alerta.<\/p>\n<p>Segundo apura\u00e7\u00e3o do Instituto Oncoguia, exames usados para detec\u00e7\u00e3o precoce da doen\u00e7a tiveram queda vertiginosa no \u00faltimo ano. As bi\u00f3psias, por exemplo, ca\u00edram pela metade de mar\u00e7o a setembro. No SUS (Sistema \u00danico de Sa\u00fade), o n\u00famero de pacientes oncol\u00f3gicos que iniciaram o tratamento diminuiu cerca de 30% no mesmo per\u00edodo.<\/p>\n<p>Al\u00e9m da dificuldade das unidades de sa\u00fade em atender a alta demanda durante os picos da pandemia, a queda tamb\u00e9m \u00e9 explicada pelo temor dos pacientes em contrair a doen\u00e7a. Pesquisadores do Instituto Dana Farber, um dos principais centros de pesquisa e tratamento de c\u00e2ncer do mundo, observaram que a mortalidade pela covid-19 pode mais que dobrar em pacientes com c\u00e2ncer. Por\u00e9m, o mesmo estudo constatou que o tratamento com quimioterapia ou outras terapias, quando realizados dentro de quatro semanas ap\u00f3s o diagn\u00f3stico de covid-19, n\u00e3o afeta os resultados da mortalidade.<\/p>\n<p>Por isso, os autores do estudo recomendam que pacientes oncol\u00f3gicos com poucas comorbidades devam prosseguir com o tratamento apropriado. A exce\u00e7\u00e3o seriam aqueles em est\u00e1gios avan\u00e7ados, que precisariam avaliar com um especialista sobre &#8220;risco versus benef\u00edcio&#8221; da continuidade da terapia.<\/p>\n<p>J\u00e1 o oncologista da Unifesp lembra tamb\u00e9m que, para alguns casos, a telemedicina tem sido uma ferramenta importante para acompanhamento e avalia\u00e7\u00e3o cl\u00ednica do paciente: &#8220;Ela n\u00e3o atende todas as demandas cl\u00ednicas. O especialista precisa de consultas presenciais em determinadas fases do tratamento, mas a possibilidade de redu\u00e7\u00e3o de visitas ao oncologista diminui os riscos da covid-19&#8221;, comenta Mello.<\/p>\n","protected":false},"excerpt":{"rendered":"<p>fonte: UOL Um levantamento da SBOC (Sociedade Brasileira de Oncologia Cl\u00ednica) havia mostrado que, durante a primeira onda da pandemia, 74% dos especialistas da \u00e1rea tiveram um ou mais pacientes com o tratamento postergado por mais de um m\u00eas. J\u00e1 10% dos entrevistados notificaram queda de 40% a 60% na procura em seus consult\u00f3rios. No [&hellip;]<\/p>\n","protected":false},"author":1,"featured_media":0,"comment_status":"closed","ping_status":"open","sticky":false,"template":"","format":"standard","meta":{"ngg_post_thumbnail":0,"footnotes":""},"categories":[2],"tags":[],"class_list":["post-11657","post","type-post","status-publish","format-standard","hentry","category-noticias"],"aioseo_notices":[],"gutentor_comment":0,"_links":{"self":[{"href":"https:\/\/sobedrj.com.br\/novo\/wp-json\/wp\/v2\/posts\/11657","targetHints":{"allow":["GET"]}}],"collection":[{"href":"https:\/\/sobedrj.com.br\/novo\/wp-json\/wp\/v2\/posts"}],"about":[{"href":"https:\/\/sobedrj.com.br\/novo\/wp-json\/wp\/v2\/types\/post"}],"author":[{"embeddable":true,"href":"https:\/\/sobedrj.com.br\/novo\/wp-json\/wp\/v2\/users\/1"}],"replies":[{"embeddable":true,"href":"https:\/\/sobedrj.com.br\/novo\/wp-json\/wp\/v2\/comments?post=11657"}],"version-history":[{"count":1,"href":"https:\/\/sobedrj.com.br\/novo\/wp-json\/wp\/v2\/posts\/11657\/revisions"}],"predecessor-version":[{"id":11659,"href":"https:\/\/sobedrj.com.br\/novo\/wp-json\/wp\/v2\/posts\/11657\/revisions\/11659"}],"wp:attachment":[{"href":"https:\/\/sobedrj.com.br\/novo\/wp-json\/wp\/v2\/media?parent=11657"}],"wp:term":[{"taxonomy":"category","embeddable":true,"href":"https:\/\/sobedrj.com.br\/novo\/wp-json\/wp\/v2\/categories?post=11657"},{"taxonomy":"post_tag","embeddable":true,"href":"https:\/\/sobedrj.com.br\/novo\/wp-json\/wp\/v2\/tags?post=11657"}],"curies":[{"name":"wp","href":"https:\/\/api.w.org\/{rel}","templated":true}]}}