{"id":11660,"date":"2021-01-25T12:45:15","date_gmt":"2021-01-25T12:45:15","guid":{"rendered":"http:\/\/sobedrj.com.br\/novo\/?p=11660"},"modified":"2021-01-25T18:25:51","modified_gmt":"2021-01-25T18:25:51","slug":"carta-aberta-do-cremerj-para-a-comunidade-medica-do-rio-de-janeiro","status":"publish","type":"post","link":"https:\/\/sobedrj.com.br\/novo\/2021\/01\/25\/carta-aberta-do-cremerj-para-a-comunidade-medica-do-rio-de-janeiro\/","title":{"rendered":"Carta aberta do Cremerj para a comunidade m\u00e9dica do Rio de Janeiro"},"content":{"rendered":"<p>fonte: Cremerj<\/p>\n<p>Os membros da Diretoria do Conselho Regional de Medicina do Estado do Rio de Janeiro v\u00eam a p\u00fablico esclarecer pontos fundamentais relacionados \u00e0 pandemia de SARS-Cov-2.<\/p>\n<p>Desde o in\u00edcio da pandemia, conselheiros e funcion\u00e1rios da autarquia t\u00eam se dedicado em auxiliar por meio do nosso trabalho, a \u00e1rdua miss\u00e3o que foi imposta aos m\u00e9dicos do Rio de Janeiro. Por d\u00e9cadas convivemos com o caos na Sa\u00fade P\u00fablica. E neste momento, combatemos, diuturnamente, o aumento expressivo do n\u00famero de casos de pacientes com s\u00edndrome respirat\u00f3ria aguda grave causada pelo novo v\u00edrus.<\/p>\n<p>Em respeito aos colegas, mantivemos nosso Conselho trabalhando por todos os dias da pandemia. Intensificamos nosso trabalho de fiscaliza\u00e7\u00e3o em unidades de sa\u00fade e do exerc\u00edcio profissional, buscando todas as formas de garantir o m\u00ednimo de dignidade aos colegas que labutam no dia a dia dos nossos hospitais superlotados.<\/p>\n<p>O CREMERJ foi pioneiro em exigir que os m\u00e9dicos s\u00f3 trabalhassem em condi\u00e7\u00f5es de seguran\u00e7a adequada, com a disponibiliza\u00e7\u00e3o de EPIs. E que fossem afastados de suas fun\u00e7\u00f5es quando possu\u00edssem fatores de risco para desenvolvimento de formas graves da doen\u00e7a. Tamb\u00e9m trabalhamos na articula\u00e7\u00e3o pol\u00edtica e judicial em conjunto com Minist\u00e9rio P\u00fablico e Defensoria, para que, pasmem, consegu\u00edssemos garantir o justo pagamento pelos servi\u00e7os prestados.<\/p>\n<p>Infelizmente, devido a d\u00e9cadas de enfraquecimento do movimento em defesa dos m\u00e9dicos e da fraca representatividade de nossas institui\u00e7\u00f5es, os gestores insistem em desdenhar de n\u00f3s. Achando que vamos nos submeter a trabalhar em condi\u00e7\u00f5es insalubres, sem nem ao menos ter garantia que receberemos nosso justo honor\u00e1rio. E nossas fam\u00edlias sejam cuidadas, se viermos a falecer no campo de batalha da pandemia, infelizmente como muitos pereceram.<\/p>\n<p>O CREMERJ vem trabalhando nos \u00faltimos 2 anos dessa gest\u00e3o para recuperar a dignidade perdida dos m\u00e9dicos, o justo respeito que nossos profissionais merecem, o bom nome, a reputa\u00e7\u00e3o de nossas institui\u00e7\u00f5es representativas e a nossa profiss\u00e3o. Esperamos conseguir completar tal miss\u00e3o, e entregar aos m\u00e9dicos do Rio de Janeiro em 2023, um Conselho mais forte e justo, que defenda, acima de tudo, os m\u00e9dicos e o exerc\u00edcio \u00e9tico da medicina.<\/p>\n<p>Por\u00e9m, tal trabalho n\u00e3o \u00e9 f\u00e1cil e requer n\u00e3o apenas a dedica\u00e7\u00e3o de nossos conselheiros, que n\u00e3o s\u00e3o pol\u00edticos profissionais ou gestores de operadoras, pois s\u00e3o m\u00e9dicos que tamb\u00e9m est\u00e3o na linha de frente e sofrem com os mesmos problemas que todos os outros. Mas, tamb\u00e9m de todos os colegas do Rio de Janeiro para que procurem o Conselho sempre que necess\u00e1rio, e n\u00e3o aceitem mais de cabe\u00e7a baixa o enfraquecimento da nossa importante profiss\u00e3o.<\/p>\n<p>Ainda \u00e9 relevante destacar que o CREMERJ defende a autonomia dos m\u00e9dicos para que atuem dentro das normas \u00e9ticas de nossa profiss\u00e3o e ditames de sua consci\u00eancia, escolhendo a melhor alternativa terap\u00eautica para seus pacientes.<\/p>\n<p>No entanto, apoiamos a futura campanha de vacina\u00e7\u00e3o a ser implementada no Rio de Janeiro por meio de quaisquer vacinas aprovadas para uso no Brasil pela Anvisa. E estimulamos para que todos os colegas que fa\u00e7am o mesmo. Iremos utilizar todos os recursos ao nosso dispor, para que essa importante ferramenta seja implementada para dar algum al\u00edvio aos nossos guerreiros, que mesmo diante do desconhecido, n\u00e3o deixaram de prestar atendimento \u00e0 popula\u00e7\u00e3o do Estado do Rio de Janeiro.<\/p>\n<p>Somos m\u00e9dicos<br \/>\nSomos CREMERJ<\/p>\n","protected":false},"excerpt":{"rendered":"<p>fonte: Cremerj Os membros da Diretoria do Conselho Regional de Medicina do Estado do Rio de Janeiro v\u00eam a p\u00fablico esclarecer pontos fundamentais relacionados \u00e0 pandemia de SARS-Cov-2. Desde o in\u00edcio da pandemia, conselheiros e funcion\u00e1rios da autarquia t\u00eam se dedicado em auxiliar por meio do nosso trabalho, a \u00e1rdua miss\u00e3o que foi imposta aos [&hellip;]<\/p>\n","protected":false},"author":1,"featured_media":503,"comment_status":"closed","ping_status":"open","sticky":false,"template":"","format":"standard","meta":{"ngg_post_thumbnail":0,"footnotes":""},"categories":[2],"tags":[],"class_list":["post-11660","post","type-post","status-publish","format-standard","has-post-thumbnail","hentry","category-noticias"],"aioseo_notices":[],"gutentor_comment":0,"_links":{"self":[{"href":"https:\/\/sobedrj.com.br\/novo\/wp-json\/wp\/v2\/posts\/11660","targetHints":{"allow":["GET"]}}],"collection":[{"href":"https:\/\/sobedrj.com.br\/novo\/wp-json\/wp\/v2\/posts"}],"about":[{"href":"https:\/\/sobedrj.com.br\/novo\/wp-json\/wp\/v2\/types\/post"}],"author":[{"embeddable":true,"href":"https:\/\/sobedrj.com.br\/novo\/wp-json\/wp\/v2\/users\/1"}],"replies":[{"embeddable":true,"href":"https:\/\/sobedrj.com.br\/novo\/wp-json\/wp\/v2\/comments?post=11660"}],"version-history":[{"count":1,"href":"https:\/\/sobedrj.com.br\/novo\/wp-json\/wp\/v2\/posts\/11660\/revisions"}],"predecessor-version":[{"id":11662,"href":"https:\/\/sobedrj.com.br\/novo\/wp-json\/wp\/v2\/posts\/11660\/revisions\/11662"}],"wp:featuredmedia":[{"embeddable":true,"href":"https:\/\/sobedrj.com.br\/novo\/wp-json\/wp\/v2\/media\/503"}],"wp:attachment":[{"href":"https:\/\/sobedrj.com.br\/novo\/wp-json\/wp\/v2\/media?parent=11660"}],"wp:term":[{"taxonomy":"category","embeddable":true,"href":"https:\/\/sobedrj.com.br\/novo\/wp-json\/wp\/v2\/categories?post=11660"},{"taxonomy":"post_tag","embeddable":true,"href":"https:\/\/sobedrj.com.br\/novo\/wp-json\/wp\/v2\/tags?post=11660"}],"curies":[{"name":"wp","href":"https:\/\/api.w.org\/{rel}","templated":true}]}}