{"id":11663,"date":"2021-01-25T12:54:32","date_gmt":"2021-01-25T12:54:32","guid":{"rendered":"http:\/\/sobedrj.com.br\/novo\/?p=11663"},"modified":"2021-01-25T18:25:39","modified_gmt":"2021-01-25T18:25:39","slug":"sobed-atualiza-as-recomendacoes-da-endoscopia-segura-com-orientacoes-sobre-protecao-vacinal","status":"publish","type":"post","link":"https:\/\/sobedrj.com.br\/novo\/2021\/01\/25\/sobed-atualiza-as-recomendacoes-da-endoscopia-segura-com-orientacoes-sobre-protecao-vacinal\/","title":{"rendered":"SOBED atualiza as recomenda\u00e7\u00f5es da Endoscopia Segura com orienta\u00e7\u00f5es sobre prote\u00e7\u00e3o vacinal"},"content":{"rendered":"<p>fonte: SOBED<\/p>\n<p class=\"bodytext\">A Comiss\u00e3o SOBED de Endoscopia Segura publica na data de hoje (21\/1) a atualiza\u00e7\u00e3o # 007 das Recomenda\u00e7\u00f5es SOBED para Endoscopia Segura para orienta\u00e7\u00e3o sobre a prote\u00e7\u00e3o vacinal das equipes de trabalho, atendendo as demandas associativas do cuidado e aten\u00e7\u00e3o ao Especialista durante a Pandemia de coronav\u00edrus.<\/p>\n<p class=\"bodytext\">S\u00e3o as considera\u00e7\u00f5es referentes as pr\u00e1ticas durante o exame de endoscopia digestiva e colonoscopia o que induz \u00e0 forma\u00e7\u00e3o de aeross\u00f3is, fato recentemente demonstrado de forma quantitativa, o que destaca que a exposi\u00e7\u00e3o das equipes de endoscopia \u00e9 semelhante \u00e0 dos profissionais que realizam intuba\u00e7\u00e3o orotraqueal e broncoscopia, referenciado no documento.<\/p>\n<p class=\"bodytext\">A exposi\u00e7\u00e3o das equipes no atendimento e procedimentos com pacientes infectados pela SARS-CoV-2 \u00e9 uma potencial via de infec\u00e7\u00e3o, fato argumentativo para a referida recomenda\u00e7\u00e3o SOBED.<\/p>\n<p><a href=\"https:\/\/www.sobed.org.br\/fileadmin\/user_upload\/sobed\/2021\/01\/21\/atualizacao007-21.01.2021.pdf\" target=\"_blank\" rel=\"noopener\">CONFIRA<\/a><\/p>\n","protected":false},"excerpt":{"rendered":"<p>fonte: SOBED A Comiss\u00e3o SOBED de Endoscopia Segura publica na data de hoje (21\/1) a atualiza\u00e7\u00e3o # 007 das Recomenda\u00e7\u00f5es SOBED para Endoscopia Segura para orienta\u00e7\u00e3o sobre a prote\u00e7\u00e3o vacinal das equipes de trabalho, atendendo as demandas associativas do cuidado e aten\u00e7\u00e3o ao Especialista durante a Pandemia de coronav\u00edrus. S\u00e3o as considera\u00e7\u00f5es referentes as pr\u00e1ticas [&hellip;]<\/p>\n","protected":false},"author":1,"featured_media":11665,"comment_status":"closed","ping_status":"open","sticky":false,"template":"","format":"standard","meta":{"ngg_post_thumbnail":0,"footnotes":""},"categories":[2],"tags":[],"class_list":["post-11663","post","type-post","status-publish","format-standard","has-post-thumbnail","hentry","category-noticias"],"aioseo_notices":[],"gutentor_comment":0,"_links":{"self":[{"href":"https:\/\/sobedrj.com.br\/novo\/wp-json\/wp\/v2\/posts\/11663","targetHints":{"allow":["GET"]}}],"collection":[{"href":"https:\/\/sobedrj.com.br\/novo\/wp-json\/wp\/v2\/posts"}],"about":[{"href":"https:\/\/sobedrj.com.br\/novo\/wp-json\/wp\/v2\/types\/post"}],"author":[{"embeddable":true,"href":"https:\/\/sobedrj.com.br\/novo\/wp-json\/wp\/v2\/users\/1"}],"replies":[{"embeddable":true,"href":"https:\/\/sobedrj.com.br\/novo\/wp-json\/wp\/v2\/comments?post=11663"}],"version-history":[{"count":1,"href":"https:\/\/sobedrj.com.br\/novo\/wp-json\/wp\/v2\/posts\/11663\/revisions"}],"predecessor-version":[{"id":11666,"href":"https:\/\/sobedrj.com.br\/novo\/wp-json\/wp\/v2\/posts\/11663\/revisions\/11666"}],"wp:featuredmedia":[{"embeddable":true,"href":"https:\/\/sobedrj.com.br\/novo\/wp-json\/wp\/v2\/media\/11665"}],"wp:attachment":[{"href":"https:\/\/sobedrj.com.br\/novo\/wp-json\/wp\/v2\/media?parent=11663"}],"wp:term":[{"taxonomy":"category","embeddable":true,"href":"https:\/\/sobedrj.com.br\/novo\/wp-json\/wp\/v2\/categories?post=11663"},{"taxonomy":"post_tag","embeddable":true,"href":"https:\/\/sobedrj.com.br\/novo\/wp-json\/wp\/v2\/tags?post=11663"}],"curies":[{"name":"wp","href":"https:\/\/api.w.org\/{rel}","templated":true}]}}