{"id":11721,"date":"2021-02-01T20:22:39","date_gmt":"2021-02-01T20:22:39","guid":{"rendered":"http:\/\/sobedrj.com.br\/novo\/?p=11721"},"modified":"2021-02-08T22:09:21","modified_gmt":"2021-02-08T22:09:21","slug":"ona-cria-comite-de-saude-digital","status":"publish","type":"post","link":"https:\/\/sobedrj.com.br\/novo\/2021\/02\/01\/ona-cria-comite-de-saude-digital\/","title":{"rendered":"ONA cria Comit\u00ea de Sa\u00fade Digital"},"content":{"rendered":"<p>fonte: Sa\u00fade Business<\/p>\n<p>A\u00a0<strong>Organiza\u00e7\u00e3o Nacional de Acredita\u00e7\u00e3o (ONA)\u00a0<\/strong>oficializa o\u00a0<strong>Comit\u00ea de Sa\u00fade Digital<\/strong>, que tem como objetivo analisar a trajet\u00f3ria do paciente e identificar pontos cr\u00edticos para a aplicabilidade da telemedicina, identificar pontos importantes da gest\u00e3o e lideran\u00e7a que impactam na telemedicina e levantar pontos cr\u00edticos sobre os processos de apoio, que t\u00eam impacto para que a telemedicina possa ser aplicada dentro das organiza\u00e7\u00f5es de sa\u00fade, respeitando quest\u00f5es\u00a0<strong>\u00e9ticas<\/strong>\u00a0e de\u00a0<strong>cuidados<\/strong>\u00a0relativas ao tema.<\/p>\n<p>O Comit\u00ea \u00e9 composto por especialistas renomados em Sa\u00fade Digital, al\u00e9m de membros do Conselho Administrativo e da equipe t\u00e9cnica da ONA. Entre os participantes est\u00e3o\u00a0<strong>Chao Lung Wen,<\/strong>\u00a0professor associado da Faculdade de Medicina da USP;\u00a0<strong>Salvador Gullo Neto<\/strong>, m\u00e9dico e CEO do App Dr. Rafael;\u00a0<strong>Fabio Leite Gastal<\/strong>, superintendente de Inova\u00e7\u00e3o da Seguros Unimed e vice-presidente da ONA;\u00a0<strong>Fernando Pedro<\/strong>, diretor m\u00e9dico da Amil e conselheiro da ONA;\u00a0<strong>P\u00e9ricles Cruz<\/strong>, superintendente T\u00e9cnico da ONA; e\u00a0<strong>Gilvane Lolato<\/strong>,\u00a0gerente de Educa\u00e7\u00e3o e Sistemas da ONA.<\/p>\n<p>O Comit\u00ea de Sa\u00fade Digital foi implantado para atender \u00e0 necessidade que surgiu com a Lei n\u00ba 13.989 de 15 de abril de 2020, que autoriza o uso da telemedicina enquanto durar a crise ocasionada pelo coronav\u00edrus. A presta\u00e7\u00e3o deste tipo de servi\u00e7o \u00e9 tamb\u00e9m reconhecida pela Organiza\u00e7\u00e3o Mundial da Sa\u00fade, principalmente nos casos em que a dist\u00e2ncia \u00e9 um\u00a0fator cr\u00edtico para a oferta de servi\u00e7os ligados \u00e0 sa\u00fade.<\/p>\n<p>O comit\u00ea ir\u00e1 discutir sobre temas como\u00a0<strong>telediagn\u00f3stico<\/strong>,\u00a0<strong>teleinterconsulta<\/strong>,\u00a0<strong>telemerg\u00eancia, teleacompanhamento<\/strong>\u00a0de cr\u00f4nico, teleacompanhamento p\u00f3s-interna\u00e7\u00e3o e\u00a0<strong>teleoncologia<\/strong>, sempre sob o olhar da avalia\u00e7\u00e3o da assist\u00eancia.\u00a0<em>\u201cVamos manter em nosso escopo tamb\u00e9m a Sa\u00fade Conectada, a chamada Sa\u00fade 5.0, que envolve gest\u00e3o da sa\u00fade em casa, aplicada por equipe multidisciplinar\u201d<\/em>, explica<strong>\u00a0P\u00e9ricles Cruz<\/strong>.<\/p>\n<p><strong>Gilvane Lolato<\/strong>\u00a0esclarece que para a ONA \u00e9 um avan\u00e7o muito importante estabelecer padr\u00f5es para a pr\u00e1tica da telemedicina, pois as organiza\u00e7\u00f5es de sa\u00fade atualmente acreditadas pela entidade podem passar a incorporar a telemedicina no seu dia a dia, e a acredita\u00e7\u00e3o \u00e9 uma forma de garantir a seguran\u00e7a durante a aplicabilidade deste processo.<\/p>\n<p>Para\u00a0<strong>Fernando Pedro<\/strong>, a cria\u00e7\u00e3o do Comit\u00ea de Sa\u00fade Digital \u00e9 um importante passo para a ONA.\u00a0<em>\u201cO atendimento virtual j\u00e1 faz parte da rotina de v\u00e1rios servi\u00e7os de sa\u00fade. Como protagonista na busca da qualidade de servi\u00e7os de sa\u00fade, \u00e9 imperativo que a ONA busque formas de construir uma ponte resistente e permanente, que inclua estruturas e processos organizacionais, financeiros e cl\u00ednicos.\u201d<\/em><\/p>\n<p>A opini\u00e3o \u00e9 compartilhada por\u00a0<strong>Fabio Gastal<\/strong>, vice-presidente da ONA. Ele \u00a0acrescenta ainda que o\u00a0prop\u00f3sito do Comit\u00ea \u00e9 de discutir sobre as diretrizes e boas pr\u00e1ticas para telemedicina, no \u00e2mbito da sa\u00fade conectada envolvendo o ato dos profissionais de sa\u00fade, bem como identificar pontos importantes da gest\u00e3o, lideran\u00e7a e apoio que impactam na telemedicina.&#8221;<\/p>\n<p>\u201cA\u00a0<strong>ONA<\/strong>\u00a0mais uma vez, de forma pioneira e vision\u00e1ria, se antecipa ao mercado. Desta forma \u00a0mantem o seu protagonismo para contribuir com as melhores pr\u00e1ticas para o mercado de sa\u00fade e portanto, seguran\u00e7a do paciente\u201d, destaca\u00a0<strong>Gileno Ferraz J\u00fanior<\/strong>, CEO da Salutem Bank Gest\u00e3o de Sa\u00fade e Consultoria.<\/p>\n<p>Na concep\u00e7\u00e3o de\u00a0<strong>Salvador Gullo<\/strong>, a\u00a0<strong>evolu\u00e7\u00e3o tecnol\u00f3gica<\/strong>\u00a0tem conduzido a um modo de vida diferente do que todos estavam acostumados. Ele afirma que novos h\u00e1bitos de vida e novos comportamentos geram novas necessidades.\u00a0<em>\u201cA jornada de transforma\u00e7\u00e3o\u00a0digital\u00a0da\u00a0sa\u00fade\u00a0\u00e9 um processo cont\u00ednuo e sem fim, e n\u00f3s m\u00e9dicos precisamos estar atentos \u00e0s mudan\u00e7as que acontecem cada vez mais rapidamente para podermos nos adaptar mais facilmente<\/em>\u201d.<\/p>\n","protected":false},"excerpt":{"rendered":"<p>fonte: Sa\u00fade Business A\u00a0Organiza\u00e7\u00e3o Nacional de Acredita\u00e7\u00e3o (ONA)\u00a0oficializa o\u00a0Comit\u00ea de Sa\u00fade Digital, que tem como objetivo analisar a trajet\u00f3ria do paciente e identificar pontos cr\u00edticos para a aplicabilidade da telemedicina, identificar pontos importantes da gest\u00e3o e lideran\u00e7a que impactam na telemedicina e levantar pontos cr\u00edticos sobre os processos de apoio, que t\u00eam impacto para que [&hellip;]<\/p>\n","protected":false},"author":1,"featured_media":0,"comment_status":"closed","ping_status":"open","sticky":false,"template":"","format":"standard","meta":{"ngg_post_thumbnail":0,"footnotes":""},"categories":[2],"tags":[],"class_list":["post-11721","post","type-post","status-publish","format-standard","hentry","category-noticias"],"aioseo_notices":[],"gutentor_comment":0,"_links":{"self":[{"href":"https:\/\/sobedrj.com.br\/novo\/wp-json\/wp\/v2\/posts\/11721","targetHints":{"allow":["GET"]}}],"collection":[{"href":"https:\/\/sobedrj.com.br\/novo\/wp-json\/wp\/v2\/posts"}],"about":[{"href":"https:\/\/sobedrj.com.br\/novo\/wp-json\/wp\/v2\/types\/post"}],"author":[{"embeddable":true,"href":"https:\/\/sobedrj.com.br\/novo\/wp-json\/wp\/v2\/users\/1"}],"replies":[{"embeddable":true,"href":"https:\/\/sobedrj.com.br\/novo\/wp-json\/wp\/v2\/comments?post=11721"}],"version-history":[{"count":1,"href":"https:\/\/sobedrj.com.br\/novo\/wp-json\/wp\/v2\/posts\/11721\/revisions"}],"predecessor-version":[{"id":11724,"href":"https:\/\/sobedrj.com.br\/novo\/wp-json\/wp\/v2\/posts\/11721\/revisions\/11724"}],"wp:attachment":[{"href":"https:\/\/sobedrj.com.br\/novo\/wp-json\/wp\/v2\/media?parent=11721"}],"wp:term":[{"taxonomy":"category","embeddable":true,"href":"https:\/\/sobedrj.com.br\/novo\/wp-json\/wp\/v2\/categories?post=11721"},{"taxonomy":"post_tag","embeddable":true,"href":"https:\/\/sobedrj.com.br\/novo\/wp-json\/wp\/v2\/tags?post=11721"}],"curies":[{"name":"wp","href":"https:\/\/api.w.org\/{rel}","templated":true}]}}