{"id":11729,"date":"2021-02-08T10:10:18","date_gmt":"2021-02-08T10:10:18","guid":{"rendered":"http:\/\/sobedrj.com.br\/novo\/?p=11729"},"modified":"2021-02-08T22:09:04","modified_gmt":"2021-02-08T22:09:04","slug":"saude-atualiza-sistema-de-gestao-de-informacoes-de-residentes","status":"publish","type":"post","link":"https:\/\/sobedrj.com.br\/novo\/2021\/02\/08\/saude-atualiza-sistema-de-gestao-de-informacoes-de-residentes\/","title":{"rendered":"Sa\u00fade atualiza sistema de gest\u00e3o de informa\u00e7\u00f5es de residentes"},"content":{"rendered":"<p>fonte: Minist\u00e9rio da Sa\u00fade<\/p>\n<p>om o objetivo de aprimorar o acompanhamento e gerenciamento das informa\u00e7\u00f5es para o pagamento das bolsas dos residentes financiadas pelo Minist\u00e9rio da Sa\u00fade, a pasta atualizou o Sistema de Informa\u00e7\u00f5es Gerenciais do Pr\u00f3-Resid\u00eancias (SIGRESID\u00caNCIAS). A nova vers\u00e3o est\u00e1 dispon\u00edvel desde 1\u00ba de fevereiro.<\/p>\n<p>Por meio do link\u00a0<a class=\"external-link\" title=\"https:\/\/sigresidencias.saude.gov.br\/login\" href=\"https:\/\/sigresidencias.saude.gov.br\/login\" target=\"_self\" rel=\"noopener noreferrer\" data-tippreview-enabled=\"false\" data-tippreview-image=\"\" data-tippreview-title=\"\">https:\/\/sigresidencias.saude.gov.br\/login<\/a>, os residentes do primeiro ano devem realizar uma etapa de complementa\u00e7\u00e3o das suas informa\u00e7\u00f5es, facilitando a ades\u00e3o a editais, agilidade na atualiza\u00e7\u00e3o de informa\u00e7\u00f5es dos programas e dos pr\u00f3prios residentes. A moderniza\u00e7\u00e3o tem a finalidade de qualificar os processos administrativos, gerando mais efici\u00eancia e proporcionando uma experi\u00eancia mais transparente e funcional aos usu\u00e1rios.<\/p>\n<p>A nova vers\u00e3o do SIGRESID\u00caNCIAS \u00e9 uma estrat\u00e9gia de moderniza\u00e7\u00e3o que possibilita, entre outras mudan\u00e7as, que o coordenador da Comiss\u00e3o de Resid\u00eancia M\u00e9dica (COREME) e\/ou Comiss\u00e3o de Resid\u00eancia Multiprofissional em Sa\u00fade e em \u00c1rea Profissional da Sa\u00fade (COREMU) da institui\u00e7\u00e3o parceira cadastre os supervisores de cada programa, al\u00e9m de poder autorizar o residente a fazer o seu pr\u00f3prio cadastro.<\/p>\n<p>\u00c9 importante refor\u00e7ar que, por ser um sistema mais moderno, a institui\u00e7\u00e3o inscrita no SIGRESID\u00caNCIAS precisa realizar novo cadastro e criar novo login. O sistema vai resgatar os dados do antigo cadastro e solicitar atualiza\u00e7\u00e3o.<\/p>\n<p><b>EDITAL<\/b><\/p>\n<p>O edital mais recente do\u00a0<a class=\"external-link\" title=\"\" href=\"https:\/\/www.in.gov.br\/web\/dou\/-\/edital-n-5-de-23-de-setembro-de-2020-279252480\" target=\"_self\" rel=\"noopener noreferrer\" data-tippreview-enabled=\"false\" data-tippreview-image=\"\" data-tippreview-title=\"\">Programa Pr\u00f3-Resid\u00eancia \u00e9 o\u00a0Edital n\u00ba 5, de 23 de setembro de 2020<\/a>, aberto \u00e0 ades\u00e3o de Institui\u00e7\u00f5es federais vinculadas ao Minist\u00e9rio da Sa\u00fade; Institui\u00e7\u00f5es federais vinculadas ao Minist\u00e9rio da Educa\u00e7\u00e3o; Institui\u00e7\u00f5es privadas sem fins lucrativos e \u00f3rg\u00e3os e institui\u00e7\u00f5es p\u00fablicas municipais, estaduais e do Distrito Federal.<\/p>\n<p>Este edital refor\u00e7a os crit\u00e9rios de prioridade territorial para fomentar a resid\u00eancia m\u00e9dica em regi\u00f5es com menores taxas de especialistas e contribui na fixa\u00e7\u00e3o desses profissionais nessas localidades.<\/p>\n<p><b>D\u00daVIDAS<\/b><\/p>\n<p>Para mais informa\u00e7\u00f5es, segue FAQ com as principais d\u00favidas e um manual do novo sistema na p\u00e1gina do SIGRESID\u00caNCIAS, que podem ser acessados nos links:<\/p>\n<p><a class=\"external-link\" title=\"\" href=\"https:\/\/arquivos.bridge.ufsc.br\/SIG\/SIGRESIDENCIAS_PerguntasFrequentes.pdf\" target=\"_self\" rel=\"noopener noreferrer\" data-tippreview-enabled=\"false\" data-tippreview-image=\"\" data-tippreview-title=\"\">https:\/\/arquivos.bridge.ufsc.br\/SIG\/SIGRESIDENCIAS_PerguntasFrequentes.pdf<\/a><\/p>\n<p><a class=\"external-link\" title=\"\" href=\"https:\/\/arquivos.bridge.ufsc.br\/SIG\/Manual_SIGRESIDENCIAS_AdesaoEdital_final.pdf\" target=\"_self\" rel=\"noopener noreferrer\" data-tippreview-enabled=\"false\" data-tippreview-image=\"\" data-tippreview-title=\"\">https:\/\/arquivos.bridge.ufsc.br\/SIG\/Manual_SIGRESIDENCIAS_AdesaoEdital_final.pdf<\/a><\/p>\n","protected":false},"excerpt":{"rendered":"<p>fonte: Minist\u00e9rio da Sa\u00fade om o objetivo de aprimorar o acompanhamento e gerenciamento das informa\u00e7\u00f5es para o pagamento das bolsas dos residentes financiadas pelo Minist\u00e9rio da Sa\u00fade, a pasta atualizou o Sistema de Informa\u00e7\u00f5es Gerenciais do Pr\u00f3-Resid\u00eancias (SIGRESID\u00caNCIAS). A nova vers\u00e3o est\u00e1 dispon\u00edvel desde 1\u00ba de fevereiro. Por meio do link\u00a0https:\/\/sigresidencias.saude.gov.br\/login, os residentes do primeiro [&hellip;]<\/p>\n","protected":false},"author":1,"featured_media":0,"comment_status":"closed","ping_status":"open","sticky":false,"template":"","format":"standard","meta":{"ngg_post_thumbnail":0,"footnotes":""},"categories":[2],"tags":[],"class_list":["post-11729","post","type-post","status-publish","format-standard","hentry","category-noticias"],"aioseo_notices":[],"gutentor_comment":0,"_links":{"self":[{"href":"https:\/\/sobedrj.com.br\/novo\/wp-json\/wp\/v2\/posts\/11729","targetHints":{"allow":["GET"]}}],"collection":[{"href":"https:\/\/sobedrj.com.br\/novo\/wp-json\/wp\/v2\/posts"}],"about":[{"href":"https:\/\/sobedrj.com.br\/novo\/wp-json\/wp\/v2\/types\/post"}],"author":[{"embeddable":true,"href":"https:\/\/sobedrj.com.br\/novo\/wp-json\/wp\/v2\/users\/1"}],"replies":[{"embeddable":true,"href":"https:\/\/sobedrj.com.br\/novo\/wp-json\/wp\/v2\/comments?post=11729"}],"version-history":[{"count":1,"href":"https:\/\/sobedrj.com.br\/novo\/wp-json\/wp\/v2\/posts\/11729\/revisions"}],"predecessor-version":[{"id":11731,"href":"https:\/\/sobedrj.com.br\/novo\/wp-json\/wp\/v2\/posts\/11729\/revisions\/11731"}],"wp:attachment":[{"href":"https:\/\/sobedrj.com.br\/novo\/wp-json\/wp\/v2\/media?parent=11729"}],"wp:term":[{"taxonomy":"category","embeddable":true,"href":"https:\/\/sobedrj.com.br\/novo\/wp-json\/wp\/v2\/categories?post=11729"},{"taxonomy":"post_tag","embeddable":true,"href":"https:\/\/sobedrj.com.br\/novo\/wp-json\/wp\/v2\/tags?post=11729"}],"curies":[{"name":"wp","href":"https:\/\/api.w.org\/{rel}","templated":true}]}}