{"id":11732,"date":"2021-02-08T10:54:33","date_gmt":"2021-02-08T10:54:33","guid":{"rendered":"http:\/\/sobedrj.com.br\/novo\/?p=11732"},"modified":"2021-02-08T22:08:56","modified_gmt":"2021-02-08T22:08:56","slug":"8-em-cada-10-profissionais-de-medicina-da-linha-de-frente-veem-segunda-onda-tao-ou-mais-grave-do-que-a-primeira","status":"publish","type":"post","link":"https:\/\/sobedrj.com.br\/novo\/2021\/02\/08\/8-em-cada-10-profissionais-de-medicina-da-linha-de-frente-veem-segunda-onda-tao-ou-mais-grave-do-que-a-primeira\/","title":{"rendered":"8 em cada 10 profissionais de Medicina da linha de frente veem segunda onda t\u00e3o ou mais grave do que a primeira"},"content":{"rendered":"<p>fonte: AMB<\/p>\n<p><em>Uma linha de frente da Covid-19 composta por m\u00e9dicos exaustos f\u00edsica e emocionalmente, al\u00e9m de apresentando outros sintomas de s\u00edndrome de Burnout.<\/em><\/p>\n<p><em>Falta de leitos, de profissionais, de materiais b\u00e1sicos, como m\u00e1scaras, luvas, prote\u00e7\u00e3o facial e \u00e1lcool em gel, al\u00e9m da insufici\u00eancia de protocolos para uma assist\u00eancia de maior seguran\u00e7a e qualidade.<\/em><\/p>\n<p><em>A percep\u00e7\u00e3o de que a segunda onda chega t\u00e3o ou ainda mais grave que a primeira.<\/em><\/p>\n<p><em>Importante percep\u00e7\u00e3o de tend\u00eancia de alta dos \u00f3bitos e dos n\u00fameros de casos.<\/em><\/p>\n<p><em>Descr\u00e9dito nas autoridades da Sa\u00fade, tanto em rela\u00e7\u00e3o ao presente quanto ao futuro p\u00f3s-pandemia.<\/em><\/p>\n<hr \/>\n<p>Esse \u00e9 o retrato que emerge da I pesquisa nacional\u00a0<strong>Os m\u00e9dicos e a pandemia de Covid-19,\u00a0<\/strong>promovida pela Associa\u00e7\u00e3o M\u00e9dica Brasileira (AMB), com participa\u00e7\u00e3o de 3.882 profissionais de Medicina de todas as regi\u00f5es do Pa\u00eds, em janeiro de 2021.<\/p>\n<p>O levantamento on-line, por meio da plataforma Survey Monkey, foi viabilizado com representa\u00e7\u00f5es estaduais da AMB \u2013 as denominadas Federadas da Associa\u00e7\u00e3o M\u00e9dica Brasileira.<\/p>\n<p>Ali\u00e1s, do ponto de vista estadual, \u00e9 a IV edi\u00e7\u00e3o do levantamento no estado de S\u00e3o Paulo, promovido pela Associa\u00e7\u00e3o Paulista de Medicina (APM), desde os primeiros meses da crise sanit\u00e1ria, para um acompanhamento detalhado.<\/p>\n<hr \/>\n<h3>7 em cada 10 apontam tend\u00eancia de alta de \u00f3bitos<\/h3>\n<p>Indagados sobre a situa\u00e7\u00e3o atual de casos nas unidades que atendem a pacientes com suspeita ou j\u00e1 com Covid-19, 91,5% dos m\u00e9dicos observam tend\u00eancia \u00e0 alta em algum grau.<\/p>\n<p>Quanto aos \u00f3bitos, a tend\u00eancia \u00e9 igualmente de alta para 69,1%, ou seja, praticamente 7 em cada 10.<\/p>\n<hr \/>\n<h3>UTIs lotadas e n\u00fameros cr\u00edticos em Manaus<\/h3>\n<p>Oito em cada 10 entrevistados apresentam a percep\u00e7\u00e3o de que as UTIs est\u00e3o mais lotadas que habitualmente, sendo que 17,7% apontam que isso est\u00e1 comprometendo a qualidade da assist\u00eancia. Especificamente na Regi\u00e3o Norte, o \u00edndice \u00e9 de 21,3% e no Amazonas, esse n\u00famero salta para 54,5%.<\/p>\n<hr \/>\n<h3>8 em cada 10 veem equ\u00edvoco na desativa\u00e7\u00e3o dos hospitais de campanha<\/h3>\n<p>A amostra da pesquisa traz 55,3% de m\u00e9dicos e 44,7% de m\u00e9dicas, totalizando os 3.882 profissionais de Medicina j\u00e1 citados. Eles foram inqueridos sobre a desativa\u00e7\u00e3o dos hospitais de campanha, algo que ocorreu por todo o Brasil nos meses finais de 2020. O entendimento de 81,4% \u00e9 de que tal decis\u00e3o foi equivocada.<\/p>\n<hr \/>\n<h3>Falta de \u00e1lcool gel at\u00e9 protocolos de conduta<\/h3>\n<p>Um ano ap\u00f3s o in\u00edcio da pandemia, mais de 220 mil mortes j\u00e1 foram contabilizadas no Brasil e quase a bater 10 milh\u00f5es de casos, 64% dos m\u00e9dicos que retornaram os question\u00e1rios seguem apontando defici\u00eancias b\u00e1sicas nos locais em que prestam aten\u00e7\u00e3o \u00e0 pandemia de Covid-19. \u00a0As insufici\u00eancias:<\/p>\n<p><img loading=\"lazy\" decoding=\"async\" class=\"aligncenter size-full wp-image-11734\" src=\"http:\/\/sobedrj.com.br\/novo\/wp-content\/uploads\/2021\/02\/img-pesquisa-1-1.png\" alt=\"\" width=\"1239\" height=\"696\" srcset=\"https:\/\/sobedrj.com.br\/novo\/wp-content\/uploads\/2021\/02\/img-pesquisa-1-1.png 1239w, https:\/\/sobedrj.com.br\/novo\/wp-content\/uploads\/2021\/02\/img-pesquisa-1-1-300x169.png 300w, https:\/\/sobedrj.com.br\/novo\/wp-content\/uploads\/2021\/02\/img-pesquisa-1-1-768x431.png 768w, https:\/\/sobedrj.com.br\/novo\/wp-content\/uploads\/2021\/02\/img-pesquisa-1-1-1024x575.png 1024w, https:\/\/sobedrj.com.br\/novo\/wp-content\/uploads\/2021\/02\/img-pesquisa-1-1-600x337.png 600w, https:\/\/sobedrj.com.br\/novo\/wp-content\/uploads\/2021\/02\/img-pesquisa-1-1-1200x674.png 1200w\" sizes=\"auto, (max-width: 1239px) 100vw, 1239px\" \/><\/p>\n<hr \/>\n<h3>O devastador efeito do v\u00edrus fake news<\/h3>\n<p>Al\u00e9m de todos esses problemas e defici\u00eancias, a assist\u00eancia \u00e9 impactada por recorrentes fake news e informa\u00e7\u00f5es sem comprova\u00e7\u00e3o cient\u00edfica. Somam mais de 9 entre 10 (91,6% dos pesquisados) os que citam interfer\u00eancia negativa das not\u00edcias falsas, como o descr\u00e9dito da Ci\u00eancia, a dificuldade de os pacientes aceitarem as decis\u00f5es dos profissionais de Sa\u00fade, o desprezo \u00e0s medidas de isolamento e press\u00e3o para que sejam receitados medicamentos sem comprova\u00e7\u00e3o cient\u00edfica de efic\u00e1cia.<\/p>\n<hr \/>\n<h3>M\u00e9dicos exaustos e sobrecarregados<\/h3>\n<p>Naturalmente, h\u00e1 agravantes que se explicam pelo pr\u00f3prio cen\u00e1rio no qual os m\u00e9dicos atuam e relatam no levantamento. Um deles \u00e9 que a s\u00edndrome de Burnout amea\u00e7a a linha de frente. Hoje, a percep\u00e7\u00e3o \u00e9 de profissionais exaustos f\u00edsica e emocionalmente, estressados, ansiosos etc.<\/p>\n<p><img loading=\"lazy\" decoding=\"async\" class=\"aligncenter size-full wp-image-11735\" src=\"http:\/\/sobedrj.com.br\/novo\/wp-content\/uploads\/2021\/02\/img-pesquisa-2.png\" alt=\"\" width=\"1239\" height=\"696\" srcset=\"https:\/\/sobedrj.com.br\/novo\/wp-content\/uploads\/2021\/02\/img-pesquisa-2.png 1239w, https:\/\/sobedrj.com.br\/novo\/wp-content\/uploads\/2021\/02\/img-pesquisa-2-300x169.png 300w, https:\/\/sobedrj.com.br\/novo\/wp-content\/uploads\/2021\/02\/img-pesquisa-2-768x431.png 768w, https:\/\/sobedrj.com.br\/novo\/wp-content\/uploads\/2021\/02\/img-pesquisa-2-1024x575.png 1024w, https:\/\/sobedrj.com.br\/novo\/wp-content\/uploads\/2021\/02\/img-pesquisa-2-600x337.png 600w, https:\/\/sobedrj.com.br\/novo\/wp-content\/uploads\/2021\/02\/img-pesquisa-2-1200x674.png 1200w\" sizes=\"auto, (max-width: 1239px) 100vw, 1239px\" \/><\/p>\n<hr \/>\n<h3>O distanciamento da popula\u00e7\u00e3o\u2026 da preven\u00e7\u00e3o<\/h3>\n<p>Outra consequ\u00eancia relacionada \u00e0s fake news e \u00e0 desinforma\u00e7\u00e3o proposital se d\u00e1 no descomprometimento de parcela da popula\u00e7\u00e3o com as medidas de preven\u00e7\u00e3o ao novo coronav\u00edrus. Os m\u00e9dicos foram questionados sobre como avaliam a resposta \u00e0s orienta\u00e7\u00f5es para o uso de m\u00e1scara, isolamento, distanciamento etc., e 50,5% dizem que em nenhuma delas h\u00e1 ades\u00e3o suficiente.<\/p>\n<p><img loading=\"lazy\" decoding=\"async\" class=\"aligncenter size-full wp-image-11736\" src=\"http:\/\/sobedrj.com.br\/novo\/wp-content\/uploads\/2021\/02\/img-pesquisa-3.png\" alt=\"\" width=\"1239\" height=\"696\" srcset=\"https:\/\/sobedrj.com.br\/novo\/wp-content\/uploads\/2021\/02\/img-pesquisa-3.png 1239w, https:\/\/sobedrj.com.br\/novo\/wp-content\/uploads\/2021\/02\/img-pesquisa-3-300x169.png 300w, https:\/\/sobedrj.com.br\/novo\/wp-content\/uploads\/2021\/02\/img-pesquisa-3-768x431.png 768w, https:\/\/sobedrj.com.br\/novo\/wp-content\/uploads\/2021\/02\/img-pesquisa-3-1024x575.png 1024w, https:\/\/sobedrj.com.br\/novo\/wp-content\/uploads\/2021\/02\/img-pesquisa-3-600x337.png 600w, https:\/\/sobedrj.com.br\/novo\/wp-content\/uploads\/2021\/02\/img-pesquisa-3-1200x674.png 1200w\" sizes=\"auto, (max-width: 1239px) 100vw, 1239px\" \/><\/p>\n<hr \/>\n<h3>7 a cada 10 citam casos de pacientes infectados que apresentam sequelas ap\u00f3s a cura<\/h3>\n<p>Entre as sequelas, s\u00e3o recorrentes eventos card\u00edacos, acidente vascular cerebral e trombose, al\u00e9m das que seguem em destaque:<\/p>\n<p><img loading=\"lazy\" decoding=\"async\" class=\"aligncenter size-full wp-image-11737\" src=\"http:\/\/sobedrj.com.br\/novo\/wp-content\/uploads\/2021\/02\/img-pesquisa-4-1536x864.png\" alt=\"\" width=\"1536\" height=\"864\" srcset=\"https:\/\/sobedrj.com.br\/novo\/wp-content\/uploads\/2021\/02\/img-pesquisa-4-1536x864.png 1536w, https:\/\/sobedrj.com.br\/novo\/wp-content\/uploads\/2021\/02\/img-pesquisa-4-1536x864-300x169.png 300w, https:\/\/sobedrj.com.br\/novo\/wp-content\/uploads\/2021\/02\/img-pesquisa-4-1536x864-768x432.png 768w, https:\/\/sobedrj.com.br\/novo\/wp-content\/uploads\/2021\/02\/img-pesquisa-4-1536x864-1024x576.png 1024w, https:\/\/sobedrj.com.br\/novo\/wp-content\/uploads\/2021\/02\/img-pesquisa-4-1536x864-600x338.png 600w, https:\/\/sobedrj.com.br\/novo\/wp-content\/uploads\/2021\/02\/img-pesquisa-4-1536x864-1200x675.png 1200w\" sizes=\"auto, (max-width: 1536px) 100vw, 1536px\" \/><\/p>\n<hr \/>\n<h3>Quase 25% dos m\u00e9dicos pesquisados j\u00e1 tiveram Covid-19<\/h3>\n<p>Enquanto a rela\u00e7\u00e3o de casos de Covid-19 entre os 209 milh\u00f5es de brasileiros \u00e9 de 4,3%, a raz\u00e3o entre os m\u00e9dicos da linha de frente pesquisados \u00e9 de 23,4%.<\/p>\n<p>Outro n\u00famero que impressiona: 3 em cada 10 consideram que as autoridades de Sa\u00fade n\u00e3o est\u00e3o aplicando adequadamente uma s\u00f3 medida. E o que causa mais perplexidade ainda: 76,10% veem inadequa\u00e7\u00f5es nas orienta\u00e7\u00f5es de isolamento, 80% em rela\u00e7\u00e3o \u00e0 necessidade de ventila\u00e7\u00e3o de ambientes, 56% insufici\u00eancias no tocante a evitar aglomera\u00e7\u00f5es, 88,6% no rastreamento aos contactantes e 76,10% inadequa\u00e7\u00f5es no quesito campanha para busca de servi\u00e7os de Sa\u00fade em caso de sintomas.<\/p>\n<p><img loading=\"lazy\" decoding=\"async\" class=\"aligncenter size-full wp-image-11738\" src=\"http:\/\/sobedrj.com.br\/novo\/wp-content\/uploads\/2021\/02\/img-pesquisa-5-1536x864.png\" alt=\"\" width=\"1536\" height=\"864\" srcset=\"https:\/\/sobedrj.com.br\/novo\/wp-content\/uploads\/2021\/02\/img-pesquisa-5-1536x864.png 1536w, https:\/\/sobedrj.com.br\/novo\/wp-content\/uploads\/2021\/02\/img-pesquisa-5-1536x864-300x169.png 300w, https:\/\/sobedrj.com.br\/novo\/wp-content\/uploads\/2021\/02\/img-pesquisa-5-1536x864-768x432.png 768w, https:\/\/sobedrj.com.br\/novo\/wp-content\/uploads\/2021\/02\/img-pesquisa-5-1536x864-1024x576.png 1024w, https:\/\/sobedrj.com.br\/novo\/wp-content\/uploads\/2021\/02\/img-pesquisa-5-1536x864-600x338.png 600w, https:\/\/sobedrj.com.br\/novo\/wp-content\/uploads\/2021\/02\/img-pesquisa-5-1536x864-1200x675.png 1200w\" sizes=\"auto, (max-width: 1536px) 100vw, 1536px\" \/><\/p>\n<hr \/>\n<h3>Como os m\u00e9dicos pesquisados analisam medicamentos<\/h3>\n<p>Os m\u00e9dicos pesquisados tamb\u00e9m foram convidados a se posicionar sobre a cloroquina, a ivermectina e outros medicamentos. O quadro, abaixo, traz uma s\u00edntese das percep\u00e7\u00f5es:<\/p>\n<p><img loading=\"lazy\" decoding=\"async\" class=\"aligncenter size-full wp-image-11739\" src=\"http:\/\/sobedrj.com.br\/novo\/wp-content\/uploads\/2021\/02\/img-pesquisa-6-1536x864.png\" alt=\"\" width=\"1536\" height=\"864\" srcset=\"https:\/\/sobedrj.com.br\/novo\/wp-content\/uploads\/2021\/02\/img-pesquisa-6-1536x864.png 1536w, https:\/\/sobedrj.com.br\/novo\/wp-content\/uploads\/2021\/02\/img-pesquisa-6-1536x864-300x169.png 300w, https:\/\/sobedrj.com.br\/novo\/wp-content\/uploads\/2021\/02\/img-pesquisa-6-1536x864-768x432.png 768w, https:\/\/sobedrj.com.br\/novo\/wp-content\/uploads\/2021\/02\/img-pesquisa-6-1536x864-1024x576.png 1024w, https:\/\/sobedrj.com.br\/novo\/wp-content\/uploads\/2021\/02\/img-pesquisa-6-1536x864-600x338.png 600w, https:\/\/sobedrj.com.br\/novo\/wp-content\/uploads\/2021\/02\/img-pesquisa-6-1536x864-1200x675.png 1200w\" sizes=\"auto, (max-width: 1536px) 100vw, 1536px\" \/><\/p>\n<hr \/>\n<h3>97,5% v\u00e3o se vacinar e orientar pacientes a tamb\u00e9m o fazerem<\/h3>\n<p>Quanto \u00e0 imuniza\u00e7\u00e3o, 97,5% pretendem ser vacinados contra a Covid-19 e prescrever\u00e3o a imuniza\u00e7\u00e3o para seus pacientes.<\/p>\n<p><img loading=\"lazy\" decoding=\"async\" class=\"aligncenter size-full wp-image-11740\" src=\"http:\/\/sobedrj.com.br\/novo\/wp-content\/uploads\/2021\/02\/img-pesquisa-7-1536x864.png\" alt=\"\" width=\"1536\" height=\"864\" srcset=\"https:\/\/sobedrj.com.br\/novo\/wp-content\/uploads\/2021\/02\/img-pesquisa-7-1536x864.png 1536w, https:\/\/sobedrj.com.br\/novo\/wp-content\/uploads\/2021\/02\/img-pesquisa-7-1536x864-300x169.png 300w, https:\/\/sobedrj.com.br\/novo\/wp-content\/uploads\/2021\/02\/img-pesquisa-7-1536x864-768x432.png 768w, https:\/\/sobedrj.com.br\/novo\/wp-content\/uploads\/2021\/02\/img-pesquisa-7-1536x864-1024x576.png 1024w, https:\/\/sobedrj.com.br\/novo\/wp-content\/uploads\/2021\/02\/img-pesquisa-7-1536x864-600x338.png 600w, https:\/\/sobedrj.com.br\/novo\/wp-content\/uploads\/2021\/02\/img-pesquisa-7-1536x864-1200x675.png 1200w\" sizes=\"auto, (max-width: 1536px) 100vw, 1536px\" \/><\/p>\n<hr \/>\n<h3>Descr\u00e9dito quanto \u00e0s autoridades da Sa\u00fade<\/h3>\n<p>99% acham que deve haver mudan\u00e7as na Sa\u00fade do Brasil p\u00f3s-pandemia, por\u00e9m, 73% n\u00e3o creem que os gestores e autoridades passar\u00e3o a tratar as fragilidades hist\u00f3ricas do sistema de forma mais profissional e priorit\u00e1ria. Junte-se a isso que a aprova\u00e7\u00e3o do Minist\u00e9rio da Sa\u00fade fica em 16,60% considerando os pesquisados de S\u00e3o Paulo, contra 72% da \u00e9poca em que o titular era Luiz Henrique Mandetta.<\/p>\n<h2 style=\"text-align: center;\"><a href=\"https:\/\/amb.org.br\/wp-content\/uploads\/2021\/02\/Pesquisa-APM_AMB_FGV_m%C3%A9dicos-e-covid-19_fev2021.pdf\" target=\"_blank\" rel=\"noopener\">CONFIRA A PESQUISA COMPLETA<\/a><\/h2>\n","protected":false},"excerpt":{"rendered":"<p>fonte: AMB Uma linha de frente da Covid-19 composta por m\u00e9dicos exaustos f\u00edsica e emocionalmente, al\u00e9m de apresentando outros sintomas de s\u00edndrome de Burnout. Falta de leitos, de profissionais, de materiais b\u00e1sicos, como m\u00e1scaras, luvas, prote\u00e7\u00e3o facial e \u00e1lcool em gel, al\u00e9m da insufici\u00eancia de protocolos para uma assist\u00eancia de maior seguran\u00e7a e qualidade. A [&hellip;]<\/p>\n","protected":false},"author":1,"featured_media":0,"comment_status":"closed","ping_status":"open","sticky":false,"template":"","format":"standard","meta":{"ngg_post_thumbnail":0,"footnotes":""},"categories":[2],"tags":[],"class_list":["post-11732","post","type-post","status-publish","format-standard","hentry","category-noticias"],"aioseo_notices":[],"gutentor_comment":0,"_links":{"self":[{"href":"https:\/\/sobedrj.com.br\/novo\/wp-json\/wp\/v2\/posts\/11732","targetHints":{"allow":["GET"]}}],"collection":[{"href":"https:\/\/sobedrj.com.br\/novo\/wp-json\/wp\/v2\/posts"}],"about":[{"href":"https:\/\/sobedrj.com.br\/novo\/wp-json\/wp\/v2\/types\/post"}],"author":[{"embeddable":true,"href":"https:\/\/sobedrj.com.br\/novo\/wp-json\/wp\/v2\/users\/1"}],"replies":[{"embeddable":true,"href":"https:\/\/sobedrj.com.br\/novo\/wp-json\/wp\/v2\/comments?post=11732"}],"version-history":[{"count":1,"href":"https:\/\/sobedrj.com.br\/novo\/wp-json\/wp\/v2\/posts\/11732\/revisions"}],"predecessor-version":[{"id":11741,"href":"https:\/\/sobedrj.com.br\/novo\/wp-json\/wp\/v2\/posts\/11732\/revisions\/11741"}],"wp:attachment":[{"href":"https:\/\/sobedrj.com.br\/novo\/wp-json\/wp\/v2\/media?parent=11732"}],"wp:term":[{"taxonomy":"category","embeddable":true,"href":"https:\/\/sobedrj.com.br\/novo\/wp-json\/wp\/v2\/categories?post=11732"},{"taxonomy":"post_tag","embeddable":true,"href":"https:\/\/sobedrj.com.br\/novo\/wp-json\/wp\/v2\/tags?post=11732"}],"curies":[{"name":"wp","href":"https:\/\/api.w.org\/{rel}","templated":true}]}}