{"id":11742,"date":"2021-02-08T11:07:28","date_gmt":"2021-02-08T11:07:28","guid":{"rendered":"http:\/\/sobedrj.com.br\/novo\/?p=11742"},"modified":"2021-02-08T22:08:47","modified_gmt":"2021-02-08T22:08:47","slug":"marco-azul-a-importancia-da-prevencao-do-ccr","status":"publish","type":"post","link":"https:\/\/sobedrj.com.br\/novo\/2021\/02\/08\/marco-azul-a-importancia-da-prevencao-do-ccr\/","title":{"rendered":"Mar\u00e7o Azul: a import\u00e2ncia da preven\u00e7\u00e3o do CCR"},"content":{"rendered":"<p>fonte: SOBED<\/p>\n<div>\n<p class=\"bodytext\">A SOBED est\u00e1 se mobilizando para o m\u00eas de conscientiza\u00e7\u00e3o do c\u00e2ncer colorretal, o Mar\u00e7o Azul.<\/p>\n<\/div>\n<div>\n<p class=\"bodytext\"><span xml:lang=\"PT-BR\">O c\u00e2ncer colorretal (CCR), isto \u00e9, o c\u00e2ncer que atinge o intestino grosso ou o reto, \u00e9 um dos tumores malignos mais frequentes no mundo\u00a0<\/span><span xml:lang=\"PT-BR\">e<\/span><span xml:lang=\"PT-BR\">\u00a0<\/span>um dos que mais mata.<\/p>\n<\/div>\n<div>\n<p class=\"bodytext\"><span xml:lang=\"PT-BR\">Nos Estados Unidos da Am\u00e9rica, o CCR \u00e9 o terceiro tipo de c\u00e2ncer mais frequente em homens e mulheres, sendo respons\u00e1vel por 135.430 casos novos e 50.260 \u00f3bitos em 2017. A incid\u00eancia do CCR \u00e9 de 40,7 casos por 100.000 pessoas e a morte relacionada a este tumor de 14,8\/100.000.<\/span><\/p>\n<\/div>\n<div>\n<p class=\"bodytext\"><span xml:lang=\"PT-BR\">A chance de um indiv\u00edduo desenvolver esta neoplasia durante a vida \u00e9 da ordem de 4,3% sendo que a maioria das pessoas tem o diagn\u00f3stico a partir dos 50 anos de idade.<\/span><\/p>\n<\/div>\n<div>\n<p class=\"bodytext\"><span xml:lang=\"PT-BR\">No Brasil, o Instituto Nacional do C\u00e2ncer (INCA) estimou para o ano de 2020, 17.380 casos novos do CCR em homens e 18.980 em mulheres o que corresponde a um risco de 16,83 por 100.000 homens e de 17,90 para cada 100.000 mulheres.<\/span><\/p>\n<\/div>\n<div>\n<p class=\"bodytext\"><span xml:lang=\"PT-BR\">Considerando esses n\u00fameros, no Brasil o CCR \u00e9 o segundo tipo de c\u00e2ncer mais frequente em mulheres e homens, excluindo-se os casos de tumores de pele.<\/span><\/p>\n<\/div>\n<div>\n<p class=\"bodytext\"><span xml:lang=\"PT-BR\">\u00c9 previsto, no Brasil, uma eleva\u00e7\u00e3o nas taxas de mortalidade relacionadas ao CCR at\u00e9 o ano de 2025 principalmente devido ao processo de envelhecimento da\u00a0<\/span><span xml:lang=\"PT-BR\">popula\u00e7\u00e3o. Esta tend\u00eancia dever\u00e1 ser mais pronunciada nas regi\u00f5es menos desenvolvidas como Norte, Nordeste e Centro Oeste.<\/span><span xml:lang=\"PT-BR\">\u00a0<\/span><\/p>\n<\/div>\n<div>\n<p class=\"bodytext\"><span xml:lang=\"PT-BR\">O est\u00e1dio da doen\u00e7a no momento do diagn\u00f3stico \u00e9 determinante na sobrevida. Assim, enquanto aqueles pacientes com doen\u00e7a restrita \u00e0 parede intestinal t\u00eam sobrevida de 90%<\/span><span xml:lang=\"PT-BR\">\u00a0<\/span>em 5 anos<span xml:lang=\"PT-BR\">, aqueles com doen\u00e7a linfonodal a sobrevida \u00e9 de 68% caindo para 10% quando existe comprometimento de outros \u00f3rg\u00e3os \u00e0 dist\u00e2ncia.<\/span><\/p>\n<\/div>\n<div>\n<p class=\"bodytext\"><span xml:lang=\"PT-BR\">O diagn\u00f3stico em fases mais avan\u00e7adas acarreta pior progn\u00f3stico e maiores custos relacionados a procedimentos diagn\u00f3sticos e terap\u00eauticos (cirurgia, quimioterapia, radioterapia).<\/span><\/p>\n<\/div>\n<div>\n<p class=\"bodytext\"><span xml:lang=\"PT-BR\">Apesar do conhecimento da import\u00e2ncia do diagn\u00f3stico precoce, cerca de 85% dos casos s\u00e3o diagnosticados em fase avan\u00e7ada.<\/span><\/p>\n<\/div>\n<div>\n<p class=\"bodytext\"><span xml:lang=\"PT-BR\">Mar\u00e7o \u00e9 considerado o m\u00eas da conscientiza\u00e7\u00e3o da import\u00e2ncia da preven\u00e7\u00e3o do c\u00e2ncer colorretal\u00a0<\/span><span xml:lang=\"PT-BR\">em n\u00edvel mundial\u00a0<\/span><span xml:lang=\"PT-BR\">e a este m\u00eas se vincula a cor azul.<\/span><\/p>\n<\/div>\n<div>\n<p class=\"bodytext\"><span xml:lang=\"PT-BR\">A ideia \u00e9 aproveitar este m\u00eas de mar\u00e7o para difundir a import\u00e2ncia da preven\u00e7\u00e3o do c\u00e2ncer colorretal, atrav\u00e9s da preven\u00e7\u00e3o prim\u00e1ria e secund\u00e1ria.<\/span><\/p>\n<\/div>\n<div>\n<p class=\"bodytext\"><span xml:lang=\"PT-BR\">A preven\u00e7\u00e3o prim\u00e1ria inclui uma s\u00e9rie medidas que visam a remo\u00e7\u00e3o de causa e fatores que implicam na eleva\u00e7\u00e3o da incid\u00eancia do c\u00e2ncer colorretal<\/span><span xml:lang=\"PT-BR\">\u00a0<\/span>tais como tabagismo, alcoolismo, obesidade, sedentarismo, carnes vermelhas, dieta pobre em fibras&#8230;<\/p>\n<\/div>\n<div>\n<p class=\"bodytext\"><span xml:lang=\"PT-BR\">Por outro lado, a preven\u00e7\u00e3o secund\u00e1ria \u00e9 realizada atrav\u00e9s de t\u00e9cnicas de rastreamento que buscam diagnosticar les\u00f5es benignas com potencial de transforma\u00e7\u00e3o para c\u00e2ncer ou estes j\u00e1\u00a0<\/span><span xml:lang=\"PT-BR\">instalados,<\/span><span xml:lang=\"PT-BR\">\u00a0<\/span>mas em fase precoce e ainda com boas chances de cura.<\/p>\n<\/div>\n<div>\n<p class=\"bodytext\"><span xml:lang=\"PT-BR\">Distintamente dos exames diagn\u00f3sticos que s\u00e3o utilizados para o esclarecimento\u00a0<\/span><span xml:lang=\"PT-BR\">da causa de determinados sintomas, como sangramento, mudan\u00e7a do h\u00e1bito intestinal, desconforto abdominal, perda de peso e anemia que ocorrem em fases mais avan\u00e7adas com progn\u00f3stico reservado, o rastreamento \u00e9 definido como a busca de doen\u00e7a em pessoas assintom\u00e1ticas com a finalidade de se diagnosticar altera\u00e7\u00f5es pr\u00e9-malignas ou o c\u00e2ncer em fase inicial cujo tratamento possui melhores resultados.<\/span><\/p>\n<\/div>\n<div>\n<p class=\"bodytext\"><span xml:lang=\"PT-BR\">Os crit\u00e9rios para rastreamento de determinada doen\u00e7a est\u00e3o estabelecidos e o CCR serve como modelo por apresentar caracter\u00edsticas que se enquadram a esses preceitos:\u00a0\u00a0<\/span><\/p>\n<\/div>\n<div>\n<div>\n<ul role=\"list\">\n<li role=\"listitem\" aria-setsize=\"-1\" data-aria-level=\"1\" data-aria-posinset=\"1\" data-font=\"Wingdings\" data-leveltext=\"\uf0d8\" data-listid=\"2\"><span xml:lang=\"PT-BR\" data-contrast=\"auto\">Doen\u00e7a representa problema relevante em Sa\u00fade P\u00fablica.\u00a0\u00a0<\/span><span data-ccp-props=\"{&quot;134233279&quot;:true,&quot;335551550&quot;:6,&quot;335551620&quot;:6,&quot;335559740&quot;:480}\">\u00a0<\/span><\/li>\n<li role=\"listitem\" aria-setsize=\"-1\" data-aria-level=\"1\" data-aria-posinset=\"2\" data-font=\"Wingdings\" data-leveltext=\"\uf0d8\" data-listid=\"2\"><span xml:lang=\"PT-BR\" data-contrast=\"auto\">Hist\u00f3ria Natural bem estabelecida.\u00a0<\/span><span data-ccp-props=\"{&quot;134233279&quot;:true,&quot;335551550&quot;:6,&quot;335551620&quot;:6,&quot;335559740&quot;:480}\">\u00a0<\/span><\/li>\n<li role=\"listitem\" aria-setsize=\"-1\" data-aria-level=\"1\" data-aria-posinset=\"3\" data-font=\"Wingdings\" data-leveltext=\"\uf0d8\" data-listid=\"2\"><span xml:lang=\"PT-BR\" data-contrast=\"auto\">Per\u00edodo pr\u00e9-cl\u00ednico bem definido (assintom\u00e1tico) e com dura\u00e7\u00e3o em que possa ser diagnosticado como les\u00e3o pr\u00e9-maligna (p\u00f3lipos serrilhados e adenomatosos) ou les\u00e3o maligna precoce.\u00a0<\/span><span data-ccp-props=\"{&quot;134233279&quot;:true,&quot;335551550&quot;:6,&quot;335551620&quot;:6,&quot;335559740&quot;:480}\">\u00a0<\/span><\/li>\n<li role=\"listitem\" aria-setsize=\"-1\" data-aria-level=\"1\" data-aria-posinset=\"4\" data-font=\"Wingdings\" data-leveltext=\"\uf0d8\" data-listid=\"2\"><span xml:lang=\"PT-BR\" data-contrast=\"auto\">Benef\u00edcios para o paciente e para a sa\u00fade p\u00fablica vindos da detec\u00e7\u00e3o precoce e do tratamento devem ser maiores do que aqueles vindos do diagn\u00f3stico regular.<\/span><span data-ccp-props=\"{&quot;134233279&quot;:true,&quot;335551550&quot;:6,&quot;335551620&quot;:6,&quot;335559740&quot;:480}\">\u00a0<\/span><\/li>\n<li role=\"listitem\" aria-setsize=\"-1\" data-aria-level=\"1\" data-aria-posinset=\"5\" data-font=\"Wingdings\" data-leveltext=\"\uf0d8\" data-listid=\"2\"><span xml:lang=\"PT-BR\" data-contrast=\"auto\">Testes de Rastreamento dispon\u00edveis, aceit\u00e1veis e confi\u00e1veis.<\/span><span data-ccp-props=\"{&quot;134233279&quot;:true,&quot;335551550&quot;:6,&quot;335551620&quot;:6,&quot;335559740&quot;:480}\">\u00a0<\/span><\/li>\n<\/ul>\n<\/div>\n<\/div>\n<div>\n<div>\n<ul role=\"list\">\n<li role=\"listitem\" aria-setsize=\"-1\" data-aria-level=\"1\" data-aria-posinset=\"1\" data-font=\"Wingdings\" data-leveltext=\"\uf0d8\" data-listid=\"2\"><span xml:lang=\"PT-BR\" data-contrast=\"auto\">Custos compat\u00edveis com o investimento no Sistema de Sa\u00fade.<\/span><span data-ccp-props=\"{&quot;134233279&quot;:true,&quot;335551550&quot;:6,&quot;335551620&quot;:6,&quot;335559740&quot;:480}\">\u00a0<\/span><\/li>\n<li role=\"listitem\" aria-setsize=\"-1\" data-aria-level=\"1\" data-aria-posinset=\"2\" data-font=\"Wingdings\" data-leveltext=\"\uf0d8\" data-listid=\"2\"><span xml:lang=\"PT-BR\" data-contrast=\"auto\">Rastreamento como processo cont\u00ednuo e sistem\u00e1tico.\u00a0<\/span><span data-ccp-props=\"{&quot;134233279&quot;:true,&quot;335551550&quot;:6,&quot;335551620&quot;:6,&quot;335559740&quot;:480}\">\u00a0<\/span><\/li>\n<\/ul>\n<\/div>\n<div>\n<p class=\"bodytext\"><span xml:lang=\"PT-BR\">Para o sucesso na implanta\u00e7\u00e3o e implementa\u00e7\u00e3o de um Programa de Rastreamento e do C\u00e2ncer Colorretal fazem-se necess\u00e1rias algumas caracter\u00edsticas:<\/span><\/p>\n<\/div>\n<div>\n<ul role=\"list\">\n<li role=\"listitem\" aria-setsize=\"-1\" data-aria-level=\"1\" data-aria-posinset=\"3\" data-font=\"Wingdings\" data-leveltext=\"\uf0fc\" data-listid=\"3\"><span xml:lang=\"PT-BR\" data-contrast=\"auto\">Evid\u00eancia Cient\u00edfica da Efic\u00e1cia, Efetividade e Efici\u00eancia;\u00a0<\/span><span data-ccp-props=\"{&quot;134233279&quot;:true,&quot;335551550&quot;:6,&quot;335551620&quot;:6,&quot;335559740&quot;:480}\">\u00a0<\/span><\/li>\n<\/ul>\n<\/div>\n<\/div>\n<div>\n<div>\n<ul role=\"list\">\n<li role=\"listitem\" aria-setsize=\"-1\" data-aria-level=\"1\" data-aria-posinset=\"1\" data-font=\"Wingdings\" data-leveltext=\"\uf0fc\" data-listid=\"3\"><span xml:lang=\"PT-BR\" data-contrast=\"auto\">Recursos Suficientes (Humanos, Equipamentos, Tecnologia e para a\u00a0<\/span><span xml:lang=\"PT-BR\" data-contrast=\"auto\">estrutura e log\u00edstica da gest\u00e3o nacional e regional do programa);<\/span><span data-ccp-props=\"{&quot;134233279&quot;:true,&quot;335551550&quot;:6,&quot;335551620&quot;:6,&quot;335559740&quot;:480}\">\u00a0<\/span><\/li>\n<li role=\"listitem\" aria-setsize=\"-1\" data-aria-level=\"1\" data-aria-posinset=\"2\" data-font=\"Wingdings\" data-leveltext=\"\uf0fc\" data-listid=\"3\"><span xml:lang=\"PT-BR\" data-contrast=\"auto\">Suportes para: o Confirma\u00e7\u00e3o Diagn\u00f3stica (Endoscopia-Anatomia Patol\u00f3gica) o Tratamento a ser oferecido (Endosc\u00f3pico e\/ou Cir\u00fargico) e o Vigil\u00e2ncia epidemiol\u00f3gica e Seguimento dos pacientes at\u00e9 limite definido da faixa et\u00e1ria (Endosc\u00f3pica).<\/span><span data-ccp-props=\"{&quot;134233279&quot;:true,&quot;335551550&quot;:6,&quot;335551620&quot;:6,&quot;335559740&quot;:480}\">\u00a0<\/span><\/li>\n<li role=\"listitem\" aria-setsize=\"-1\" data-aria-level=\"1\" data-aria-posinset=\"3\" data-font=\"Wingdings\" data-leveltext=\"\uf0fc\" data-listid=\"3\"><span xml:lang=\"PT-BR\" data-contrast=\"auto\">Preval\u00eancia importante que justifique o Custo;<\/span><span data-ccp-props=\"{&quot;134233279&quot;:true,&quot;335551550&quot;:6,&quot;335551620&quot;:6,&quot;335559740&quot;:480}\">\u00a0<\/span><\/li>\n<li role=\"listitem\" aria-setsize=\"-1\" data-aria-level=\"1\" data-aria-posinset=\"4\" data-font=\"Wingdings\" data-leveltext=\"\uf0fc\" data-listid=\"3\"><span xml:lang=\"PT-BR\" data-contrast=\"auto\">Metas assistenciais estabelecidas a serem atingidas;<\/span><span data-ccp-props=\"{&quot;134233279&quot;:true,&quot;335551550&quot;:6,&quot;335551620&quot;:6,&quot;335559740&quot;:480}\">\u00a0<\/span><\/li>\n<li role=\"listitem\" aria-setsize=\"-1\" data-aria-level=\"1\" data-aria-posinset=\"5\" data-font=\"Wingdings\" data-leveltext=\"\uf0fc\" data-listid=\"3\"><span xml:lang=\"PT-BR\" data-contrast=\"auto\">Monitoriza\u00e7\u00e3o dos resultados, replanejamento e ajustes;<\/span><span data-ccp-props=\"{&quot;134233279&quot;:true,&quot;335551550&quot;:6,&quot;335551620&quot;:6,&quot;335559740&quot;:480}\">\u00a0<\/span><\/li>\n<\/ul>\n<\/div>\n<\/div>\n<div>\n<div>\n<ul role=\"list\">\n<li role=\"listitem\" aria-setsize=\"-1\" data-aria-level=\"1\" data-aria-posinset=\"1\" data-font=\"Wingdings\" data-leveltext=\"\uf0fc\" data-listid=\"3\"><span xml:lang=\"PT-BR\" data-contrast=\"auto\">Pol\u00edtica de educa\u00e7\u00e3o permanente para todos os atores envolvidos no programa de preven\u00e7\u00e3o de mortalidade pelo c\u00e2ncer colorretal;<\/span><span data-ccp-props=\"{&quot;134233279&quot;:true,&quot;335551550&quot;:6,&quot;335551620&quot;:6,&quot;335559740&quot;:480}\">\u00a0<\/span><\/li>\n<li role=\"listitem\" aria-setsize=\"-1\" data-aria-level=\"1\" data-aria-posinset=\"2\" data-font=\"Wingdings\" data-leveltext=\"\uf0fc\" data-listid=\"3\"><span xml:lang=\"PT-BR\" data-contrast=\"auto\">Estar inserido como pol\u00edtica de sa\u00fade p\u00fablica, baseado na aten\u00e7\u00e3o prim\u00e1ria \u00e0 sa\u00fade;\u00a0<\/span><span data-ccp-props=\"{&quot;134233279&quot;:true,&quot;335551550&quot;:6,&quot;335551620&quot;:6,&quot;335559740&quot;:480}\">\u00a0<\/span><\/li>\n<li role=\"listitem\" aria-setsize=\"-1\" data-aria-level=\"1\" data-aria-posinset=\"3\" data-font=\"Wingdings\" data-leveltext=\"\uf0fc\" data-listid=\"3\"><span xml:lang=\"PT-BR\" data-contrast=\"auto\">Forte comunica\u00e7\u00e3o com a popula\u00e7\u00e3o, com ampla divulga\u00e7\u00e3o e esclarecimento sobre a necessidade de participar das a\u00e7\u00f5es de preven\u00e7\u00e3o da mortalidade pelo c\u00e2ncer colorretal. Existem evid\u00eancias consistentes na literatura m\u00e9dica<\/span><span data-ccp-props=\"{&quot;134233279&quot;:true,&quot;335551550&quot;:6,&quot;335551620&quot;:6,&quot;335559740&quot;:480}\">\u00a0<\/span><\/li>\n<\/ul>\n<\/div>\n<div>\n<p class=\"bodytext\"><span xml:lang=\"PT-BR\">A import\u00e2ncia do rastreamento do CCR fundamenta-se n\u00e3o somente na possibilidade do diagn\u00f3stico precoce, mas, sobretudo no impacto da\u00a0<\/span><span xml:lang=\"PT-BR\">retirada por endoscopia de les\u00f5es pr<\/span><span xml:lang=\"PT-BR\">\u00e9<\/span><span xml:lang=\"PT-BR\">-malignas<\/span><span xml:lang=\"PT-BR\">,\u00a0<\/span><span xml:lang=\"PT-BR\">o\u00a0<\/span><span xml:lang=\"PT-BR\">que reduz em mais de 50% a mortalidade relacionada a esta neoplasia.<\/span><\/p>\n<\/div>\n<div>\n<p class=\"bodytext\"><span xml:lang=\"PT-BR\">Existem v\u00e1rias t\u00e1ticas para o rastreamento do c\u00e2ncer colorretal no que tange aos exames utilizados e faixa et\u00e1ria que deve ser inclu\u00edda nos programas de rastreamento<\/span><span xml:lang=\"PT-BR\">.<\/span><span xml:lang=\"PT-BR\">\u00a0<\/span><span xml:lang=\"PT-BR\">Na<\/span><span xml:lang=\"PT-BR\">\u00a0<\/span>maioria\u00a0<span xml:lang=\"PT-BR\">dos programas o rastreamento s<\/span><span xml:lang=\"PT-BR\">e inicia aos 45 ou 50 anos e se estende\u00a0<\/span><span xml:lang=\"PT-BR\">at\u00e9 os<\/span><span xml:lang=\"PT-BR\">\u00a0<\/span>70 ou 75 anos\u00a0<span xml:lang=\"PT-BR\">atrav\u00e9s da<\/span><span xml:lang=\"PT-BR\">\u00a0<\/span>pesquisa de sangue oculto nas fezes<span xml:lang=\"PT-BR\">. Somente<\/span><span xml:lang=\"PT-BR\">\u00a0<\/span>pessoas com exame positivo s\u00e3o encaminhadas para colonoscopia.<\/p>\n<\/div>\n<\/div>\n<div>\n<p class=\"bodytext\"><span xml:lang=\"PT-BR\">Os benef\u00edcios do rastreamento do CCR foram reconhecidos h\u00e1 quatro d\u00e9cadas quando se observou o decl\u00ednio da incid\u00eancia do CCR a partir da d\u00e9cada de 1980. O rastreamento de pessoas com risco m\u00e9dio, isto \u00e9, aquelas que n\u00e3o t\u00eam antecedente familiar de CCR, reduz a incid\u00eancia e a mortalidade decorrente deste c\u00e2ncer.<\/span><\/p>\n<\/div>\n<div>\n<p class=\"bodytext\"><span xml:lang=\"PT-BR\">Acompanhe todas as iniciativas da SOBED durante o pr\u00f3ximo m\u00eas.<\/span><\/p>\n<\/div>\n<div>\n<p class=\"bodytext\"><em><span xml:lang=\"PT-BR\">Comiss\u00e3o de A\u00e7\u00f5es Sociais SOBED<\/span>\u00a0<\/em><\/p>\n<\/div>\n","protected":false},"excerpt":{"rendered":"<p>fonte: SOBED A SOBED est\u00e1 se mobilizando para o m\u00eas de conscientiza\u00e7\u00e3o do c\u00e2ncer colorretal, o Mar\u00e7o Azul. O c\u00e2ncer colorretal (CCR), isto \u00e9, o c\u00e2ncer que atinge o intestino grosso ou o reto, \u00e9 um dos tumores malignos mais frequentes no mundo\u00a0e\u00a0um dos que mais mata. Nos Estados Unidos da Am\u00e9rica, o CCR \u00e9 [&hellip;]<\/p>\n","protected":false},"author":1,"featured_media":11744,"comment_status":"closed","ping_status":"open","sticky":false,"template":"","format":"standard","meta":{"ngg_post_thumbnail":0,"footnotes":""},"categories":[2],"tags":[],"class_list":["post-11742","post","type-post","status-publish","format-standard","has-post-thumbnail","hentry","category-noticias"],"aioseo_notices":[],"gutentor_comment":0,"_links":{"self":[{"href":"https:\/\/sobedrj.com.br\/novo\/wp-json\/wp\/v2\/posts\/11742","targetHints":{"allow":["GET"]}}],"collection":[{"href":"https:\/\/sobedrj.com.br\/novo\/wp-json\/wp\/v2\/posts"}],"about":[{"href":"https:\/\/sobedrj.com.br\/novo\/wp-json\/wp\/v2\/types\/post"}],"author":[{"embeddable":true,"href":"https:\/\/sobedrj.com.br\/novo\/wp-json\/wp\/v2\/users\/1"}],"replies":[{"embeddable":true,"href":"https:\/\/sobedrj.com.br\/novo\/wp-json\/wp\/v2\/comments?post=11742"}],"version-history":[{"count":1,"href":"https:\/\/sobedrj.com.br\/novo\/wp-json\/wp\/v2\/posts\/11742\/revisions"}],"predecessor-version":[{"id":11745,"href":"https:\/\/sobedrj.com.br\/novo\/wp-json\/wp\/v2\/posts\/11742\/revisions\/11745"}],"wp:featuredmedia":[{"embeddable":true,"href":"https:\/\/sobedrj.com.br\/novo\/wp-json\/wp\/v2\/media\/11744"}],"wp:attachment":[{"href":"https:\/\/sobedrj.com.br\/novo\/wp-json\/wp\/v2\/media?parent=11742"}],"wp:term":[{"taxonomy":"category","embeddable":true,"href":"https:\/\/sobedrj.com.br\/novo\/wp-json\/wp\/v2\/categories?post=11742"},{"taxonomy":"post_tag","embeddable":true,"href":"https:\/\/sobedrj.com.br\/novo\/wp-json\/wp\/v2\/tags?post=11742"}],"curies":[{"name":"wp","href":"https:\/\/api.w.org\/{rel}","templated":true}]}}