{"id":11755,"date":"2021-02-18T09:38:41","date_gmt":"2021-02-18T09:38:41","guid":{"rendered":"http:\/\/sobedrj.com.br\/novo\/?p=11755"},"modified":"2021-02-18T09:38:41","modified_gmt":"2021-02-18T09:38:41","slug":"mais-doses-mais-recursos-e-adequada-coordenacao-das-acoes-para-acelerar-a-vacinacao-e-proteger-o-brasil","status":"publish","type":"post","link":"https:\/\/sobedrj.com.br\/novo\/2021\/02\/18\/mais-doses-mais-recursos-e-adequada-coordenacao-das-acoes-para-acelerar-a-vacinacao-e-proteger-o-brasil\/","title":{"rendered":"Mais doses, mais recursos e adequada coordena\u00e7\u00e3o das a\u00e7\u00f5es para acelerar a vacina\u00e7\u00e3o e proteger o Brasil"},"content":{"rendered":"<p>fonte: Abrasco<\/p>\n<p>Ap\u00f3s quase um m\u00eas do in\u00edcio da vacina\u00e7\u00e3o contra a Covid-19, o Brasil depara-se com grandes desafios pol\u00edticos e institucionais que amea\u00e7am o adequado enfrentamento da pandemia.<\/p>\n<p>O processo de vacina\u00e7\u00e3o no pa\u00eds vem ocorrendo com grande lentid\u00e3o: at\u00e9 9 de fevereiro de 2021, menos de 2% da popula\u00e7\u00e3o havia recebido a primeira dose, com m\u00e9dia di\u00e1ria de 171 mil doses administradas. Nesse ritmo, ser\u00e3o necess\u00e1rios tr\u00eas anos e meio para vacinar 90% da popula\u00e7\u00e3o.<\/p>\n<p>O Brasil possui grande experi\u00eancia com campanhas de vacina\u00e7\u00e3o, coordenadas pelo Programa Nacional de Imuniza\u00e7\u00f5es (PNI) ao longo de seus 47 anos de exist\u00eancia e com a produ\u00e7\u00e3o nacional de imunobiol\u00f3gicos. Esse ac\u00famulo hist\u00f3rico \u00e9 inconceb\u00edvel com a demora na vacina\u00e7\u00e3o contra Covid-19 e deve ser considerado que:<\/p>\n<ol type=\"1\">\n<li>H\u00e1 escassez de vacinas dispon\u00edveis no pa\u00eds devido \u00e0 limitada produ\u00e7\u00e3o de vacinas em n\u00edvel mundial, \u00e0s dificuldades geradas pelas pol\u00edticas do Governo Federal na posi\u00e7\u00e3o do Brasil no mercado mundial e ao atraso da contrata\u00e7\u00e3o e compra de vacinas e insumos no n\u00edvel central.<\/li>\n<li>H\u00e1 omiss\u00e3o do Governo Federal na condu\u00e7\u00e3o do PNI, o qual historicamente tem exercido indu\u00e7\u00e3o verticalizada da pol\u00edtica de vacina\u00e7\u00e3o para garantir maior coordena\u00e7\u00e3o entre as esferas de governo. Os constantes tensionamentos do Pacto Federativo gerados pelo governo Bolsonaro promoveram a descoordena\u00e7\u00e3o das a\u00e7\u00f5es que se somaram \u00e0 aus\u00eancia de crit\u00e9rios claros por parte do Minist\u00e9rio da Sa\u00fade para definir os grupos priorit\u00e1rios na fase inicial de vacina\u00e7\u00e3o. Isso facilitou o tensionamento com corpora\u00e7\u00f5es profissionais que buscam vacinar trabalhadores de suas categorias, mesmo aqueles que n\u00e3o est\u00e3o na linha de frente.<\/li>\n<li>O fato de apenas 40% das doses repassadas pelo Governo Federal aos munic\u00edpios terem sido aplicadas n\u00e3o demonstra a sufici\u00eancia de doses das vacinas. Ao contr\u00e1rio, a falta das vacinas e a falta de crit\u00e9rios do n\u00edvel central t\u00eam gerado apreens\u00e3o e hesita\u00e7\u00e3o nos gestores locais quanto \u00e0 amplitude e ao intervalo da vacina\u00e7\u00e3o com as doses dispon\u00edveis.<\/li>\n<\/ol>\n<p>A press\u00e3o pela volta \u00e0s aulas nos ensinos fundamental e m\u00e9dio tamb\u00e9m t\u00eam sido alvo de muita pol\u00eamica, especialmente na fase atual de poss\u00edvel imuniza\u00e7\u00e3o. \u00c9 preciso fazer da pandemia uma oportunidade para fortalecer os la\u00e7os com as comunidades escolares, valorizar a educa\u00e7\u00e3o e a escola como espa\u00e7o de criatividade, compartilhamento e forma\u00e7\u00e3o cidad\u00e3. Este espa\u00e7o \u00e9 onde se constr\u00f3i a vis\u00e3o cr\u00edtica da sociedade com promo\u00e7\u00e3o da cultura da paz e da solidariedade. No entanto, a volta\u00e0s aulas deve ser organizada e decidida em parceria entre as \u00e1reas de educa\u00e7\u00e3o, sa\u00fade e assist\u00eancia social junto com a sociedade civil para que solu\u00e7\u00f5es sejam constru\u00eddas coletivamente em cada territ\u00f3rio, garantindo que todas as medidas de seguran\u00e7a e prote\u00e7\u00e3o \u00e0 comunidade escolar e seus familiares sejam seguidas e fiscalizadas.<\/p>\n<p>Al\u00e9m disso, s\u00e3o tamb\u00e9m inaceit\u00e1veis os ataques desferidos pelo l\u00edder do governo na C\u00e2mara dos Deputados \u00e0 Ag\u00eancia Nacional de Vigil\u00e2ncia Sanit\u00e1ria (Anvisa). \u00c9 inquestion\u00e1vel que a autoriza\u00e7\u00e3o do uso emergencial das vacinas no Brasil deve respeitar a ci\u00eancia e preservar a qualidade da fun\u00e7\u00e3o reguladora da Ag\u00eancia, essencial para garantir a circula\u00e7\u00e3o\/comercializa\u00e7\u00e3o de medicamentos e imunobiol\u00f3gicos seguros e eficazes no pa\u00eds.<\/p>\n<p>A transfer\u00eancia completa da tecnologia das vacinas Coronavac e Oxford\/AstraZeneca, com o cumprimento a tempo e a hora do n\u00famero de doses constantes nos acordos, dar\u00e1 novo impulso \u00e0 campanha nacional de vacina\u00e7\u00e3o. Ao mesmo tempo, deve-se investir na aquisi\u00e7\u00e3o de outras vacinas para termos o n\u00famero de doses necess\u00e1rias para vacinar toda a popula\u00e7\u00e3o o mais r\u00e1pido poss\u00edvel, assim como garantir o financiamento de pesquisas para desenvolvimento de vacinas brasileiras.<\/p>\n<p>A identifica\u00e7\u00e3o de novas variantes do v\u00edrus no pa\u00eds indica a necessidade de maior articula\u00e7\u00e3o entre os laborat\u00f3rios para que a vigil\u00e2ncia epidemiol\u00f3gica possa identificar as cadeias de transmiss\u00e3o e orientar as a\u00e7\u00f5es de sa\u00fade p\u00fablica com a devida anteced\u00eancia, bem como alertar para necessidade de adapta\u00e7\u00f5es nas vacinas de forma a manterem sua efic\u00e1cia.<\/p>\n<p>Por fim, consideramos que o SUS necessita de mais recursos em 2021. A pandemia da Covid-19 continua em expans\u00e3o, e contraditoriamente, somente entre janeiro e fevereiro, o n\u00famero de leitos de UTI financiados pelo Governo Federal caiu pela metade, sobrecarregando as outras esferas de governo. \u00c9 fundamental o acr\u00e9scimo de mais recursos para o or\u00e7amento do Minist\u00e9rio da Sa\u00fade. Em 2020, sem considerar despesas com vacina, as despesas do Minist\u00e9rio da Sa\u00fade ultrapassaram R$ 165 bilh\u00f5es. Por isso, exigimos a flexibiliza\u00e7\u00e3o do teto de gastos estabelecido pela EC 95, como proposto na peti\u00e7\u00e3o p\u00fablica liderada pelo Conselho Nacional de Sa\u00fade, para que sejam destinados recursos para o SUS federal que correspondam a um piso de R$ 167,8 bilh\u00f5es neste ano de 2021.<\/p>\n<p>Conclamamos toda a sociedade brasileira a se somar na luta de que o Brasil precisa do SUS e que as vacinas cheguem a todas e todos.<\/p>\n<p>Frente pela Vida<\/p>\n<p>12 de fevereiro de 2021<\/p>\n","protected":false},"excerpt":{"rendered":"<p>fonte: Abrasco Ap\u00f3s quase um m\u00eas do in\u00edcio da vacina\u00e7\u00e3o contra a Covid-19, o Brasil depara-se com grandes desafios pol\u00edticos e institucionais que amea\u00e7am o adequado enfrentamento da pandemia. O processo de vacina\u00e7\u00e3o no pa\u00eds vem ocorrendo com grande lentid\u00e3o: at\u00e9 9 de fevereiro de 2021, menos de 2% da popula\u00e7\u00e3o havia recebido a primeira [&hellip;]<\/p>\n","protected":false},"author":1,"featured_media":0,"comment_status":"closed","ping_status":"open","sticky":false,"template":"","format":"standard","meta":{"ngg_post_thumbnail":0,"footnotes":""},"categories":[2],"tags":[],"class_list":["post-11755","post","type-post","status-publish","format-standard","hentry","category-noticias"],"aioseo_notices":[],"gutentor_comment":0,"_links":{"self":[{"href":"https:\/\/sobedrj.com.br\/novo\/wp-json\/wp\/v2\/posts\/11755","targetHints":{"allow":["GET"]}}],"collection":[{"href":"https:\/\/sobedrj.com.br\/novo\/wp-json\/wp\/v2\/posts"}],"about":[{"href":"https:\/\/sobedrj.com.br\/novo\/wp-json\/wp\/v2\/types\/post"}],"author":[{"embeddable":true,"href":"https:\/\/sobedrj.com.br\/novo\/wp-json\/wp\/v2\/users\/1"}],"replies":[{"embeddable":true,"href":"https:\/\/sobedrj.com.br\/novo\/wp-json\/wp\/v2\/comments?post=11755"}],"version-history":[{"count":1,"href":"https:\/\/sobedrj.com.br\/novo\/wp-json\/wp\/v2\/posts\/11755\/revisions"}],"predecessor-version":[{"id":11758,"href":"https:\/\/sobedrj.com.br\/novo\/wp-json\/wp\/v2\/posts\/11755\/revisions\/11758"}],"wp:attachment":[{"href":"https:\/\/sobedrj.com.br\/novo\/wp-json\/wp\/v2\/media?parent=11755"}],"wp:term":[{"taxonomy":"category","embeddable":true,"href":"https:\/\/sobedrj.com.br\/novo\/wp-json\/wp\/v2\/categories?post=11755"},{"taxonomy":"post_tag","embeddable":true,"href":"https:\/\/sobedrj.com.br\/novo\/wp-json\/wp\/v2\/tags?post=11755"}],"curies":[{"name":"wp","href":"https:\/\/api.w.org\/{rel}","templated":true}]}}