{"id":11784,"date":"2021-02-19T10:46:23","date_gmt":"2021-02-19T10:46:23","guid":{"rendered":"http:\/\/sobedrj.com.br\/novo\/?p=11784"},"modified":"2021-02-19T10:46:23","modified_gmt":"2021-02-19T10:46:23","slug":"falta-diretriz-do-governo-federal-para-conter-nova-variante-do-coronavirus-dizem-especialistas","status":"publish","type":"post","link":"https:\/\/sobedrj.com.br\/novo\/2021\/02\/19\/falta-diretriz-do-governo-federal-para-conter-nova-variante-do-coronavirus-dizem-especialistas\/","title":{"rendered":"Falta diretriz do governo federal para conter nova variante do coronav\u00edrus, dizem especialistas"},"content":{"rendered":"<p>fonte: O Globo<\/p>\n<p>Apesar de a variante P.1 do coronav\u00edrus j\u00e1 estar presente em ao menos dez estados, o Minist\u00e9rio da Sa\u00fade n\u00e3o anunciou, at\u00e9 agora, um plano nacional de conten\u00e7\u00e3o da nova cepa. A pasta afirmou que \u201ctem emitido comunicados aos estados orientando a amplia\u00e7\u00e3o do sequenciamento de rotina dos v\u00edrus Sars-CoV-2, o cont\u00ednuo fortalecimento das atividades de controle da Covid-19 e a investiga\u00e7\u00e3o de casos\u201d. N\u00e3o h\u00e1, por\u00e9m, orienta\u00e7\u00e3o no sentido de prevenir o cont\u00e1gio. S\u00f3 no estado do Rio, j\u00e1 s\u00e3o quatro casos da variante confirmados pela Fiocruz.<\/p>\n<p>Na avalia\u00e7\u00e3o da epidemiologista Ethel Maciel, \u00e9 \u201cextremamente preocupante n\u00e3o haver uma estrat\u00e9gia centralizada pelo governo federal para fazer a vigil\u00e2ncia epidemiol\u00f3gica dessa nova variante no Brasil\u201d.<\/p>\n<p>\u2014 Essa estrat\u00e9gia implica no controle de entradas e sa\u00eddas nos aeroportos dos voos vindos do Amazonas e na amplia\u00e7\u00e3o do sequenciamento gen\u00f4mico das amostras nos estados brasileiros. Para isso, precisamos de financiamento para que os laborat\u00f3rios p\u00fablicos consigam aumentar esse sequenciamento.<\/p>\n<p>Marcus Lacerda, infectologista da Fiocruz-AM, concorda que o controle de voos vindos de Manaus seria uma das maneiras de frear a dissemina\u00e7\u00e3o da variante. Para ele, \u201c\u00e9 quest\u00e3o de tempo\u201d para a nova cepa se tornar dominante no pa\u00eds.<\/p>\n<p>\u2014 \u00c9 claro que, quanto mais viajantes saem de Manaus para outros estados, aumenta-se a quantidade de pessoas que est\u00e3o levando as novas variantes. Mas n\u00e3o s\u00e3o os pacientes transferidos que est\u00e3o contribuindo para isso sozinhos. As viagens de Manaus para outros lugares do Brasil continuam acontecendo normalmente, n\u00e3o \u00e9 \u00e0 toa que a variante est\u00e1 circulando em outros estados.<\/p>\n<p>Os especialistas apontam ainda que os viajantes brasileiros deveriam passar por uma quarentena logo ap\u00f3s retornarem de locais onde j\u00e1 h\u00e1 a circula\u00e7\u00e3o da nova variante, al\u00e9m de fazerem exames para detectar previamente uma poss\u00edvel infec\u00e7\u00e3o. Outra recomenda\u00e7\u00e3o \u00e9 a utiliza\u00e7\u00e3o de m\u00e1scaras com maior poder de filtragem, como a N95. Maciel defende, inclusive, que o governo federal deveria isentar esse equipamento de prote\u00e7\u00e3o individual de impostos a fim de incentivar a produ\u00e7\u00e3o e a compra pela popula\u00e7\u00e3o. Uma sa\u00edda para refor\u00e7ar a prote\u00e7\u00e3o seria usar duas m\u00e1scaras caseiras ao mesmo tempo.<\/p>\n<p>Na opini\u00e3o dos cientistas, um lockdown \u00e9 fundamental.<\/p>\n<p>\u2014 Um lockdown curto, implementado antes da ascens\u00e3o acelerada de novos casos, pode ajudar a segurar a transmiss\u00e3o \u2014 afirma Mellanie Fontes-Dutra, biom\u00e9dica e coordenadora da Rede An\u00e1lise Covid-19, citando estudo da Universidade de Oxford que mostra que fechar todas as institui\u00e7\u00f5es educacionais, limitar as reuni\u00f5es a dez pessoas ou menos e fechar neg\u00f3cios presenciais reduziu consideravelmente a transmiss\u00e3o.<\/p>\n<p>Os especialistas criticam tamb\u00e9m a falta de uma estrat\u00e9gia de comunica\u00e7\u00e3o do governo federal para informar sobre as novas cepas.<\/p>\n<p>\u2014 N\u00e3o vemos o governo se manifestando sobre as variantes, mas vemos l\u00edderes mundiais preocupad\u00edssimos com a nossa variante, principalmente a P.1 , que tem muta\u00e7\u00f5es importantes, que a tornou mais transmiss\u00edvel e com capacidade de driblar o nosso sistema imunol\u00f3gico. N\u00e3o falar sobre o problema n\u00e3o vai faz\u00ea-lo desaparecer \u2014 conclui Maciel.<\/p>\n","protected":false},"excerpt":{"rendered":"<p>fonte: O Globo Apesar de a variante P.1 do coronav\u00edrus j\u00e1 estar presente em ao menos dez estados, o Minist\u00e9rio da Sa\u00fade n\u00e3o anunciou, at\u00e9 agora, um plano nacional de conten\u00e7\u00e3o da nova cepa. A pasta afirmou que \u201ctem emitido comunicados aos estados orientando a amplia\u00e7\u00e3o do sequenciamento de rotina dos v\u00edrus Sars-CoV-2, o cont\u00ednuo [&hellip;]<\/p>\n","protected":false},"author":1,"featured_media":0,"comment_status":"closed","ping_status":"open","sticky":false,"template":"","format":"standard","meta":{"ngg_post_thumbnail":0,"footnotes":""},"categories":[2],"tags":[],"class_list":["post-11784","post","type-post","status-publish","format-standard","hentry","category-noticias"],"aioseo_notices":[],"gutentor_comment":0,"_links":{"self":[{"href":"https:\/\/sobedrj.com.br\/novo\/wp-json\/wp\/v2\/posts\/11784","targetHints":{"allow":["GET"]}}],"collection":[{"href":"https:\/\/sobedrj.com.br\/novo\/wp-json\/wp\/v2\/posts"}],"about":[{"href":"https:\/\/sobedrj.com.br\/novo\/wp-json\/wp\/v2\/types\/post"}],"author":[{"embeddable":true,"href":"https:\/\/sobedrj.com.br\/novo\/wp-json\/wp\/v2\/users\/1"}],"replies":[{"embeddable":true,"href":"https:\/\/sobedrj.com.br\/novo\/wp-json\/wp\/v2\/comments?post=11784"}],"version-history":[{"count":1,"href":"https:\/\/sobedrj.com.br\/novo\/wp-json\/wp\/v2\/posts\/11784\/revisions"}],"predecessor-version":[{"id":11786,"href":"https:\/\/sobedrj.com.br\/novo\/wp-json\/wp\/v2\/posts\/11784\/revisions\/11786"}],"wp:attachment":[{"href":"https:\/\/sobedrj.com.br\/novo\/wp-json\/wp\/v2\/media?parent=11784"}],"wp:term":[{"taxonomy":"category","embeddable":true,"href":"https:\/\/sobedrj.com.br\/novo\/wp-json\/wp\/v2\/categories?post=11784"},{"taxonomy":"post_tag","embeddable":true,"href":"https:\/\/sobedrj.com.br\/novo\/wp-json\/wp\/v2\/tags?post=11784"}],"curies":[{"name":"wp","href":"https:\/\/api.w.org\/{rel}","templated":true}]}}