{"id":11817,"date":"2021-02-25T11:33:28","date_gmt":"2021-02-25T11:33:28","guid":{"rendered":"http:\/\/sobedrj.com.br\/novo\/?p=11817"},"modified":"2021-02-25T11:33:28","modified_gmt":"2021-02-25T11:33:28","slug":"orcamentos-da-saude-e-educacao-sao-conquistas-do-povo-brasileiro-e-nao-podem-ser-mexidos","status":"publish","type":"post","link":"https:\/\/sobedrj.com.br\/novo\/2021\/02\/25\/orcamentos-da-saude-e-educacao-sao-conquistas-do-povo-brasileiro-e-nao-podem-ser-mexidos\/","title":{"rendered":"Or\u00e7amentos da Sa\u00fade e Educa\u00e7\u00e3o s\u00e3o conquistas do povo brasileiro e n\u00e3o podem ser mexidos"},"content":{"rendered":"<p>fonte: Abrasco<\/p>\n<p>Hoje (24\/02) mais de cinquenta entidades das \u00e1reas de sa\u00fade e educa\u00e7\u00e3o se reuniram para discutir os aspectos desastrosos da PEC 186, conhecida como PEC Emergencial, que prop\u00f5e a desvincula\u00e7\u00e3o dos recursos obrigat\u00f3rios para sa\u00fade e educa\u00e7\u00e3o. O direito \u00e0 sa\u00fade e \u00e0 educa\u00e7\u00e3o s\u00e3o assegurados em nossa Constitui\u00e7\u00e3o Federal e foram conquistados a partir de muita luta da sociedade brasileira. Ambos os direitos t\u00eam car\u00e1ter prestacional e dependem de recursos para a sua efetividade. Sem a garantia de recursos suficientes \u00e0 sua manuten\u00e7\u00e3o, o Pa\u00eds viver\u00e1 um grande retrocesso e um desmonte da rede escolar e do SUS.<\/p>\n<p>H\u00e1 normas p\u00e9treas na Constitui\u00e7\u00e3o Federal que n\u00e3o podem ser abolidas por emenda constitucional, como as que garantem direitos e garantias individuais, inclu\u00eddos os direitos sociais considerados fundamentais pelo Supremo Tribunal Federal. Assim, sa\u00fade e educa\u00e7\u00e3o s\u00e3o direitos p\u00e9treos que n\u00e3o podem ser abolidos sob nenhum pretexto.<\/p>\n<p>O relat\u00f3rio da PEC 186, apresentado pelo senador M\u00e1rcio Bittar, mostra que, al\u00e9m de aprofundar medidas de austeridade fiscal no meio da pandemia, ao desvincular o aporte para a sa\u00fade e educa\u00e7\u00e3o do or\u00e7amento geral da Uni\u00e3o, a PEC retira da Uni\u00e3o a obriga\u00e7\u00e3o de prover recursos m\u00ednimos para sa\u00fade e educa\u00e7\u00e3o para a popula\u00e7\u00e3o brasileira. N\u00e3o h\u00e1 c\u00e1lculos dos impactos negativos de tal decis\u00e3o permanente no financiamento de importantes pol\u00edticas sociais.<\/p>\n<p>Neste momento em que o Pa\u00eds enfrenta t\u00e3o grave crise sanit\u00e1ria, o SUS teve um papel fundamental e os efeitos devastadores da pandemia seriam ainda mais profundos se n\u00e3o existisse este sistema p\u00fablico de Sa\u00fade.\u00a0 Al\u00e9m disso, a tentativa de condicionar a aprova\u00e7\u00e3o desta PEC ao retorno do aux\u00edlio emergencial, medida t\u00e3o necess\u00e1ria para proteger milh\u00f5es de brasileiros desempregados ou sobrevivendo no mercado informal, \u00e9 indevida e absurda, pois a aus\u00eancia de garantia de recursos para a sa\u00fade e educa\u00e7\u00e3o lhes rouba o futuro. A PEC 186 n\u00e3o \u00e9 socialmente aceit\u00e1vel e esconde a falta de vontade pol\u00edtica de buscar outras sa\u00eddas, inclusive a taxa\u00e7\u00e3o das grandes fortunas, caminho trilhado por outros pa\u00edses.<\/p>\n<p>Por isso, solicitamos ao Senado Federal que a proposta seja retirada imediatamente de pauta, que seu conte\u00fado seja submetido a ampla discuss\u00e3o com a sociedade e que os direitos sociais inscritos na nossa Carta Magna jamais sejam afetados.<\/p>\n<p><a href=\"http:\/\/link.abrasco.org.br\/accounts\/118857\/messages\/650\/clicks\/29791\/3994?envelope_id=505\"><strong>Clique e confira a lista completa das organiza\u00e7\u00f5es signat\u00e1rias<\/strong><\/a><\/p>\n","protected":false},"excerpt":{"rendered":"<p>fonte: Abrasco Hoje (24\/02) mais de cinquenta entidades das \u00e1reas de sa\u00fade e educa\u00e7\u00e3o se reuniram para discutir os aspectos desastrosos da PEC 186, conhecida como PEC Emergencial, que prop\u00f5e a desvincula\u00e7\u00e3o dos recursos obrigat\u00f3rios para sa\u00fade e educa\u00e7\u00e3o. O direito \u00e0 sa\u00fade e \u00e0 educa\u00e7\u00e3o s\u00e3o assegurados em nossa Constitui\u00e7\u00e3o Federal e foram conquistados [&hellip;]<\/p>\n","protected":false},"author":1,"featured_media":0,"comment_status":"closed","ping_status":"open","sticky":false,"template":"","format":"standard","meta":{"ngg_post_thumbnail":0,"footnotes":""},"categories":[2],"tags":[],"class_list":["post-11817","post","type-post","status-publish","format-standard","hentry","category-noticias"],"aioseo_notices":[],"gutentor_comment":0,"_links":{"self":[{"href":"https:\/\/sobedrj.com.br\/novo\/wp-json\/wp\/v2\/posts\/11817","targetHints":{"allow":["GET"]}}],"collection":[{"href":"https:\/\/sobedrj.com.br\/novo\/wp-json\/wp\/v2\/posts"}],"about":[{"href":"https:\/\/sobedrj.com.br\/novo\/wp-json\/wp\/v2\/types\/post"}],"author":[{"embeddable":true,"href":"https:\/\/sobedrj.com.br\/novo\/wp-json\/wp\/v2\/users\/1"}],"replies":[{"embeddable":true,"href":"https:\/\/sobedrj.com.br\/novo\/wp-json\/wp\/v2\/comments?post=11817"}],"version-history":[{"count":1,"href":"https:\/\/sobedrj.com.br\/novo\/wp-json\/wp\/v2\/posts\/11817\/revisions"}],"predecessor-version":[{"id":11819,"href":"https:\/\/sobedrj.com.br\/novo\/wp-json\/wp\/v2\/posts\/11817\/revisions\/11819"}],"wp:attachment":[{"href":"https:\/\/sobedrj.com.br\/novo\/wp-json\/wp\/v2\/media?parent=11817"}],"wp:term":[{"taxonomy":"category","embeddable":true,"href":"https:\/\/sobedrj.com.br\/novo\/wp-json\/wp\/v2\/categories?post=11817"},{"taxonomy":"post_tag","embeddable":true,"href":"https:\/\/sobedrj.com.br\/novo\/wp-json\/wp\/v2\/tags?post=11817"}],"curies":[{"name":"wp","href":"https:\/\/api.w.org\/{rel}","templated":true}]}}