{"id":11830,"date":"2021-03-15T05:43:07","date_gmt":"2021-03-15T05:43:07","guid":{"rendered":"http:\/\/sobedrj.com.br\/novo\/?p=11830"},"modified":"2021-03-15T17:53:40","modified_gmt":"2021-03-15T17:53:40","slug":"endo-2022-ocorre-em-toquio-de-13-a-15-de-maio","status":"publish","type":"post","link":"https:\/\/sobedrj.com.br\/novo\/2021\/03\/15\/endo-2022-ocorre-em-toquio-de-13-a-15-de-maio\/","title":{"rendered":"Endo 2022 ocorre em T\u00f3quio de 13 a 15 de maio"},"content":{"rendered":"<p>O 3\u00ba Congresso Mundial de Endoscopia Digestiva (Endo 2022) j\u00e1 tem data e local definidos: ser\u00e1 entre os dias 13 e 15 de maio de 2022 (sexta-feira a domingo), em T\u00f3quio, no Jap\u00e3o.<\/p>\n<p>&#8220;Como presidente do Comit\u00ea Cient\u00edfico ENDO 2020, tive o privil\u00e9gio de trabalhar com representantes de muitas sociedades eminentes para desenvolver um programa de ponta que trouxe uma riqueza de experi\u00eancia internacional enriquecida discuss\u00e3o no Rio de Janeiro. Para o 3\u00ba Congresso, estou muito honrado em trabalhar com o co-presidente Hisao Tajiri no planejamento de uma reuni\u00e3o especial que continuar\u00e1 a promover a troca m\u00fatua de experi\u00eancias e conhecimentos no campo da endoscopia\u201d, afirma o\u00a0presidente da Organiza\u00e7\u00e3o Mundial de Endoscopia (WEO), Dr. Fabian Emura,<\/p>\n<p>A WEO sediou seu primeiro Congresso Mundial em Hyderabad, \u00cdndia, em 2017, e o segundo congresso no Rio de Janeiro, em 2020. Ambas as reuni\u00f5es foram de grande sucesso e tiveram participa\u00e7\u00e3o de mais de 3.500 delegados de todas as partes do mundo.<\/p>\n<p>Para esta 3\u00aa edi\u00e7\u00e3o do evento, o programa contar\u00e1 com: demonstra\u00e7\u00f5es ao vivo com profissionais renomados mostrando t\u00e9cnicas b\u00e1sicas e de ponta;\u00a0v\u00eddeos curtos mostrando exemplos de casos novos, inesperados ou excepcionais, com coment\u00e1rios de um painel de especialistas; confer\u00eancia e mesas-redondas com temas atuais e de grande interesse para o endoscopista.<\/p>\n<p>V\u00e1 salvando a data em seu calend\u00e1rio.<\/p>\n<p>Em breve mais informa\u00e7\u00f5es sobre o evento.<\/p>\n","protected":false},"excerpt":{"rendered":"<p>O 3\u00ba Congresso Mundial de Endoscopia Digestiva (Endo 2022) j\u00e1 tem data e local definidos: ser\u00e1 entre os dias 13 e 15 de maio de 2022 (sexta-feira a domingo), em T\u00f3quio, no Jap\u00e3o. &#8220;Como presidente do Comit\u00ea Cient\u00edfico ENDO 2020, tive o privil\u00e9gio de trabalhar com representantes de muitas sociedades eminentes para desenvolver um programa [&hellip;]<\/p>\n","protected":false},"author":1,"featured_media":11832,"comment_status":"closed","ping_status":"open","sticky":false,"template":"","format":"standard","meta":{"ngg_post_thumbnail":0,"footnotes":""},"categories":[2],"tags":[],"class_list":["post-11830","post","type-post","status-publish","format-standard","has-post-thumbnail","hentry","category-noticias"],"aioseo_notices":[],"gutentor_comment":0,"_links":{"self":[{"href":"https:\/\/sobedrj.com.br\/novo\/wp-json\/wp\/v2\/posts\/11830","targetHints":{"allow":["GET"]}}],"collection":[{"href":"https:\/\/sobedrj.com.br\/novo\/wp-json\/wp\/v2\/posts"}],"about":[{"href":"https:\/\/sobedrj.com.br\/novo\/wp-json\/wp\/v2\/types\/post"}],"author":[{"embeddable":true,"href":"https:\/\/sobedrj.com.br\/novo\/wp-json\/wp\/v2\/users\/1"}],"replies":[{"embeddable":true,"href":"https:\/\/sobedrj.com.br\/novo\/wp-json\/wp\/v2\/comments?post=11830"}],"version-history":[{"count":1,"href":"https:\/\/sobedrj.com.br\/novo\/wp-json\/wp\/v2\/posts\/11830\/revisions"}],"predecessor-version":[{"id":11833,"href":"https:\/\/sobedrj.com.br\/novo\/wp-json\/wp\/v2\/posts\/11830\/revisions\/11833"}],"wp:featuredmedia":[{"embeddable":true,"href":"https:\/\/sobedrj.com.br\/novo\/wp-json\/wp\/v2\/media\/11832"}],"wp:attachment":[{"href":"https:\/\/sobedrj.com.br\/novo\/wp-json\/wp\/v2\/media?parent=11830"}],"wp:term":[{"taxonomy":"category","embeddable":true,"href":"https:\/\/sobedrj.com.br\/novo\/wp-json\/wp\/v2\/categories?post=11830"},{"taxonomy":"post_tag","embeddable":true,"href":"https:\/\/sobedrj.com.br\/novo\/wp-json\/wp\/v2\/tags?post=11830"}],"curies":[{"name":"wp","href":"https:\/\/api.w.org\/{rel}","templated":true}]}}