{"id":11838,"date":"2021-03-01T12:50:58","date_gmt":"2021-03-01T12:50:58","guid":{"rendered":"http:\/\/sobedrj.com.br\/novo\/?p=11838"},"modified":"2021-03-02T12:02:03","modified_gmt":"2021-03-02T12:02:03","slug":"falta-de-medicamentos-para-cancer-sifilis-e-covid-19-escancara-crise-na-saude-publica","status":"publish","type":"post","link":"https:\/\/sobedrj.com.br\/novo\/2021\/03\/01\/falta-de-medicamentos-para-cancer-sifilis-e-covid-19-escancara-crise-na-saude-publica\/","title":{"rendered":"Falta de medicamentos para c\u00e2ncer, s\u00edfilis e covid-19 escancara crise na sa\u00fade p\u00fablica"},"content":{"rendered":"<p>fonte: BBC Brasil<\/p>\n<div class=\"bbc-1unnq9o-GridComponent e57qer20\" dir=\"ltr\">\n<p class=\"bbc-1kju7ke-Paragraph e1cc2ql70\" dir=\"ltr\">O m\u00eas de novembro de 2020 terminou com uma p\u00e9ssima not\u00edcia para os pacientes que necessitam fazer um transplante de medula \u00f3ssea: o bussulfano, um medicamento essencial para a realiza\u00e7\u00e3o do procedimento, deixaria de ser distribu\u00eddo no Brasil.<\/p>\n<\/div>\n<div class=\"bbc-1unnq9o-GridComponent e57qer20\" dir=\"ltr\">\n<p class=\"bbc-1kju7ke-Paragraph e1cc2ql70\" dir=\"ltr\">A farmac\u00eautica Pierre Fabre, \u00fanica empresa que comercializa esse produto no pa\u00eds, anunciou a desist\u00eancia ap\u00f3s a f\u00e1brica aprovada pela Ag\u00eancia Nacional de Vigil\u00e2ncia Sanit\u00e1ria (Anvisa) na produ\u00e7\u00e3o desse rem\u00e9dio encerrar suas atividades no exterior.<\/p>\n<\/div>\n<div class=\"bbc-1unnq9o-GridComponent e57qer20\" dir=\"ltr\">\n<p class=\"bbc-1kju7ke-Paragraph e1cc2ql70\" dir=\"ltr\">O bussulfano \u00e9 uma das poucas op\u00e7\u00f5es terap\u00eauticas dispon\u00edveis para indiv\u00edduos com tumores hematol\u00f3gicos, como os linfomas e as leucemias: ele destr\u00f3i as c\u00e9lulas da medula \u00f3ssea que est\u00e3o doentes e, assim, &#8220;abre terreno&#8221; para instalar c\u00e9lulas saud\u00e1veis de um doador compat\u00edvel.<\/p>\n<\/div>\n<div class=\"bbc-1unnq9o-GridComponent e57qer20\" dir=\"ltr\">\n<p class=\"bbc-1kju7ke-Paragraph e1cc2ql70\" dir=\"ltr\">Sem esse f\u00e1rmaco, o transplante de medula \u00f3ssea fica absolutamente invi\u00e1vel em praticamente 50% dos casos e dificulta bastante o tratamento na outra metade, j\u00e1 que as demais alternativas dispon\u00edveis para essas situa\u00e7\u00f5es s\u00e3o mais t\u00f3xicas e pouco pr\u00e1ticas.<\/p>\n<p dir=\"ltr\">&#8220;N\u00e3o h\u00e1 nenhuma lei que impe\u00e7a um laborat\u00f3rio de tirar certo medicamento do mercado, mesmo que ele seja importante do ponto de vista da sa\u00fade p\u00fablica&#8221;, contextualiza o sanitarista Tiago Cepas, coordenador de pol\u00edticas p\u00fablicas da Associa\u00e7\u00e3o Brasileira de Linfoma e Leucemia (Abrale).<\/p>\n<div class=\"bbc-1unnq9o-GridComponent e57qer20\" dir=\"ltr\">\n<p class=\"bbc-1kju7ke-Paragraph e1cc2ql70\" dir=\"ltr\">Ap\u00f3s muita press\u00e3o de m\u00e9dicos e pacientes, a decis\u00e3o foi revertida \u2014 mesmo que de forma tempor\u00e1ria. &#8220;Pelas \u00faltimas informa\u00e7\u00f5es que recebemos, o fornecimento est\u00e1 garantido at\u00e9 2022&#8221;, diz Cepas.<\/p>\n<\/div>\n<div class=\"bbc-1unnq9o-GridComponent e57qer20\" dir=\"ltr\">\n<p class=\"bbc-1kju7ke-Paragraph e1cc2ql70\" dir=\"ltr\">O bussulfano ilustra bem um problema estrutural que tira o sono de gestores de sa\u00fade e afeta a vida de milhares de pessoas que carecem de tratamentos no Brasil e no mundo: o desabastecimento de medicamentos.<\/p>\n<\/div>\n<div class=\"bbc-1unnq9o-GridComponent e57qer20\" dir=\"ltr\">\n<p class=\"bbc-1kju7ke-Paragraph e1cc2ql70\" dir=\"ltr\">Nos \u00faltimos anos, terapias primordiais contra s\u00edfilis, hansen\u00edase, tabagismo e diversos tipos de c\u00e2ncer desapareceram e deixaram na m\u00e3o quem mais precisava delas.<\/p>\n<\/div>\n<div class=\"bbc-1unnq9o-GridComponent e57qer20\" dir=\"ltr\">\n<p class=\"bbc-1kju7ke-Paragraph e1cc2ql70\" dir=\"ltr\">Durante a atual pandemia, at\u00e9 f\u00e1rmacos essenciais para tratar os casos graves de covid-19 apresentaram uma escassez preocupante.<\/p>\n<\/div>\n<div class=\"bbc-1unnq9o-GridComponent e57qer20\" dir=\"ltr\">\n<p class=\"bbc-1kju7ke-Paragraph e1cc2ql70\" dir=\"ltr\">Mas qual a origem dessa crise de sa\u00fade p\u00fablica? E o que pode ser feito para resolv\u00ea-la?<\/p>\n<\/div>\n<div class=\"bbc-1unnq9o-GridComponent e57qer20\" dir=\"ltr\">\n<p id=\"Uma-quest\u00e3o-que-se-arrasta-h\u00e1-sete-d\u00e9cadas\" class=\"bbc-4qzrek-SubHeading e14hemmw0\" tabindex=\"-1\"><strong>Uma quest\u00e3o que se arrasta h\u00e1 sete d\u00e9cadas<\/strong><\/p>\n<\/div>\n<div class=\"bbc-1unnq9o-GridComponent e57qer20\" dir=\"ltr\">\n<p class=\"bbc-1kju7ke-Paragraph e1cc2ql70\" dir=\"ltr\">A farmac\u00eautica Luisa Arueira Chaves, professora da Universidade Federal do Rio de Janeiro &#8211; Campus Maca\u00e9, aponta que a falta de op\u00e7\u00f5es farmac\u00eauticas n\u00e3o \u00e9 um problema que surgiu no ano passado.<\/p>\n<\/div>\n<div class=\"bbc-1unnq9o-GridComponent e57qer20\" dir=\"ltr\">\n<p class=\"bbc-1kju7ke-Paragraph e1cc2ql70\" dir=\"ltr\">&#8220;Desde a d\u00e9cada de 1950 n\u00f3s j\u00e1 encontramos documentos que relatam o desabastecimento em algumas partes do mundo&#8221;, aponta.<\/p>\n<\/div>\n<div class=\"bbc-1unnq9o-GridComponent e57qer20\" dir=\"ltr\">\n<p class=\"bbc-1kju7ke-Paragraph e1cc2ql70\" dir=\"ltr\">Em sua tese de doutorado em sa\u00fade p\u00fablica pela Funda\u00e7\u00e3o Oswaldo Cruz (FioCruz), Chaves observou uma mudan\u00e7a importante dos fatores que motivam essa escassez a partir da virada do s\u00e9culo 21.<\/p>\n<\/div>\n<div class=\"bbc-1unnq9o-GridComponent e57qer20\" dir=\"ltr\">\n<p class=\"bbc-1kju7ke-Paragraph e1cc2ql70\" dir=\"ltr\">&#8220;At\u00e9 os anos 2000, o desabastecimento era visto como um problema de demanda, em que os pa\u00edses n\u00e3o tinham dinheiro para comprar por quest\u00f5es de c\u00e2mbio, desvaloriza\u00e7\u00e3o das moedas ou desorganiza\u00e7\u00e3o interna&#8221;, descreve.<\/p>\n<\/div>\n<div class=\"bbc-1unnq9o-GridComponent e57qer20\" dir=\"ltr\">\n<p class=\"bbc-1kju7ke-Paragraph e1cc2ql70\" dir=\"ltr\">Nos \u00faltimos 20 anos, por\u00e9m, a perspectiva mudou completamente: o problema passou a ser na oferta dos produtos. &#8220;Come\u00e7am a pipocar casos em que os governos possuem meios de pagar, mas n\u00e3o h\u00e1 quem fa\u00e7a a venda&#8221;, completa a especialista.<\/p>\n<\/div>\n<div class=\"bbc-1unnq9o-GridComponent e57qer20\" dir=\"ltr\">\n<p class=\"bbc-1kju7ke-Paragraph e1cc2ql70\" dir=\"ltr\">A quest\u00e3o ficou t\u00e3o s\u00e9ria que a pr\u00f3pria Organiza\u00e7\u00e3o Mundial da Sa\u00fade (OMS) come\u00e7ou a fazer reuni\u00f5es e debates sobre o que poderia ser feito para lidar com isso.<\/p>\n<\/div>\n<div class=\"bbc-1unnq9o-GridComponent e57qer20\" dir=\"ltr\">\n<p class=\"bbc-1kju7ke-Paragraph e1cc2ql70\" dir=\"ltr\">Em 2017, a entidade estabeleceu as suas primeiras defini\u00e7\u00f5es do que significa o desabastecimento. &#8220;Isso \u00e9 muito importante para se definir pol\u00edticas p\u00fablicas globais e entender onde est\u00e3o os gargalos desta cadeia de suprimentos&#8221;, ressalta Chaves.<\/p>\n<\/div>\n<div class=\"bbc-1unnq9o-GridComponent e57qer20\" dir=\"ltr\">\n<p id=\"Muito-na-m\u00e3o-de-poucos\" class=\"bbc-4qzrek-SubHeading e14hemmw0\" tabindex=\"-1\"><strong>Muito na m\u00e3o de poucos<\/strong><\/p>\n<\/div>\n<div class=\"bbc-1unnq9o-GridComponent e57qer20\" dir=\"ltr\">\n<p class=\"bbc-1kju7ke-Paragraph e1cc2ql70\" dir=\"ltr\">Um dos primeiros fatores que ajuda a entender o drama do desabastecimento est\u00e1 na concentra\u00e7\u00e3o extrema da produ\u00e7\u00e3o de medicamentos no mundo.<\/p>\n<\/div>\n<div class=\"bbc-1unnq9o-GridComponent e57qer20\" dir=\"ltr\">\n<p class=\"bbc-1kju7ke-Paragraph e1cc2ql70\" dir=\"ltr\">&#8220;Grande parte dos insumos farmoqu\u00edmicos, que s\u00e3o os ingredientes ativos dos medicamentos, vem de dois lugares: China e \u00cdndia&#8221;, descreve a farmac\u00eautica Claudia Osorio de Castro, professora titular da Escola Nacional de Sa\u00fade P\u00fablica da Fiocruz, no Rio de Janeiro.<\/p>\n<\/div>\n<div class=\"bbc-1unnq9o-GridComponent e57qer20\" dir=\"ltr\">\n<p class=\"bbc-1kju7ke-Paragraph e1cc2ql70\" dir=\"ltr\">Isso significa que a demanda terap\u00eautica de todos os continentes est\u00e1 sujeita ao que acontece e ao que \u00e9 fabricado por esses dois pa\u00edses.<\/p>\n<\/div>\n<div class=\"bbc-1unnq9o-GridComponent e57qer20\" dir=\"ltr\">\n<p class=\"bbc-1kju7ke-Paragraph e1cc2ql70\" dir=\"ltr\">Em algumas especialidades, essa depend\u00eancia \u00e9 ainda maior: entre 80 e 90% de todos os IFAs (Insumos Farmac\u00eauticos Ativos) usados na fabrica\u00e7\u00e3o dos antibi\u00f3ticos t\u00eam origem chinesa, por exemplo.<\/p>\n<\/div>\n<div class=\"bbc-1unnq9o-GridComponent e57qer20\" dir=\"ltr\">\n<p class=\"bbc-1kju7ke-Paragraph e1cc2ql70\" dir=\"ltr\">Portanto, qualquer interrup\u00e7\u00e3o numa f\u00e1brica j\u00e1 impacta a disponibilidade de tratamentos para infec\u00e7\u00f5es bacterianas.<\/p>\n<\/div>\n<div class=\"bbc-1unnq9o-GridComponent e57qer20\" dir=\"ltr\">\n<p class=\"bbc-1kju7ke-Paragraph e1cc2ql70\" dir=\"ltr\">Foi exatamente isso que aconteceu em outubro de 2016, quando uma explos\u00e3o numa unidade fabril na prov\u00edncia de Shandong, na China, interrompeu a produ\u00e7\u00e3o de piperaciclina e tazobactam, rem\u00e9dios que atuam contra bact\u00e9rias que afetam os pulm\u00f5es, o trato urin\u00e1rio e outras partes do corpo.<\/p>\n<\/div>\n<div class=\"bbc-1unnq9o-GridComponent e57qer20\" dir=\"ltr\">\n<p class=\"bbc-1kju7ke-Paragraph e1cc2ql70\" dir=\"ltr\">Durante o ano de 2017, hospitais da Europa inteira e de partes da \u00c1sia precisaram lidar com a falta dessa op\u00e7\u00e3o terap\u00eautica t\u00e3o importante em pacientes internados.<\/p>\n<\/div>\n<div class=\"bbc-1unnq9o-GridComponent e57qer20\" dir=\"ltr\">\n<p id=\"Foco-no-lucro\" class=\"bbc-4qzrek-SubHeading e14hemmw0\" tabindex=\"-1\"><strong>Foco no lucro<\/strong><\/p>\n<\/div>\n<div class=\"bbc-1unnq9o-GridComponent e57qer20\" dir=\"ltr\">\n<p class=\"bbc-1kju7ke-Paragraph e1cc2ql70\" dir=\"ltr\">Outro ponto essencial para entender a crise de desabastecimento est\u00e1 no modelo de neg\u00f3cio das farmac\u00eauticas.<\/p>\n<\/div>\n<div class=\"bbc-1unnq9o-GridComponent e57qer20\" dir=\"ltr\">\n<p class=\"bbc-1kju7ke-Paragraph e1cc2ql70\" dir=\"ltr\">&#8220;Existe uma press\u00e3o pela inova\u00e7\u00e3o, que motiva essas empresas a buscarem um lucro garantido e r\u00e1pido. Elas se concentram, ent\u00e3o, em produzir coisas novas, com excelentes evid\u00eancias, mas com um pre\u00e7o alt\u00edssimo&#8221;, analisa Castro, que tamb\u00e9m integra a Associa\u00e7\u00e3o Brasileira de Sa\u00fade Coletiva (Abrasco).<\/p>\n<\/div>\n<div class=\"bbc-1unnq9o-GridComponent e57qer20\" dir=\"ltr\">\n<p class=\"bbc-1kju7ke-Paragraph e1cc2ql70\" dir=\"ltr\">Isso n\u00e3o significa que as op\u00e7\u00f5es terap\u00eauticas antigas n\u00e3o deem lucro. Mas o valor \u00e9 infinitamente menor quando comparado a uma mol\u00e9cula inovadora que acaba de ser descoberta.<\/p>\n<\/div>\n<div class=\"bbc-1unnq9o-GridComponent e57qer20\" dir=\"ltr\">\n<p class=\"bbc-1kju7ke-Paragraph e1cc2ql70\" dir=\"ltr\">N\u00e3o \u00e9 raro encontrar tratamentos rec\u00e9m-aprovados contra o c\u00e2ncer ou outras doen\u00e7as que chegam a custar dezenas (ou centenas) de milhares de reais.<\/p>\n<\/div>\n<div class=\"bbc-1unnq9o-GridComponent e57qer20\" dir=\"ltr\">\n<p class=\"bbc-1kju7ke-Paragraph e1cc2ql70\" dir=\"ltr\">O exemplo mais extremo disso \u00e9 uma terapia contra a Atrofia Muscular Espinhal (AME), uma desordem gen\u00e9tica rara, aprovada em 2020 em alguns pa\u00edses, inclusive no Brasil.<\/p>\n<\/div>\n<div class=\"bbc-1unnq9o-GridComponent e57qer20\" dir=\"ltr\">\n<p class=\"bbc-1kju7ke-Paragraph e1cc2ql70\" dir=\"ltr\">Seu valor \u00e9 de US$ 2,1 milh\u00f5es (ou mais de R$ 11 milh\u00f5es).<\/p>\n<\/div>\n<div class=\"bbc-1unnq9o-GridComponent e57qer20\" dir=\"ltr\">\n<p class=\"bbc-1kju7ke-Paragraph e1cc2ql70\" dir=\"ltr\">O que acontece, portanto, \u00e9 uma substitui\u00e7\u00e3o de produtos de baixa complexidade, custo inferior e ampla abrang\u00eancia por aqueles que s\u00e3o altamente complexos, muito caros e que servem apenas a uma parcela espec\u00edfica de pacientes.<\/p>\n<\/div>\n<div class=\"bbc-1unnq9o-GridComponent e57qer20\" dir=\"ltr\">\n<p class=\"bbc-1kju7ke-Paragraph e1cc2ql70\" dir=\"ltr\">&#8220;Por mais que isso seja da din\u00e2mica de mercado, n\u00f3s vemos desaparecer medicamentos para hansen\u00edase, s\u00edfilis e tuberculose, que s\u00e3o muitas vezes as \u00fanicas alternativas terap\u00eauticas que a gente tem&#8221;, acrescenta Chaves.<\/p>\n<\/div>\n<div class=\"bbc-1unnq9o-GridComponent e57qer20\" dir=\"ltr\">\n<p id=\"Dificuldades-nacionais\" class=\"bbc-4qzrek-SubHeading e14hemmw0\" tabindex=\"-1\"><strong>Dificuldades nacionais<\/strong><\/p>\n<\/div>\n<div class=\"bbc-1unnq9o-GridComponent e57qer20\" dir=\"ltr\">\n<p class=\"bbc-1kju7ke-Paragraph e1cc2ql70\" dir=\"ltr\">Se o desabastecimento deve ser visto como um desafio global, ele tamb\u00e9m possui as suas particularidades e barreiras no contexto brasileiro.<\/p>\n<\/div>\n<div class=\"bbc-1unnq9o-GridComponent e57qer20\" dir=\"ltr\">\n<p class=\"bbc-1kju7ke-Paragraph e1cc2ql70\" dir=\"ltr\">A primeira delas \u00e9 a forma como o Sistema \u00danico de Sa\u00fade (SUS) est\u00e1 configurado: atualmente, uma parcela importante de rem\u00e9dios \u00e9 adquirida por estados e munic\u00edpios, n\u00e3o pelo governo federal.<\/p>\n<\/div>\n<div class=\"bbc-1unnq9o-GridComponent e57qer20\" dir=\"ltr\">\n<p class=\"bbc-1kju7ke-Paragraph e1cc2ql70\" dir=\"ltr\">Isso restringe o poder de compra e impede a negocia\u00e7\u00e3o de lotes maiores, que certamente poderiam ser custeados pelo Minist\u00e9rio da Sa\u00fade por um pre\u00e7o mais atrativo.<\/p>\n<\/div>\n<div class=\"bbc-1unnq9o-GridComponent e57qer20\" dir=\"ltr\">\n<p class=\"bbc-1kju7ke-Paragraph e1cc2ql70\" dir=\"ltr\">Esses produtos poderiam ent\u00e3o ser distribu\u00eddos para as cidades de acordo com as caracter\u00edsticas e necessidades de cada local.<\/p>\n<\/div>\n<div class=\"bbc-1unnq9o-GridComponent e57qer20\" dir=\"ltr\">\n<p class=\"bbc-1kju7ke-Paragraph e1cc2ql70\" dir=\"ltr\">&#8220;Al\u00e9m disso, toda a estrutura de aquisi\u00e7\u00e3o de medicamentos e tecnologias em sa\u00fade no Brasil \u00e9 anacr\u00f4nica, o que certamente contribui para esse cen\u00e1rio&#8221;, completa o m\u00e9dico Jos\u00e9 David Urbaez, consultor da Sociedade Brasileira de Infectologia.<\/p>\n<\/div>\n<div class=\"bbc-1unnq9o-GridComponent e57qer20\" dir=\"ltr\">\n<p class=\"bbc-1kju7ke-Paragraph e1cc2ql70\" dir=\"ltr\">Outro grande impedimento \u00e9 a desvaloriza\u00e7\u00e3o da nossa moeda. Como as negocia\u00e7\u00f5es s\u00e3o feitas em d\u00f3lar, o poder de compra do Brasil fica naturalmente mais restrito.<\/p>\n<\/div>\n<div class=\"bbc-1unnq9o-GridComponent e57qer20\" dir=\"ltr\">\n<p class=\"bbc-1kju7ke-Paragraph e1cc2ql70\" dir=\"ltr\">Por fim, h\u00e1 ainda a desorganiza\u00e7\u00e3o das cadeias log\u00edsticas internas \u2014 muitas vezes, um caminh\u00e3o quebrado j\u00e1 dificulta a chegada de um medicamento at\u00e9 uma determinada cidade.<\/p>\n<\/div>\n<div class=\"bbc-1unnq9o-GridComponent e57qer20\" dir=\"ltr\">\n<p id=\"Exemplos-da-vida-real\" class=\"bbc-4qzrek-SubHeading e14hemmw0\" tabindex=\"-1\"><strong>Exemplos da vida real<\/strong><\/p>\n<\/div>\n<div class=\"bbc-1unnq9o-GridComponent e57qer20\" dir=\"ltr\">\n<p class=\"bbc-1kju7ke-Paragraph e1cc2ql70\" dir=\"ltr\">Aliado \u00e0s quest\u00f5es globais (f\u00e1bricas em poucos pa\u00edses e estrat\u00e9gia financeira das farmac\u00eauticas), essa conjun\u00e7\u00e3o de fatores locais leva a situa\u00e7\u00f5es impensadas e dram\u00e1ticas.<\/p>\n<\/div>\n<div class=\"bbc-1unnq9o-GridComponent e57qer20\" dir=\"ltr\">\n<p class=\"bbc-1kju7ke-Paragraph e1cc2ql70\" dir=\"ltr\">Isso ocorreu, por exemplo, em 2016 e 2017 quando o Brasil sofreu com a falta de penicilina.<\/p>\n<\/div>\n<div class=\"bbc-1unnq9o-GridComponent e57qer20\" dir=\"ltr\">\n<p class=\"bbc-1kju7ke-Paragraph e1cc2ql70\" dir=\"ltr\">&#8220;Mesmo com d\u00e9cadas de uso, esse antibi\u00f3tico continua sendo o melhor tratamento para a s\u00edfilis&#8221;, informa Urbaez.<\/p>\n<\/div>\n<div class=\"bbc-1unnq9o-GridComponent e57qer20\" dir=\"ltr\">\n<p class=\"bbc-1kju7ke-Paragraph e1cc2ql70\" dir=\"ltr\">Provocada pela bact\u00e9ria\u00a0<i class=\"bbc-h1y5j7 ewc4zcb0\">Treponema pallidum<\/i>, essa infec\u00e7\u00e3o voltou a ser um grave problema de sa\u00fade p\u00fablica por aqui: entre 2010 e 2018, houve um aumento de 4.157% no n\u00famero de casos notificados da doen\u00e7a.<\/p>\n<\/div>\n<div class=\"bbc-1unnq9o-GridComponent e57qer20\" dir=\"ltr\">\n<p class=\"bbc-1kju7ke-Paragraph e1cc2ql70\" dir=\"ltr\">Sem tratamento dispon\u00edvel, o n\u00edvel de complica\u00e7\u00f5es ou o risco de transmitir a enfermidade para outros tamb\u00e9m subiu exponencialmente.<\/p>\n<\/div>\n<div class=\"bbc-1unnq9o-GridComponent e57qer20\" dir=\"ltr\">\n<p class=\"bbc-1kju7ke-Paragraph e1cc2ql70\" dir=\"ltr\">O cen\u00e1rio de escassez se repete na \u00e1rea da oncologia: uma planilha disponibilizada pela Abrale \u00e0 reportagem da BBC News Brasil aponta que, ao longo de 2020, 24 medicamentos contra o c\u00e2ncer sofreram desabastecimento definitivo ou tempor\u00e1rio. Desses, 6 n\u00e3o possu\u00edam nenhum substituto dispon\u00edvel no mercado.<\/p>\n<\/div>\n<div class=\"bbc-1unnq9o-GridComponent e57qer20\" dir=\"ltr\">\n<p class=\"bbc-1kju7ke-Paragraph e1cc2ql70\" dir=\"ltr\">Os motivos para a falta variam desde a motiva\u00e7\u00e3o comercial das farmac\u00eauticas at\u00e9 mudan\u00e7as nos locais de produ\u00e7\u00e3o ou altera\u00e7\u00f5es no processo de fabrica\u00e7\u00e3o.<\/p>\n<\/div>\n<div class=\"bbc-1unnq9o-GridComponent e57qer20\" dir=\"ltr\">\n<p id=\"Um-novo-ingrediente\" class=\"bbc-4qzrek-SubHeading e14hemmw0\" tabindex=\"-1\"><strong>Um novo ingrediente<\/strong><\/p>\n<\/div>\n<div class=\"bbc-1unnq9o-GridComponent e57qer20\" dir=\"ltr\">\n<p class=\"bbc-1kju7ke-Paragraph e1cc2ql70\" dir=\"ltr\">Como se a situa\u00e7\u00e3o j\u00e1 n\u00e3o fosse grave o suficiente, a chegada do novo coronav\u00edrus serviu para escancarar ainda mais os desafios do desabastecimento no Brasil e no mundo.<\/p>\n<\/div>\n<div class=\"bbc-1unnq9o-GridComponent e57qer20\" dir=\"ltr\">\n<p class=\"bbc-1kju7ke-Paragraph e1cc2ql70\" dir=\"ltr\">Ao longo dos \u00faltimos meses, hospitais come\u00e7aram a sentir falta de produtos essenciais para tratar os casos de covid-19, especialmente aqueles que exigem interna\u00e7\u00e3o em uma Unidade de Terapia Intensiva (UTI).<\/p>\n<\/div>\n<div class=\"bbc-1unnq9o-GridComponent e57qer20\" dir=\"ltr\">\n<p class=\"bbc-1kju7ke-Paragraph e1cc2ql70\" dir=\"ltr\">&#8220;Encontramos dificuldades de acesso a medicamentos que permitem fazer a ventila\u00e7\u00e3o mec\u00e2nica com os respiradores, como sedativos e relaxantes musculares&#8221;, relata Urbaez.<\/p>\n<\/div>\n<div class=\"bbc-1unnq9o-GridComponent e57qer20\" dir=\"ltr\">\n<p class=\"bbc-1kju7ke-Paragraph e1cc2ql70\" dir=\"ltr\">Profissionais da sa\u00fade tamb\u00e9m tiveram que lidar com a escassez de antibi\u00f3ticos, t\u00e3o necess\u00e1rios para os quadros em que bact\u00e9rias se aproveitam da fragilidade do organismo para provocar pneumonias ou outras infec\u00e7\u00f5es.<\/p>\n<\/div>\n<div class=\"bbc-1unnq9o-GridComponent e57qer20\" dir=\"ltr\">\n<p class=\"bbc-1kju7ke-Paragraph e1cc2ql70\" dir=\"ltr\">Para completar, o uso inadequado de algumas drogas que pertencem ao famigerado &#8220;tratamento precoce&#8221; deixou na m\u00e3o quem realmente necessitava delas.<\/p>\n<\/div>\n<div class=\"bbc-1unnq9o-GridComponent e57qer20\" dir=\"ltr\">\n<p class=\"bbc-1kju7ke-Paragraph e1cc2ql70\" dir=\"ltr\">O excesso de procura por hidroxicloroquina, ivermectina e outros rem\u00e9dios, que n\u00e3o t\u00eam comprova\u00e7\u00e3o de efic\u00e1cia contra a covid-19, criou uma demanda artificial e fez com que os pre\u00e7os subissem e os estoques acabassem (ou ficassem significativamente reduzidos) em muitos lugares.<\/p>\n<\/div>\n<div class=\"bbc-1unnq9o-GridComponent e57qer20\" dir=\"ltr\">\n<p class=\"bbc-1kju7ke-Paragraph e1cc2ql70\" dir=\"ltr\">&#8220;Por um bom tempo, indiv\u00edduos com doen\u00e7as reumatol\u00f3gicas como l\u00fapus e artrite reumatoide tiveram dificuldade para conseguir a hidroxicloroquina&#8221;, exemplifica Urbaez.<\/p>\n<\/div>\n<div class=\"bbc-1unnq9o-GridComponent e57qer20\" dir=\"ltr\">\n<p class=\"bbc-1kju7ke-Paragraph e1cc2ql70\" dir=\"ltr\">Por meio de nota, a Ag\u00eancia Nacional de Vigil\u00e2ncia Sanit\u00e1ria (Anvisa) informou que tem publicado &#8220;editais de chamamento para que os detentores de registro desses insumos\u00a0<i class=\"bbc-h1y5j7 ewc4zcb0\">[anest\u00e9sicos,\u00a0sedativos, bloqueadores neuromusculares e demais agentes usados no enfrentamento \u00e0 covid-19]<\/i>\u00a0informem\u00a0os\u00a0dados relativos \u00e0\u00a0fabrica\u00e7\u00e3o, estoque,\u00a0comercializa\u00e7\u00e3o\u00a0e\u00a0os\u00a0fatores de risco\u00a0para a produ\u00e7\u00e3o&#8221;.<\/p>\n<\/div>\n<div class=\"bbc-1unnq9o-GridComponent e57qer20\" dir=\"ltr\">\n<p class=\"bbc-1kju7ke-Paragraph e1cc2ql70\" dir=\"ltr\">A ag\u00eancia tamb\u00e9m diz que &#8220;os\u00a0dados integrais dos editais\u00a0s\u00e3o compartilhados em tempo real com a Secretaria de Aten\u00e7\u00e3o Especializada \u00e0 Sa\u00fade e com o Gabinete do Ministro\u00a0da pasta\u00a0da Sa\u00fade.\u00a0A medida possibilita\u00a0o mapeamento da quantidade de medicamentos dispon\u00edveis para atender\u00a0\u00e0\u00a0popula\u00e7\u00e3o brasileira e concede aos gestores\u00a0da sa\u00fade a\u00a0capacidade de orienta\u00e7\u00e3o\u00a0quanto \u00e0 localiza\u00e7\u00e3o dos estoques&#8221;.<\/p>\n<\/div>\n<div class=\"bbc-1unnq9o-GridComponent e57qer20\" dir=\"ltr\">\n<p id=\"Como-resolver-essa-equa\u00e7\u00e3o\" class=\"bbc-4qzrek-SubHeading e14hemmw0\" tabindex=\"-1\"><strong>Como resolver essa equa\u00e7\u00e3o?<\/strong><\/p>\n<\/div>\n<div class=\"bbc-1unnq9o-GridComponent e57qer20\" dir=\"ltr\">\n<p class=\"bbc-1kju7ke-Paragraph e1cc2ql70\" dir=\"ltr\">Enquanto a OMS e outras institui\u00e7\u00f5es trabalham para encontrar solu\u00e7\u00f5es e &#8220;tratar&#8221; o desabastecimento do ponto de vista global, algumas iniciativas locais sinalizam caminhos interessantes.<\/p>\n<\/div>\n<div class=\"bbc-1unnq9o-GridComponent e57qer20\" dir=\"ltr\">\n<p class=\"bbc-1kju7ke-Paragraph e1cc2ql70\" dir=\"ltr\">A ONG Civica RX, sediada nos Estados Unidos, \u00e9 um bom exemplo de como lidar com a quest\u00e3o com planejamento e estrutura.<\/p>\n<\/div>\n<div class=\"bbc-1unnq9o-GridComponent e57qer20\" dir=\"ltr\">\n<p class=\"bbc-1kju7ke-Paragraph e1cc2ql70\" dir=\"ltr\">O que eles fazem \u00e9 sublocar f\u00e1bricas ociosas para produzir medicamentos gen\u00e9ricos que est\u00e3o em falta ou n\u00e3o t\u00eam mais interesse das farmac\u00eauticas.<\/p>\n<\/div>\n<div class=\"bbc-1unnq9o-GridComponent e57qer20\" dir=\"ltr\">\n<p class=\"bbc-1kju7ke-Paragraph e1cc2ql70\" dir=\"ltr\">Atualmente, eles produzem mais de 40 tipos de f\u00e1rmacos diferentes, que s\u00e3o distribu\u00eddos a um pre\u00e7o m\u00f3dico para cerca de 1.350 hospitais espalhados pelos Estados Unidos.<\/p>\n<\/div>\n<div class=\"bbc-1unnq9o-GridComponent e57qer20\" dir=\"ltr\">\n<p class=\"bbc-1kju7ke-Paragraph e1cc2ql70\" dir=\"ltr\">De acordo com os especialistas, o Brasil tem uma oportunidade de ouro que n\u00e3o est\u00e1 sendo bem aproveitada no momento.<\/p>\n<\/div>\n<div class=\"bbc-1unnq9o-GridComponent e57qer20\" dir=\"ltr\">\n<p class=\"bbc-1kju7ke-Paragraph e1cc2ql70\" dir=\"ltr\">Por aqui, h\u00e1 uma rede de laborat\u00f3rios farmac\u00eauticos p\u00fablicos ligados aos estados ou ao governo federal.<\/p>\n<\/div>\n<div class=\"bbc-1unnq9o-GridComponent e57qer20\" dir=\"ltr\">\n<p class=\"bbc-1kju7ke-Paragraph e1cc2ql70\" dir=\"ltr\">\u00c9 o caso da Funda\u00e7\u00e3o para o Rem\u00e9dio Popular (FURP), em S\u00e3o Paulo e do Instituto de Tecnologia em F\u00e1rmacos Farmanguinhos\/FioCruz, no Rio de Janeiro.<\/p>\n<\/div>\n<div class=\"bbc-1unnq9o-GridComponent e57qer20\" dir=\"ltr\">\n<p class=\"bbc-1kju7ke-Paragraph e1cc2ql70\" dir=\"ltr\">&#8220;Com o devido incentivo, financiamento e pol\u00edtica p\u00fablica, esses locais poderiam adequar suas plantas fabris e come\u00e7ar a produzir medicamentos que o governo entende que s\u00e3o cr\u00edticos para cuidar da sa\u00fade da popula\u00e7\u00e3o brasileira&#8221;, prop\u00f5e Chaves.<\/p>\n<\/div>\n<div class=\"bbc-1unnq9o-GridComponent e57qer20\" dir=\"ltr\">\n<p class=\"bbc-1kju7ke-Paragraph e1cc2ql70\" dir=\"ltr\">Um gargalo importante aqui podem ser os IFAs (insumos farmac\u00eauticos ativos), majoritariamente importados. Mas \u00e9 poss\u00edvel arriscar que, em m\u00e9dio e longo prazo, d\u00e1 para produzi-los internamente tamb\u00e9m.<\/p>\n<\/div>\n<div class=\"bbc-1unnq9o-GridComponent e57qer20\" dir=\"ltr\">\n<p id=\"No-campo-das-leis\" class=\"bbc-4qzrek-SubHeading e14hemmw0\" tabindex=\"-1\"><strong>No campo das leis<\/strong><\/p>\n<\/div>\n<div class=\"bbc-1unnq9o-GridComponent e57qer20\" dir=\"ltr\">\n<p class=\"bbc-1kju7ke-Paragraph e1cc2ql70\" dir=\"ltr\">Mesmo antes do sufoco provocado pela amea\u00e7a de falta do bussulfano para os pacientes que necessitam fazer o transplante de medula \u00f3ssea, a Abrale j\u00e1 tinha come\u00e7ado a se articular com outras entidades e representantes pol\u00edticos para elaborar mecanismos que combatam o desabastecimento no pa\u00eds.<\/p>\n<\/div>\n<div class=\"bbc-1unnq9o-GridComponent e57qer20\" dir=\"ltr\">\n<p class=\"bbc-1kju7ke-Paragraph e1cc2ql70\" dir=\"ltr\">&#8220;Em primeiro lugar, precisamos da cria\u00e7\u00e3o de um sistema de monitoramento, em que toda a sociedade ficasse sabendo ao mesmo tempo sobre os estoques de medicamentos essenciais&#8221;, descreve Cepas.<\/p>\n<\/div>\n<div class=\"bbc-1unnq9o-GridComponent e57qer20\" dir=\"ltr\">\n<p class=\"bbc-1kju7ke-Paragraph e1cc2ql70\" dir=\"ltr\">Segundo, a entidade tenta criar uma esp\u00e9cie de v\u00e1lvula de escape para suprir necessidades pontuais quando a escassez aparecer. &#8220;Podemos pensar em parcerias com universidades e at\u00e9 laborat\u00f3rios p\u00fablicos ou privados que tenham interesse em fabricar esses produtos&#8221;, completa.<\/p>\n<\/div>\n<div class=\"bbc-1unnq9o-GridComponent e57qer20\" dir=\"ltr\">\n<p class=\"bbc-1kju7ke-Paragraph e1cc2ql70\" dir=\"ltr\">No momento, a Abrale est\u00e1 conversando com parlamentares em Bras\u00edlia para a cria\u00e7\u00e3o de projetos de lei que tratem deste assunto.<\/p>\n<\/div>\n<div class=\"bbc-1unnq9o-GridComponent e57qer20\" dir=\"ltr\">\n<p class=\"bbc-1kju7ke-Paragraph e1cc2ql70\" dir=\"ltr\">Mas Cepas admite que a pandemia traz muitas dificuldades para avan\u00e7ar com esta demanda.<\/p>\n<\/div>\n<div class=\"bbc-1unnq9o-GridComponent e57qer20\" dir=\"ltr\">\n<p id=\"Pontos-de-vista\" class=\"bbc-4qzrek-SubHeading e14hemmw0\" tabindex=\"-1\"><strong>Pontos de vista<\/strong><\/p>\n<\/div>\n<div class=\"bbc-1unnq9o-GridComponent e57qer20\" dir=\"ltr\">\n<p class=\"bbc-1kju7ke-Paragraph e1cc2ql70\" dir=\"ltr\">A BBC News Brasil procurou diversas outras institui\u00e7\u00f5es para saber o posicionamento delas a respeito da crise de desabastecimento.<\/p>\n<\/div>\n<div class=\"bbc-1unnq9o-GridComponent e57qer20\" dir=\"ltr\">\n<p class=\"bbc-1kju7ke-Paragraph e1cc2ql70\" dir=\"ltr\">Elizabeth de Carvalhaes, presidente executiva da Associa\u00e7\u00e3o da Ind\u00fastria Farmac\u00eautica de Pesquisa (Interfarma) destacou que \u00e9 preciso melhorar a comunica\u00e7\u00e3o entre todos os entes envolvidos nessa cadeia de suprimentos.<\/p>\n<\/div>\n<div class=\"bbc-1unnq9o-GridComponent e57qer20\" dir=\"ltr\">\n<p class=\"bbc-1kju7ke-Paragraph e1cc2ql70\" dir=\"ltr\">&#8220;Acreditamos que a uni\u00e3o de esfor\u00e7os entre ind\u00fastria, Governo Federal, governos estaduais e municipais seja a chave para aprimorar a gest\u00e3o de sa\u00fade e garantir melhor acesso a todos os brasileiros&#8221;, escreveu a representante por e-mail.<\/p>\n<\/div>\n<div class=\"bbc-1unnq9o-GridComponent e57qer20\" dir=\"ltr\">\n<p class=\"bbc-1kju7ke-Paragraph e1cc2ql70\" dir=\"ltr\">J\u00e1 a Anvisa, por meio de nota enviada pela assessoria de imprensa, destacou que a ag\u00eancia n\u00e3o possui um instrumento\u00a0legal que impe\u00e7a os laborat\u00f3rios farmac\u00eauticos de retirarem seus medicamentos do mercado.<\/p>\n<\/div>\n<div class=\"bbc-1unnq9o-GridComponent e57qer20\" dir=\"ltr\">\n<p class=\"bbc-1kju7ke-Paragraph e1cc2ql70\" dir=\"ltr\">O texto continua: &#8220;No entanto, a Anvisa respons\u00e1vel pela gest\u00e3o e acompanhamento das notifica\u00e7\u00f5es de descontinua\u00e7\u00e3o de fabrica\u00e7\u00e3o encaminhadas pelos laborat\u00f3rios, assim como pela an\u00e1lise de den\u00fancias relativas ao desabastecimento do mercado de medicamentos.\u00a0Diante de situa\u00e7\u00f5es de redu\u00e7\u00e3o na oferta\u00a0de\u00a0medicamentos no mercado nacional, a\u00a0Anvisa\u00a0\u00a0articula-se em diversas frentes com o Minist\u00e9rio da Sa\u00fade, laborat\u00f3rios fabricantes e demais &#8220;stakeholders&#8221; para buscar solu\u00e7\u00f5es que\u00a0possam\u00a0minimizar os impactos\u00a0do desabastecimento\u00a0para os usu\u00e1rios&#8221;.<\/p>\n<\/div>\n<div class=\"bbc-1unnq9o-GridComponent e57qer20\" dir=\"ltr\">\n<p class=\"bbc-1kju7ke-Paragraph e1cc2ql70\" dir=\"ltr\">A Anvisa ainda destaca que, de acordo com uma s\u00e9rie de resolu\u00e7\u00f5es, fabricantes e importadores devem informar quando pretendem\u00a0retirar algum produto do mercado, al\u00e9m de tra\u00e7ar planos para n\u00e3o deixar os pacientes na m\u00e3o. Essas informa\u00e7\u00f5es s\u00e3o disponibilizas\u00a0<a class=\"bbc-h9s9st-InlineLink e1cs6q200\" href=\"http:\/\/antigo.anvisa.gov.br\/descontinuacao-de-medicamentos\" aria-label=\"no pr\u00f3prio site da ag\u00eancia, externo\">no pr\u00f3prio site da ag\u00eancia<\/a>.<\/p>\n<\/div>\n<div class=\"bbc-1unnq9o-GridComponent e57qer20\" dir=\"ltr\">\n<p class=\"bbc-1kju7ke-Paragraph e1cc2ql70\" dir=\"ltr\">Ap\u00f3s a publica\u00e7\u00e3o da reportagem, o Grupo Pierre Fabre, detentor da distribui\u00e7\u00e3o do medicamento bussulfano no Brasil, tamb\u00e9m enviou uma nota de esclarecimentos \u00e0 BBC News Brasil. No texto, eles refor\u00e7am que garantiram um novo lote para atender o mercado brasileiro at\u00e9 o final do primeiro semestre de 2022.<\/p>\n<\/div>\n<div class=\"bbc-1unnq9o-GridComponent e57qer20\" dir=\"ltr\">\n<p class=\"bbc-1kju7ke-Paragraph e1cc2ql70\" dir=\"ltr\">&#8220;Essa \u00e9 uma medida tempor\u00e1ria em prol dos pacientes de transplante de medula \u00f3ssea, que dependem do medicamento, at\u00e9 que o Minist\u00e9rio da Sa\u00fade encontre uma solu\u00e7\u00e3o definitiva para a normaliza\u00e7\u00e3o das importa\u00e7\u00f5es. Apesar de n\u00e3o ser fabricante do medicamento, a\u00a0Pierre Fabre segue comprometida, pensando no bem-estar dos pacientes, em oferecer solu\u00e7\u00f5es e produtos na \u00e1rea da oncologia e articulou para manter o abastecimento de forma excepcional, de acordo com as exig\u00eancias da ag\u00eancia reguladora, dando mais tempo para as autoridades p\u00fablicas identificarem uma solu\u00e7\u00e3o a longo prazo para a distribui\u00e7\u00e3o do medicamento no Brasil&#8221;.<\/p>\n<\/div>\n<div class=\"bbc-1unnq9o-GridComponent e57qer20\" dir=\"ltr\">\n<p class=\"bbc-1kju7ke-Paragraph e1cc2ql70\" dir=\"ltr\">A nota segue: &#8220;Hoje em dia, h\u00e1 diferentes empresas que t\u00eam o bussulfano em seu portf\u00f3lio de medicamento. A expectativa \u00e9 que neste espa\u00e7o de tempo, com estoque garantido, o Minist\u00e9rio da Sa\u00fade entre em contato com outros fabricantes e distribuidores para reverter essa situa\u00e7\u00e3o, ofertando o medicamento para os pacientes brasileiros a partir do segundo semestre de 2022&#8221;.<\/p>\n<\/div>\n<div class=\"bbc-1unnq9o-GridComponent e57qer20\" dir=\"ltr\">\n<p class=\"bbc-1kju7ke-Paragraph e1cc2ql70\" dir=\"ltr\">At\u00e9 o fechamento desta reportagem, n\u00e3o recebemos respostas \u00e0s nossas solicita\u00e7\u00f5es de entrevistas do Conselho Nacional de Secret\u00e1rios da Sa\u00fade (Conass), do Sindicato da Ind\u00fastria de Produtos Farmac\u00eauticos (Sindusfarma) e da Associa\u00e7\u00e3o Nacional de Hospitais Privados (Anahp).<\/p>\n<\/div>\n<div class=\"bbc-1unnq9o-GridComponent e57qer20\" dir=\"ltr\">\n<p class=\"bbc-1kju7ke-Paragraph e1cc2ql70\" dir=\"ltr\">A Associa\u00e7\u00e3o Brasileira de Redes de Farm\u00e1cias e Drogarias (Abrafarma) preferiu n\u00e3o comentar o assunto.<\/p>\n<\/div>\n<\/div>\n","protected":false},"excerpt":{"rendered":"<p>fonte: BBC Brasil O m\u00eas de novembro de 2020 terminou com uma p\u00e9ssima not\u00edcia para os pacientes que necessitam fazer um transplante de medula \u00f3ssea: o bussulfano, um medicamento essencial para a realiza\u00e7\u00e3o do procedimento, deixaria de ser distribu\u00eddo no Brasil. A farmac\u00eautica Pierre Fabre, \u00fanica empresa que comercializa esse produto no pa\u00eds, anunciou a [&hellip;]<\/p>\n","protected":false},"author":1,"featured_media":0,"comment_status":"closed","ping_status":"open","sticky":false,"template":"","format":"standard","meta":{"ngg_post_thumbnail":0,"footnotes":""},"categories":[2],"tags":[],"class_list":["post-11838","post","type-post","status-publish","format-standard","hentry","category-noticias"],"aioseo_notices":[],"gutentor_comment":0,"_links":{"self":[{"href":"https:\/\/sobedrj.com.br\/novo\/wp-json\/wp\/v2\/posts\/11838","targetHints":{"allow":["GET"]}}],"collection":[{"href":"https:\/\/sobedrj.com.br\/novo\/wp-json\/wp\/v2\/posts"}],"about":[{"href":"https:\/\/sobedrj.com.br\/novo\/wp-json\/wp\/v2\/types\/post"}],"author":[{"embeddable":true,"href":"https:\/\/sobedrj.com.br\/novo\/wp-json\/wp\/v2\/users\/1"}],"replies":[{"embeddable":true,"href":"https:\/\/sobedrj.com.br\/novo\/wp-json\/wp\/v2\/comments?post=11838"}],"version-history":[{"count":1,"href":"https:\/\/sobedrj.com.br\/novo\/wp-json\/wp\/v2\/posts\/11838\/revisions"}],"predecessor-version":[{"id":11840,"href":"https:\/\/sobedrj.com.br\/novo\/wp-json\/wp\/v2\/posts\/11838\/revisions\/11840"}],"wp:attachment":[{"href":"https:\/\/sobedrj.com.br\/novo\/wp-json\/wp\/v2\/media?parent=11838"}],"wp:term":[{"taxonomy":"category","embeddable":true,"href":"https:\/\/sobedrj.com.br\/novo\/wp-json\/wp\/v2\/categories?post=11838"},{"taxonomy":"post_tag","embeddable":true,"href":"https:\/\/sobedrj.com.br\/novo\/wp-json\/wp\/v2\/tags?post=11838"}],"curies":[{"name":"wp","href":"https:\/\/api.w.org\/{rel}","templated":true}]}}