{"id":11867,"date":"2021-03-01T14:40:11","date_gmt":"2021-03-01T14:40:11","guid":{"rendered":"http:\/\/sobedrj.com.br\/novo\/?p=11867"},"modified":"2021-03-02T12:07:50","modified_gmt":"2021-03-02T12:07:50","slug":"medicos-do-rj-se-reunem-e-publicam-mocao-medica-em-prol-da-vacina-ja","status":"publish","type":"post","link":"https:\/\/sobedrj.com.br\/novo\/2021\/03\/01\/medicos-do-rj-se-reunem-e-publicam-mocao-medica-em-prol-da-vacina-ja\/","title":{"rendered":"M\u00e9dicos do RJ se re\u00fanem e publicam Mo\u00e7\u00e3o M\u00e9dica em prol da Vacina J\u00e1"},"content":{"rendered":"<p>Desde o in\u00edcio da pandemia de coronav\u00edrus, os m\u00e9dicos do Rio de Janeiro e de todo o mundo mantiveram seus preceitos \u00e9ticos de zelar pela sociedade e de salvar vidas. Este compromisso fez com que muitos m\u00e9dicos morressem ou tivessem sequelas devido \u00e0 contamina\u00e7\u00e3o pelo v\u00edrus.<\/p>\n<p>Sabendo que a vacina \u00e9 a \u00fanica cura e solu\u00e7\u00e3o para o problema sanit\u00e1rio que o mundo v\u00eam enfrentando, 2.168\u00a0m\u00e9dicos do Rio de Janeiro se reuniram de forma independente, sem apoio de nenhuma entidade de classe ou \u00f3rg\u00e3o governamental, e lan\u00e7aram, neste s\u00e1bado, dia 27, a Mo\u00e7\u00e3o M\u00e9dica em prol da Vacina J\u00e1.<\/p>\n<p><strong>CONFIRA:<\/strong><\/p>\n<p><img loading=\"lazy\" decoding=\"async\" class=\"aligncenter size-full wp-image-11870\" src=\"http:\/\/sobedrj.com.br\/novo\/wp-content\/uploads\/2021\/03\/mocao_medica_1.jpg\" alt=\"\" width=\"1200\" height=\"2101\" srcset=\"https:\/\/sobedrj.com.br\/novo\/wp-content\/uploads\/2021\/03\/mocao_medica_1.jpg 1200w, https:\/\/sobedrj.com.br\/novo\/wp-content\/uploads\/2021\/03\/mocao_medica_1-171x300.jpg 171w, https:\/\/sobedrj.com.br\/novo\/wp-content\/uploads\/2021\/03\/mocao_medica_1-768x1345.jpg 768w, https:\/\/sobedrj.com.br\/novo\/wp-content\/uploads\/2021\/03\/mocao_medica_1-585x1024.jpg 585w, https:\/\/sobedrj.com.br\/novo\/wp-content\/uploads\/2021\/03\/mocao_medica_1-600x1051.jpg 600w, https:\/\/sobedrj.com.br\/novo\/wp-content\/uploads\/2021\/03\/mocao_medica_1-685x1200.jpg 685w\" sizes=\"auto, (max-width: 1200px) 100vw, 1200px\" \/><\/p>\n<p><img loading=\"lazy\" decoding=\"async\" class=\"aligncenter size-full wp-image-11869\" src=\"http:\/\/sobedrj.com.br\/novo\/wp-content\/uploads\/2021\/03\/mocao_medica_2.jpg\" alt=\"\" width=\"1200\" height=\"2101\" srcset=\"https:\/\/sobedrj.com.br\/novo\/wp-content\/uploads\/2021\/03\/mocao_medica_2.jpg 1200w, https:\/\/sobedrj.com.br\/novo\/wp-content\/uploads\/2021\/03\/mocao_medica_2-171x300.jpg 171w, https:\/\/sobedrj.com.br\/novo\/wp-content\/uploads\/2021\/03\/mocao_medica_2-768x1345.jpg 768w, https:\/\/sobedrj.com.br\/novo\/wp-content\/uploads\/2021\/03\/mocao_medica_2-585x1024.jpg 585w, https:\/\/sobedrj.com.br\/novo\/wp-content\/uploads\/2021\/03\/mocao_medica_2-600x1051.jpg 600w, https:\/\/sobedrj.com.br\/novo\/wp-content\/uploads\/2021\/03\/mocao_medica_2-685x1200.jpg 685w\" sizes=\"auto, (max-width: 1200px) 100vw, 1200px\" \/><\/p>\n","protected":false},"excerpt":{"rendered":"<p>Desde o in\u00edcio da pandemia de coronav\u00edrus, os m\u00e9dicos do Rio de Janeiro e de todo o mundo mantiveram seus preceitos \u00e9ticos de zelar pela sociedade e de salvar vidas. Este compromisso fez com que muitos m\u00e9dicos morressem ou tivessem sequelas devido \u00e0 contamina\u00e7\u00e3o pelo v\u00edrus. Sabendo que a vacina \u00e9 a \u00fanica cura e [&hellip;]<\/p>\n","protected":false},"author":1,"featured_media":0,"comment_status":"closed","ping_status":"open","sticky":false,"template":"","format":"standard","meta":{"ngg_post_thumbnail":0,"footnotes":""},"categories":[2],"tags":[],"class_list":["post-11867","post","type-post","status-publish","format-standard","hentry","category-noticias"],"aioseo_notices":[],"gutentor_comment":0,"_links":{"self":[{"href":"https:\/\/sobedrj.com.br\/novo\/wp-json\/wp\/v2\/posts\/11867","targetHints":{"allow":["GET"]}}],"collection":[{"href":"https:\/\/sobedrj.com.br\/novo\/wp-json\/wp\/v2\/posts"}],"about":[{"href":"https:\/\/sobedrj.com.br\/novo\/wp-json\/wp\/v2\/types\/post"}],"author":[{"embeddable":true,"href":"https:\/\/sobedrj.com.br\/novo\/wp-json\/wp\/v2\/users\/1"}],"replies":[{"embeddable":true,"href":"https:\/\/sobedrj.com.br\/novo\/wp-json\/wp\/v2\/comments?post=11867"}],"version-history":[{"count":1,"href":"https:\/\/sobedrj.com.br\/novo\/wp-json\/wp\/v2\/posts\/11867\/revisions"}],"predecessor-version":[{"id":11871,"href":"https:\/\/sobedrj.com.br\/novo\/wp-json\/wp\/v2\/posts\/11867\/revisions\/11871"}],"wp:attachment":[{"href":"https:\/\/sobedrj.com.br\/novo\/wp-json\/wp\/v2\/media?parent=11867"}],"wp:term":[{"taxonomy":"category","embeddable":true,"href":"https:\/\/sobedrj.com.br\/novo\/wp-json\/wp\/v2\/categories?post=11867"},{"taxonomy":"post_tag","embeddable":true,"href":"https:\/\/sobedrj.com.br\/novo\/wp-json\/wp\/v2\/tags?post=11867"}],"curies":[{"name":"wp","href":"https:\/\/api.w.org\/{rel}","templated":true}]}}