{"id":11902,"date":"2021-03-08T11:16:00","date_gmt":"2021-03-08T11:16:00","guid":{"rendered":"http:\/\/sobedrj.com.br\/novo\/?p=11902"},"modified":"2021-03-08T23:01:18","modified_gmt":"2021-03-08T23:01:18","slug":"artigo-a-proxima-onda-pode-ser-devastadora","status":"publish","type":"post","link":"https:\/\/sobedrj.com.br\/novo\/2021\/03\/08\/artigo-a-proxima-onda-pode-ser-devastadora\/","title":{"rendered":"ARTIGO: A pr\u00f3xima onda pode ser devastadora"},"content":{"rendered":"<p>fonte: Folha de SP<\/p>\n<p>por Esper K\u00e1llas, m\u00e9dico infectologista, professor titular do departamento de mol\u00e9stias infecciosas e parasit\u00e1rias da Faculdade de Medicina da USP e pesquisador na mesma universidade.<\/p>\n<p>Um ano se passou e continuamos a ter surpresas. A\u00a0grande onda de transmiss\u00e3o\u00a0do novo coronav\u00edrus em outros pa\u00edses parece ter sido um alerta para o que poderia acontecer no Brasil.<\/p>\n<p>Estamos diante de um novo crescimento de casos desde a segunda quinzena de fevereiro em v\u00e1rias regi\u00f5es do Brasil, que se reflete em mais interna\u00e7\u00f5es e mortes. Este aumento tem caracter\u00edsticas diferentes do que aconteceu entre junho e agosto de 2020, quando\u00a0diferentes regi\u00f5es e estados\u00a0n\u00e3o foram atingidos simultaneamente. Desta vez, o aumento vem acontecendo de forma semelhante nos diferentes lugares, o que coloca o sistema de sa\u00fade sob estresse muito mais intenso em todo o pa\u00eds.<\/p>\n<p>Os n\u00fameros do estado de S\u00e3o Paulo assustam muito. Mesmo sendo o estado com maior disponibilidade de n\u00fameros de leitos de enfermaria e UTI capazes de absorver pacientes com a doen\u00e7a, o crescimento nas diferentes regi\u00f5es do estado projetam uma situa\u00e7\u00e3o extremamente dif\u00edcil.<\/p>\n<p>Mantendo-se o ritmo de crescimento das \u00faltimas duas semanas, \u00e9 poss\u00edvel que o estado de S\u00e3o Paulo n\u00e3o disponha de leitos suficientes para acolher casos graves em UTIs em menos de duas semanas.<\/p>\n<p>Embora algumas regi\u00f5es do Brasil estejam testemunhando esta realidade, \u00e9 dif\u00edcil imagin\u00e1-la estendida para o estado com maior estrutura de recursos em sa\u00fade do pa\u00eds.<\/p>\n<p>Manaus, com capacidade de interna\u00e7\u00e3o de casos graves inferior, entrou em colapso j\u00e1 no in\u00edcio de janeiro. A trag\u00e9dia vivenciada no estado do Amazonas, onde at\u00e9 o fornecimento de oxig\u00eanio hospitalar foi insuficiente, n\u00e3o encontra precedentes.<\/p>\n<p>Outras regi\u00f5es do pa\u00eds est\u00e3o passando por enormes dificuldades. Os\u00a0<a href=\"https:\/\/www1.folha.uol.com.br\/equilibrioesaude\/2021\/03\/superlotado-hospital-de-porto-alegre-instala-conteiner-refrigerado-para-acomodar-corpos.shtml\">estados do Sul<\/a>\u00a0j\u00e1 est\u00e3o beirando os 100% de ocupa\u00e7\u00e3o dos leitos provisionados. Cidades de Minas Gerais est\u00e3o em situa\u00e7\u00e3o semelhante.<\/p>\n<p>O cen\u00e1rio pode se agravar ainda mais com o alastramento de variantes virais de maior transmissibilidade. A variante inglesa j\u00e1 \u00e9 detectada em grande n\u00famero na cidade de S\u00e3o Paulo e j\u00e1 h\u00e1 relatos de transmiss\u00e3o local da variante de Manaus, a P.1, em diferentes locais do estado de S\u00e3o Paulo.<\/p>\n<p>Ainda temos algum tempo, pouco tempo, para amenizar a gravidade do problema.<\/p>\n<p>Muitos dos que poder\u00e3o ser internados com Covid-19 em duas semanas ainda n\u00e3o foram infectados. Mas est\u00e3o na imin\u00eancia de contra\u00edrem o v\u00edrus, considerando-se que ser\u00e3o cinco dias, em m\u00e9dia, de per\u00edodo de incuba\u00e7\u00e3o e cerca de uma semana at\u00e9 que a doen\u00e7a se agrave. \u00c9 o momento de aumentarmos, ainda mais, as medidas de prote\u00e7\u00e3o.<\/p>\n<p>As imposi\u00e7\u00f5es dos estados e munic\u00edpios s\u00e3o desagrad\u00e1veis, todos sabem disso.\u00a0Restri\u00e7\u00f5es de mobilidade, fechamento de atividades econ\u00f4micas, obrigatoriedade de uso de m\u00e1scaras. E pior, o efeito das medidas restritivas tendem a reduzir com a fadiga da popula\u00e7\u00e3o. Entretanto, n\u00e3o restam outras alternativas ao constatarmos que os servi\u00e7os de sa\u00fade, p\u00fablicos e privados, est\u00e3o prestes a entrar em colapso.<\/p>\n<p>O efeito destas medidas no combate \u00e0 transmiss\u00e3o s\u00f3 ser\u00e1 poss\u00edvel se assumirmos uma atitude respons\u00e1vel. E aqui vale ressaltar o risco que todos correm, coletivamente.<\/p>\n<p>Perceber que cada um de n\u00f3s, nossos amigos e familiares, estamos sob risco iminente \u00e9 a forma mais direta para adaptarmos nosso comportamento, tentando frear a transmiss\u00e3o do v\u00edrus. N\u00e3o h\u00e1 mais tempo a perder acreditando que o poder p\u00fablico resolver\u00e1 o problema de todos.<\/p>\n<p>N\u00e3o tenhamos ilus\u00f5es. Na vida real, todos seremos respons\u00e1veis pelo que pode acontecer nas pr\u00f3ximas semanas.<\/p>\n","protected":false},"excerpt":{"rendered":"<p>fonte: Folha de SP por Esper K\u00e1llas, m\u00e9dico infectologista, professor titular do departamento de mol\u00e9stias infecciosas e parasit\u00e1rias da Faculdade de Medicina da USP e pesquisador na mesma universidade. Um ano se passou e continuamos a ter surpresas. A\u00a0grande onda de transmiss\u00e3o\u00a0do novo coronav\u00edrus em outros pa\u00edses parece ter sido um alerta para o que [&hellip;]<\/p>\n","protected":false},"author":1,"featured_media":0,"comment_status":"closed","ping_status":"open","sticky":false,"template":"","format":"standard","meta":{"ngg_post_thumbnail":0,"footnotes":""},"categories":[4,2],"tags":[],"class_list":["post-11902","post","type-post","status-publish","format-standard","hentry","category-artigos_cientificos","category-noticias"],"aioseo_notices":[],"gutentor_comment":0,"_links":{"self":[{"href":"https:\/\/sobedrj.com.br\/novo\/wp-json\/wp\/v2\/posts\/11902","targetHints":{"allow":["GET"]}}],"collection":[{"href":"https:\/\/sobedrj.com.br\/novo\/wp-json\/wp\/v2\/posts"}],"about":[{"href":"https:\/\/sobedrj.com.br\/novo\/wp-json\/wp\/v2\/types\/post"}],"author":[{"embeddable":true,"href":"https:\/\/sobedrj.com.br\/novo\/wp-json\/wp\/v2\/users\/1"}],"replies":[{"embeddable":true,"href":"https:\/\/sobedrj.com.br\/novo\/wp-json\/wp\/v2\/comments?post=11902"}],"version-history":[{"count":1,"href":"https:\/\/sobedrj.com.br\/novo\/wp-json\/wp\/v2\/posts\/11902\/revisions"}],"predecessor-version":[{"id":11904,"href":"https:\/\/sobedrj.com.br\/novo\/wp-json\/wp\/v2\/posts\/11902\/revisions\/11904"}],"wp:attachment":[{"href":"https:\/\/sobedrj.com.br\/novo\/wp-json\/wp\/v2\/media?parent=11902"}],"wp:term":[{"taxonomy":"category","embeddable":true,"href":"https:\/\/sobedrj.com.br\/novo\/wp-json\/wp\/v2\/categories?post=11902"},{"taxonomy":"post_tag","embeddable":true,"href":"https:\/\/sobedrj.com.br\/novo\/wp-json\/wp\/v2\/tags?post=11902"}],"curies":[{"name":"wp","href":"https:\/\/api.w.org\/{rel}","templated":true}]}}