{"id":11908,"date":"2021-03-08T11:48:01","date_gmt":"2021-03-08T11:48:01","guid":{"rendered":"http:\/\/sobedrj.com.br\/novo\/?p=11908"},"modified":"2021-03-08T23:00:56","modified_gmt":"2021-03-08T23:00:56","slug":"dia-internacional-da-mulher-parabens-a-todas-endoscopistas","status":"publish","type":"post","link":"https:\/\/sobedrj.com.br\/novo\/2021\/03\/08\/dia-internacional-da-mulher-parabens-a-todas-endoscopistas\/","title":{"rendered":"Dia Internacional da Mulher: parab\u00e9ns a todas endoscopistas"},"content":{"rendered":"<p>No Dia Internacional da Mulher, a SOBED-RJ d\u00e1 os parab\u00e9ns a todas as mulheres, em especial as nossas associadas.<\/p>\n<p>Nesta data t\u00e3o importante, destacamos o n\u00facleo SOBED mulher, criado com o\u00a0prop\u00f3sito de contribuir para a educa\u00e7\u00e3o, valoriza\u00e7\u00e3o profissional e desenvolvimento de lideran\u00e7as femininas regionais, fomentando o crescimento da Endoscopia Digestiva brasileira.<\/p>\n<p class=\"bodytext\">Estudos demogr\u00e1ficos da \u00e1rea m\u00e9dica, conduzidos pelo CFM ao longo dos \u00faltimos anos, t\u00eam demonstrado uma forte tend\u00eancia para renova\u00e7\u00e3o geracional al\u00e9m da maior presen\u00e7a feminina na Medicina. Essa mesma tend\u00eancia tem sido demonstrada em outros pa\u00edses.<\/p>\n<p class=\"bodytext\">O papel do m\u00e9dico na sociedade n\u00e3o mudou, mas a presen\u00e7a feminina mais marcante no Brasil, bem como em outros pa\u00edses, \u00e9 acompanhada de diversos desafios, como o combate a ambientes perniciosos para as mulheres, est\u00edmulo \u00e0 inova\u00e7\u00e3o e pesquisa cient\u00edfica, \u00e0 forma\u00e7\u00e3o de lideran\u00e7as, gestoras e mentoras femininas no campo da especialidade.<\/p>\n<p class=\"bodytext\">O n\u00facleo SOBED Mulher re\u00fane profissionais que se dedicam de corpo e alma no que fazem! Compet\u00eancia t\u00e9cnica e atuantes em suas localidades, representaremos as cinco regi\u00f5es do pa\u00eds.<\/p>\n<p><a href=\"https:\/\/www.sobed.org.br\/index.php?id=701\" target=\"_blank\" rel=\"noopener\">SAIBA MAIS SOBRE O N\u00daCLEO SOBED MULHER<\/a><\/p>\n","protected":false},"excerpt":{"rendered":"<p>No Dia Internacional da Mulher, a SOBED-RJ d\u00e1 os parab\u00e9ns a todas as mulheres, em especial as nossas associadas. Nesta data t\u00e3o importante, destacamos o n\u00facleo SOBED mulher, criado com o\u00a0prop\u00f3sito de contribuir para a educa\u00e7\u00e3o, valoriza\u00e7\u00e3o profissional e desenvolvimento de lideran\u00e7as femininas regionais, fomentando o crescimento da Endoscopia Digestiva brasileira. Estudos demogr\u00e1ficos da \u00e1rea [&hellip;]<\/p>\n","protected":false},"author":1,"featured_media":11910,"comment_status":"closed","ping_status":"open","sticky":false,"template":"","format":"standard","meta":{"ngg_post_thumbnail":0,"footnotes":""},"categories":[2],"tags":[],"class_list":["post-11908","post","type-post","status-publish","format-standard","has-post-thumbnail","hentry","category-noticias"],"aioseo_notices":[],"gutentor_comment":0,"_links":{"self":[{"href":"https:\/\/sobedrj.com.br\/novo\/wp-json\/wp\/v2\/posts\/11908","targetHints":{"allow":["GET"]}}],"collection":[{"href":"https:\/\/sobedrj.com.br\/novo\/wp-json\/wp\/v2\/posts"}],"about":[{"href":"https:\/\/sobedrj.com.br\/novo\/wp-json\/wp\/v2\/types\/post"}],"author":[{"embeddable":true,"href":"https:\/\/sobedrj.com.br\/novo\/wp-json\/wp\/v2\/users\/1"}],"replies":[{"embeddable":true,"href":"https:\/\/sobedrj.com.br\/novo\/wp-json\/wp\/v2\/comments?post=11908"}],"version-history":[{"count":4,"href":"https:\/\/sobedrj.com.br\/novo\/wp-json\/wp\/v2\/posts\/11908\/revisions"}],"predecessor-version":[{"id":11923,"href":"https:\/\/sobedrj.com.br\/novo\/wp-json\/wp\/v2\/posts\/11908\/revisions\/11923"}],"wp:featuredmedia":[{"embeddable":true,"href":"https:\/\/sobedrj.com.br\/novo\/wp-json\/wp\/v2\/media\/11910"}],"wp:attachment":[{"href":"https:\/\/sobedrj.com.br\/novo\/wp-json\/wp\/v2\/media?parent=11908"}],"wp:term":[{"taxonomy":"category","embeddable":true,"href":"https:\/\/sobedrj.com.br\/novo\/wp-json\/wp\/v2\/categories?post=11908"},{"taxonomy":"post_tag","embeddable":true,"href":"https:\/\/sobedrj.com.br\/novo\/wp-json\/wp\/v2\/tags?post=11908"}],"curies":[{"name":"wp","href":"https:\/\/api.w.org\/{rel}","templated":true}]}}