{"id":11924,"date":"2021-03-08T17:02:11","date_gmt":"2021-03-08T17:02:11","guid":{"rendered":"http:\/\/sobedrj.com.br\/novo\/?p=11924"},"modified":"2021-03-08T17:02:11","modified_gmt":"2021-03-08T17:02:11","slug":"em-audiencia-com-senadora-zenaide-maia-sobed-defende-criacao-do-marco-azul-e-debate-politicas-de-combate-ao-ccr","status":"publish","type":"post","link":"https:\/\/sobedrj.com.br\/novo\/2021\/03\/08\/em-audiencia-com-senadora-zenaide-maia-sobed-defende-criacao-do-marco-azul-e-debate-politicas-de-combate-ao-ccr\/","title":{"rendered":"Em audi\u00eancia com senadora Zenaide Maia, Sobed defende cria\u00e7\u00e3o do Mar\u00e7o Azul e debate pol\u00edticas de combate ao CCR"},"content":{"rendered":"<p>fonte: SOBED<\/p>\n<p>Articular a implanta\u00e7\u00e3o de pol\u00edticas p\u00fablicas voltadas para a preven\u00e7\u00e3o e o diagn\u00f3stico precoce do c\u00e2ncer colorretal. Esse foi o objetivo da audi\u00eancia realizada nesta sexta-feira (5) entre a diretoria da Sociedade Brasileira de Endoscopia Digestiva (Sobed) e a senadora Zenaide Maia (PROS\/RN). O encontro, realizado por meio de plataforma virtual, deu seguimento \u00e0s discuss\u00f5es em torno do\u00a0<a href=\"https:\/\/www25.senado.leg.br\/web\/atividade\/materias\/-\/materia\/138721\" target=\"_blank\" rel=\"noopener noreferrer\">Projeto de Lei (PL) 5024\/2019<\/a>, que visa estabelecer mar\u00e7o como o M\u00eas Nacional de Conscientiza\u00e7\u00e3o sobre o C\u00e2ncer de C\u00f3lon e Reto (CCR).<\/p>\n<p>Al\u00e9m de vice-presidente da Comiss\u00e3o de Assuntos\u00a0Sociais\u00a0(CAS) do\u00a0Senado, a senadora \u00e9 tamb\u00e9m respons\u00e1vel pela relatoria do PL. Na ocasi\u00e3o, ela se comprometeu em priorizar o andamento da pauta dentro do Congresso Nacional e aproveitou para parabenizar a Sobed por protagonizar os esfor\u00e7os em prol dessa a\u00e7\u00e3o social, que, conforme frisou, \u201cproduzir\u00e1 impacto extremamente significativo na sa\u00fade de milh\u00f5es de brasileiros\u201d.<\/p>\n<p>\u201cMuitas pessoas acabam n\u00e3o realizando exames de rotina ou investindo em preven\u00e7\u00e3o, simplesmente porque n\u00e3o possuem informa\u00e7\u00e3o qualificada sobre sa\u00fade. Essa iniciativa da Sobed, de dar visibilidade para um tema t\u00e3o preponderante, demonstra o olhar cuidadoso e diferenciado desse grupo de m\u00e9dicos em dire\u00e7\u00e3o da nossa popula\u00e7\u00e3o\u201d, disse.<\/p>\n<p>Segundo destacou o presidente da Sobed, Ricardo Anuar Dib, o c\u00e2ncer colorretal \u00e9 um dos tumores malignos mais frequentes e letais.\u00a0\u201cA ideia de instituir oficialmente um m\u00eas dedicado a esse tema pode parecer simples, mas \u00e9 uma a\u00e7\u00e3o imperativa e de extrema relev\u00e2ncia. Se, anualmente, em todo m\u00eas de mar\u00e7o, o c\u00e2ncer colorretal for amplamente debatido pela imprensa, autoridades e sociedade em geral, certamente maior ser\u00e1 a preven\u00e7\u00e3o e mais vidas ser\u00e3o salvas\u201d, afirmou.<\/p>\n<p>Conforme indicou o m\u00e9dico, nos \u00faltimos anos, tornar essa proposi\u00e7\u00e3o uma realidade tem sido uma das metas priorit\u00e1rias da entidade. \u201cDesde 2017, a Sobed vem buscando estreitar la\u00e7os com o poder p\u00fablico, atrav\u00e9s de audi\u00eancias p\u00fablicas e reuni\u00f5es com ministros e parlamentares, uma vez que conscientizar os agentes do Estado \u00e9 o caminho principal para ampliar a assist\u00eancia e combater a doen\u00e7a\u201d, pontou.<br \/>\nAl\u00e9m do presidente da Sobed, tamb\u00e9m participaram do encontro o vice-presidente, Herberth Toledo; o coordenador da campanha Mar\u00e7o Azul e presidente da Comiss\u00e3o de A\u00e7\u00f5es Sociais da entidade, Marcelo Averbach; al\u00e9m dos membros Eduarda Tebet e Fl\u00e1vio Ejima.<\/p>\n<p>\u201cEssa reuni\u00e3o representa um passo emblem\u00e1tico na caminhada de sensibiliza\u00e7\u00e3o a respeito do c\u00e2ncer colorretal. O engajamento demonstrado pela senadora Zenaide Maia muito nos alegra, por estar em total conson\u00e2ncia com os des\u00edgnios da Sobed, e ser\u00e1 crucial para mobilizar o legislativo e aprovar esse projeto de lei\u201d, avaliou Marcelo Averbach.Pol\u00edtica p\u00fablica \u2013 Na oportunidade, os representantes da Sobed e a congressista discutiram ainda a possibilidade da cria\u00e7\u00e3o de um programa nacional de preven\u00e7\u00e3o do c\u00e2ncer colorretal, por meio do Minist\u00e9rio da Sa\u00fade. Na avalia\u00e7\u00e3o da especialista Eduarda Tebet, essa \u00e9 outra proposi\u00e7\u00e3o indispens\u00e1vel para reduzir os \u00edndices de mortes causadas pela doen\u00e7a no Brasil.<\/p>\n<p>\u201cExistem m\u00e9todos diagn\u00f3sticos de menor complexidade e que podem ser oferecidos de forma sistematizada pelo Sistema \u00danico de Sa\u00fade (SUS) para rastrear pacientes mais propensos a desenvolver esse tipo de c\u00e2ncer. Quando altera\u00e7\u00f5es no reto e intestino s\u00e3o diagnosticadas em est\u00e1gios iniciais, h\u00e1 possibilidade de intervir precocemente e prevenir uma evolu\u00e7\u00e3o desfavor\u00e1vel, na maioria dos casos\u201d, explicou.<br \/>\nInternacional \u2013 Na \u00faltima segunda-feira (1), o presidente dos Estados Unidos, Joseph Biden, proclamou oficialmente mar\u00e7o como o M\u00eas Nacional de Conscientiza\u00e7\u00e3o sobre o C\u00e2ncer Colorretal naquele Pa\u00eds. De acordo com o pol\u00edtico, o gesto simb\u00f3lico visa criar oportunidades de levar mais aten\u00e7\u00e3o a essa terr\u00edvel doen\u00e7a e oferecer o que as fam\u00edlias que vivem com ela mais precisam: esperan\u00e7a.<\/p>\n<p>\u201cMuitos de n\u00f3s conhecem a sensa\u00e7\u00e3o de choque e devasta\u00e7\u00e3o quando um ente querido recebe o diagn\u00f3stico de c\u00e2ncer. Nesta batalha, esperan\u00e7a e consci\u00eancia est\u00e3o interligadas. Como o risco de morte por c\u00e2ncer colorretal diminui drasticamente quando o c\u00e2ncer \u00e9 detectado precocemente, podemos salvar vidas chamando a aten\u00e7\u00e3o para os fatores de risco e aumentando o rastreamento de rotina\u201d, concluiu.<\/p>\n","protected":false},"excerpt":{"rendered":"<p>fonte: SOBED Articular a implanta\u00e7\u00e3o de pol\u00edticas p\u00fablicas voltadas para a preven\u00e7\u00e3o e o diagn\u00f3stico precoce do c\u00e2ncer colorretal. Esse foi o objetivo da audi\u00eancia realizada nesta sexta-feira (5) entre a diretoria da Sociedade Brasileira de Endoscopia Digestiva (Sobed) e a senadora Zenaide Maia (PROS\/RN). O encontro, realizado por meio de plataforma virtual, deu seguimento [&hellip;]<\/p>\n","protected":false},"author":1,"featured_media":0,"comment_status":"closed","ping_status":"open","sticky":false,"template":"","format":"standard","meta":{"ngg_post_thumbnail":0,"footnotes":""},"categories":[2],"tags":[],"class_list":["post-11924","post","type-post","status-publish","format-standard","hentry","category-noticias"],"aioseo_notices":[],"gutentor_comment":0,"_links":{"self":[{"href":"https:\/\/sobedrj.com.br\/novo\/wp-json\/wp\/v2\/posts\/11924","targetHints":{"allow":["GET"]}}],"collection":[{"href":"https:\/\/sobedrj.com.br\/novo\/wp-json\/wp\/v2\/posts"}],"about":[{"href":"https:\/\/sobedrj.com.br\/novo\/wp-json\/wp\/v2\/types\/post"}],"author":[{"embeddable":true,"href":"https:\/\/sobedrj.com.br\/novo\/wp-json\/wp\/v2\/users\/1"}],"replies":[{"embeddable":true,"href":"https:\/\/sobedrj.com.br\/novo\/wp-json\/wp\/v2\/comments?post=11924"}],"version-history":[{"count":1,"href":"https:\/\/sobedrj.com.br\/novo\/wp-json\/wp\/v2\/posts\/11924\/revisions"}],"predecessor-version":[{"id":11927,"href":"https:\/\/sobedrj.com.br\/novo\/wp-json\/wp\/v2\/posts\/11924\/revisions\/11927"}],"wp:attachment":[{"href":"https:\/\/sobedrj.com.br\/novo\/wp-json\/wp\/v2\/media?parent=11924"}],"wp:term":[{"taxonomy":"category","embeddable":true,"href":"https:\/\/sobedrj.com.br\/novo\/wp-json\/wp\/v2\/categories?post=11924"},{"taxonomy":"post_tag","embeddable":true,"href":"https:\/\/sobedrj.com.br\/novo\/wp-json\/wp\/v2\/tags?post=11924"}],"curies":[{"name":"wp","href":"https:\/\/api.w.org\/{rel}","templated":true}]}}