{"id":11951,"date":"2021-03-15T12:48:53","date_gmt":"2021-03-15T12:48:53","guid":{"rendered":"http:\/\/sobedrj.com.br\/novo\/?p=11951"},"modified":"2021-03-15T17:52:30","modified_gmt":"2021-03-15T17:52:30","slug":"cremerj-publica-nota-oficial-sobre-edital-do-ministerio-da-saude-para-hospitais-do-rio-de-janeiro","status":"publish","type":"post","link":"https:\/\/sobedrj.com.br\/novo\/2021\/03\/15\/cremerj-publica-nota-oficial-sobre-edital-do-ministerio-da-saude-para-hospitais-do-rio-de-janeiro\/","title":{"rendered":"CREMERJ publica nota oficial sobre edital do Minist\u00e9rio da Sa\u00fade para hospitais do Rio de Janeiro"},"content":{"rendered":"<p>fonte: CREMERJ<\/p>\n<p>O Conselho Regional de Medicina do Estado do Rio de Janeiro (CREMERJ) ingressou com pedido na Justi\u00e7a Federal para que a liminar concedida pela 10\u00aa Vara &#8211; que determina a reavalia\u00e7\u00e3o dos documentos comprobat\u00f3rios dos t\u00e9cnicos de enfermagem no concurso do Minist\u00e9rio da Sa\u00fade para vagas tempor\u00e1rias nos seis hospitais e tr\u00eas institutos da rede federal de Sa\u00fade do Rio \u2013 seja estendida a todos os m\u00e9dicos.<\/p>\n<p>A decis\u00e3o foi proferida em a\u00e7\u00e3o civil p\u00fablica ajuizada pelo Sindicato dos Auxiliares e T\u00e9cnicos de Enfermagem do Munic\u00edpio do Rio (Satem RJ). A liminar determina a suspens\u00e3o imediata dos tr\u00e2mites e efeitos do processo seletivo.<\/p>\n<p>Segundo a decis\u00e3o, a Uni\u00e3o deve reanalisar as titula\u00e7\u00f5es acad\u00eamicas apresentadas pelos candidatos que tiveram pontua\u00e7\u00e3o zerada. A liminar determina que seja elaborada pelo Minist\u00e9rio da Sa\u00fade uma nova lista de classifica\u00e7\u00e3o do certame.<\/p>\n","protected":false},"excerpt":{"rendered":"<p>fonte: CREMERJ O Conselho Regional de Medicina do Estado do Rio de Janeiro (CREMERJ) ingressou com pedido na Justi\u00e7a Federal para que a liminar concedida pela 10\u00aa Vara &#8211; que determina a reavalia\u00e7\u00e3o dos documentos comprobat\u00f3rios dos t\u00e9cnicos de enfermagem no concurso do Minist\u00e9rio da Sa\u00fade para vagas tempor\u00e1rias nos seis hospitais e tr\u00eas institutos [&hellip;]<\/p>\n","protected":false},"author":1,"featured_media":503,"comment_status":"closed","ping_status":"open","sticky":false,"template":"","format":"standard","meta":{"ngg_post_thumbnail":0,"footnotes":""},"categories":[2],"tags":[],"class_list":["post-11951","post","type-post","status-publish","format-standard","has-post-thumbnail","hentry","category-noticias"],"aioseo_notices":[],"gutentor_comment":0,"_links":{"self":[{"href":"https:\/\/sobedrj.com.br\/novo\/wp-json\/wp\/v2\/posts\/11951","targetHints":{"allow":["GET"]}}],"collection":[{"href":"https:\/\/sobedrj.com.br\/novo\/wp-json\/wp\/v2\/posts"}],"about":[{"href":"https:\/\/sobedrj.com.br\/novo\/wp-json\/wp\/v2\/types\/post"}],"author":[{"embeddable":true,"href":"https:\/\/sobedrj.com.br\/novo\/wp-json\/wp\/v2\/users\/1"}],"replies":[{"embeddable":true,"href":"https:\/\/sobedrj.com.br\/novo\/wp-json\/wp\/v2\/comments?post=11951"}],"version-history":[{"count":1,"href":"https:\/\/sobedrj.com.br\/novo\/wp-json\/wp\/v2\/posts\/11951\/revisions"}],"predecessor-version":[{"id":11953,"href":"https:\/\/sobedrj.com.br\/novo\/wp-json\/wp\/v2\/posts\/11951\/revisions\/11953"}],"wp:featuredmedia":[{"embeddable":true,"href":"https:\/\/sobedrj.com.br\/novo\/wp-json\/wp\/v2\/media\/503"}],"wp:attachment":[{"href":"https:\/\/sobedrj.com.br\/novo\/wp-json\/wp\/v2\/media?parent=11951"}],"wp:term":[{"taxonomy":"category","embeddable":true,"href":"https:\/\/sobedrj.com.br\/novo\/wp-json\/wp\/v2\/categories?post=11951"},{"taxonomy":"post_tag","embeddable":true,"href":"https:\/\/sobedrj.com.br\/novo\/wp-json\/wp\/v2\/tags?post=11951"}],"curies":[{"name":"wp","href":"https:\/\/api.w.org\/{rel}","templated":true}]}}