{"id":11965,"date":"2021-03-15T13:59:33","date_gmt":"2021-03-15T13:59:33","guid":{"rendered":"http:\/\/sobedrj.com.br\/novo\/?p=11965"},"modified":"2021-03-15T17:51:31","modified_gmt":"2021-03-15T17:51:31","slug":"marco-azul-campanha-ganha-adesao-de-artistas-e-personalidades","status":"publish","type":"post","link":"https:\/\/sobedrj.com.br\/novo\/2021\/03\/15\/marco-azul-campanha-ganha-adesao-de-artistas-e-personalidades\/","title":{"rendered":"Mar\u00e7o Azul: campanha ganha ades\u00e3o de artistas e personalidades"},"content":{"rendered":"<p>Na \u00faltima semana, a campanha Mar\u00e7o Azul, da SOBED, de conscientiza\u00e7\u00e3o e preven\u00e7\u00e3o do c\u00e2ncer colorretal ganhou a ades\u00e3o de diversos artistas e personalidades que gravaram v\u00eddeos de apoio, dentre eles a atriz Malu Mader, os atores Raul Gazzola, Nelson Freitas, Eri Johnson, o jornalista Alexandre Garcia, a atriz e diretora Cininha de Paula, entre outros.<\/p>\n<p>Ao longo do m\u00eas as grava\u00e7\u00f5es ser\u00e3o divulgadas nas redes sociais da SOBED e das entidades apoiadoras, como a SOBED-RJ.<\/p>\n<p>Siga a SOBED e a SOBED-RJ nas redes e confira!<\/p>\n<p><a href=\"https:\/\/www.instagram.com\/sobedrj\" target=\"_blank\" rel=\"noopener\">https:\/\/www.instagram.com\/sobedrj<\/a><\/p>\n<p><a href=\"https:\/\/www.facebook.com\/sobedrio\" target=\"_blank\" rel=\"noopener\">https:\/\/www.facebook.com\/sobedrio<\/a><\/p>\n<p><a href=\"https:\/\/www.facebook.com\/SobedNacional\/\" target=\"_blank\" rel=\"noopener\">https:\/\/www.facebook.com\/SobedNacional\/<\/a><\/p>\n<p><a href=\"https:\/\/www.instagram.com\/sobednacional\/\" target=\"_blank\" rel=\"noopener\">https:\/\/www.instagram.com\/sobednacional\/<\/a><\/p>\n<p>&nbsp;<\/p>\n","protected":false},"excerpt":{"rendered":"<p>Na \u00faltima semana, a campanha Mar\u00e7o Azul, da SOBED, de conscientiza\u00e7\u00e3o e preven\u00e7\u00e3o do c\u00e2ncer colorretal ganhou a ades\u00e3o de diversos artistas e personalidades que gravaram v\u00eddeos de apoio, dentre eles a atriz Malu Mader, os atores Raul Gazzola, Nelson Freitas, Eri Johnson, o jornalista Alexandre Garcia, a atriz e diretora Cininha de Paula, entre [&hellip;]<\/p>\n","protected":false},"author":1,"featured_media":11967,"comment_status":"closed","ping_status":"open","sticky":false,"template":"","format":"standard","meta":{"ngg_post_thumbnail":0,"footnotes":""},"categories":[2],"tags":[],"class_list":["post-11965","post","type-post","status-publish","format-standard","has-post-thumbnail","hentry","category-noticias"],"aioseo_notices":[],"gutentor_comment":0,"_links":{"self":[{"href":"https:\/\/sobedrj.com.br\/novo\/wp-json\/wp\/v2\/posts\/11965","targetHints":{"allow":["GET"]}}],"collection":[{"href":"https:\/\/sobedrj.com.br\/novo\/wp-json\/wp\/v2\/posts"}],"about":[{"href":"https:\/\/sobedrj.com.br\/novo\/wp-json\/wp\/v2\/types\/post"}],"author":[{"embeddable":true,"href":"https:\/\/sobedrj.com.br\/novo\/wp-json\/wp\/v2\/users\/1"}],"replies":[{"embeddable":true,"href":"https:\/\/sobedrj.com.br\/novo\/wp-json\/wp\/v2\/comments?post=11965"}],"version-history":[{"count":1,"href":"https:\/\/sobedrj.com.br\/novo\/wp-json\/wp\/v2\/posts\/11965\/revisions"}],"predecessor-version":[{"id":11968,"href":"https:\/\/sobedrj.com.br\/novo\/wp-json\/wp\/v2\/posts\/11965\/revisions\/11968"}],"wp:featuredmedia":[{"embeddable":true,"href":"https:\/\/sobedrj.com.br\/novo\/wp-json\/wp\/v2\/media\/11967"}],"wp:attachment":[{"href":"https:\/\/sobedrj.com.br\/novo\/wp-json\/wp\/v2\/media?parent=11965"}],"wp:term":[{"taxonomy":"category","embeddable":true,"href":"https:\/\/sobedrj.com.br\/novo\/wp-json\/wp\/v2\/categories?post=11965"},{"taxonomy":"post_tag","embeddable":true,"href":"https:\/\/sobedrj.com.br\/novo\/wp-json\/wp\/v2\/tags?post=11965"}],"curies":[{"name":"wp","href":"https:\/\/api.w.org\/{rel}","templated":true}]}}