{"id":11987,"date":"2021-03-19T09:25:58","date_gmt":"2021-03-19T09:25:58","guid":{"rendered":"http:\/\/sobedrj.com.br\/novo\/?p=11987"},"modified":"2021-03-22T19:09:20","modified_gmt":"2021-03-22T19:09:20","slug":"congresso-assegura-indenizacao-a-profissionais-de-saude-incapacitados-por-covid-19","status":"publish","type":"post","link":"https:\/\/sobedrj.com.br\/novo\/2021\/03\/19\/congresso-assegura-indenizacao-a-profissionais-de-saude-incapacitados-por-covid-19\/","title":{"rendered":"Congresso assegura indeniza\u00e7\u00e3o a profissionais de sa\u00fade incapacitados por Covid-19"},"content":{"rendered":"<p>Fonte: Ag\u00eancia C\u00e2mara de Not\u00edcias<\/p>\n<p>O Congresso Nacional rejeitou vetos de 11 projetos de lei, como o que concede indeniza\u00e7\u00e3o aos profissionais de sa\u00fade tornados incapacitados para o trabalho pela Covid-19. As mat\u00e9rias ser\u00e3o promulgadas para virarem lei ou serem incorporadas nas leis j\u00e1 publicadas sobre o tema.<\/p>\n<p>O projeto que concede indeniza\u00e7\u00e3o aos profissionais da linha de frente de combate \u00e0 Covid-19 (PL 1826\/20) foi vetado totalmente pelo presidente Jair Bolsonaro no ano passado, com o argumento de que a lei de repasse de recursos para os estados e munic\u00edpios enfrentarem o per\u00edodo de pandemia (Lei Complementar 173\/20) pro\u00edbe a concess\u00e3o de benef\u00edcios indenizat\u00f3rios para agentes p\u00fablicos.<\/p>\n<p>De autoria dos deputados Reginaldo Lopes (PT-MG) e Fernanda Melchionna (Psol-RS), o texto prev\u00ea indeniza\u00e7\u00e3o de R$ 50 mil para os profissionais que ficaram permanentemente incapacitados ap\u00f3s a infec\u00e7\u00e3o. Segundo o projeto, ter\u00e3o direito profissionais como m\u00e9dicos, enfermeiros, fisioterapeutas, assistentes sociais, agentes comunit\u00e1rios, t\u00e9cnicos de laborat\u00f3rio e outros que atuam na \u00e1rea.<\/p>\n<p>A proposta tamb\u00e9m concede o benef\u00edcio\u00a0aos familiares de profissionais de sa\u00fade que atuaram no combate \u00e0 pandemia provocada pelo novo coronav\u00edrus e morreram em decorr\u00eancia da Covid-19.<\/p>\n","protected":false},"excerpt":{"rendered":"<p>Fonte: Ag\u00eancia C\u00e2mara de Not\u00edcias O Congresso Nacional rejeitou vetos de 11 projetos de lei, como o que concede indeniza\u00e7\u00e3o aos profissionais de sa\u00fade tornados incapacitados para o trabalho pela Covid-19. As mat\u00e9rias ser\u00e3o promulgadas para virarem lei ou serem incorporadas nas leis j\u00e1 publicadas sobre o tema. O projeto que concede indeniza\u00e7\u00e3o aos profissionais [&hellip;]<\/p>\n","protected":false},"author":1,"featured_media":0,"comment_status":"closed","ping_status":"open","sticky":false,"template":"","format":"standard","meta":{"ngg_post_thumbnail":0,"footnotes":""},"categories":[2],"tags":[],"class_list":["post-11987","post","type-post","status-publish","format-standard","hentry","category-noticias"],"aioseo_notices":[],"gutentor_comment":0,"_links":{"self":[{"href":"https:\/\/sobedrj.com.br\/novo\/wp-json\/wp\/v2\/posts\/11987","targetHints":{"allow":["GET"]}}],"collection":[{"href":"https:\/\/sobedrj.com.br\/novo\/wp-json\/wp\/v2\/posts"}],"about":[{"href":"https:\/\/sobedrj.com.br\/novo\/wp-json\/wp\/v2\/types\/post"}],"author":[{"embeddable":true,"href":"https:\/\/sobedrj.com.br\/novo\/wp-json\/wp\/v2\/users\/1"}],"replies":[{"embeddable":true,"href":"https:\/\/sobedrj.com.br\/novo\/wp-json\/wp\/v2\/comments?post=11987"}],"version-history":[{"count":2,"href":"https:\/\/sobedrj.com.br\/novo\/wp-json\/wp\/v2\/posts\/11987\/revisions"}],"predecessor-version":[{"id":12012,"href":"https:\/\/sobedrj.com.br\/novo\/wp-json\/wp\/v2\/posts\/11987\/revisions\/12012"}],"wp:attachment":[{"href":"https:\/\/sobedrj.com.br\/novo\/wp-json\/wp\/v2\/media?parent=11987"}],"wp:term":[{"taxonomy":"category","embeddable":true,"href":"https:\/\/sobedrj.com.br\/novo\/wp-json\/wp\/v2\/categories?post=11987"},{"taxonomy":"post_tag","embeddable":true,"href":"https:\/\/sobedrj.com.br\/novo\/wp-json\/wp\/v2\/tags?post=11987"}],"curies":[{"name":"wp","href":"https:\/\/api.w.org\/{rel}","templated":true}]}}