{"id":11997,"date":"2021-03-22T12:41:11","date_gmt":"2021-03-22T12:41:11","guid":{"rendered":"http:\/\/sobedrj.com.br\/novo\/?p=11997"},"modified":"2021-03-22T19:09:35","modified_gmt":"2021-03-22T19:09:35","slug":"cremerj-cria-plantao-de-fiscalizacao-para-epis-e-leitos-covid-19","status":"publish","type":"post","link":"https:\/\/sobedrj.com.br\/novo\/2021\/03\/22\/cremerj-cria-plantao-de-fiscalizacao-para-epis-e-leitos-covid-19\/","title":{"rendered":"Cremerj cria plant\u00e3o de fiscaliza\u00e7\u00e3o para EPIs e leitos Covid-19"},"content":{"rendered":"<p>fonte: Cremerj<\/p>\n<p>O Conselho Regional de Medicina do Estado do Rio de Janeiro (Cremerj) criou, na \u00faltima sexta-feira, 19, o Plant\u00e3o de Fiscaliza\u00e7\u00e3o para EPIs e Leitos de Covid-19, em raz\u00e3o do aumento de casos do v\u00edrus no estado do Rio de Janeiro. Para isso, o Departamento de Fiscaliza\u00e7\u00e3o (Defis) do Cremerj ficar\u00e1 de sobreaviso tamb\u00e9m aos fins de semana para receber relatos de m\u00e9dicos sobre falta de Equipamentos de Prote\u00e7\u00e3o Individual (EPIs) para os profissionais que atuam na linha de frente e de aus\u00eancia de leitos de Covid-19 para os pacientes, incluindo vagas de UTI.<\/p>\n<p>\u201c\u00c9 uma fase complicada. Precisamos urgentemente vacinar todos os m\u00e9dicos do Rio de Janeiro. \u00c9 importante, neste momento, cada um fazer a sua parte e colaborar no que for poss\u00edvel. Os m\u00e9dicos, muitas vezes, acabam ficando sobrecarregados e, como o Conselho que os representa, estamos \u00e0 disposi\u00e7\u00e3o para ouvi-los e auxili\u00e1-los\u201d, destaca o presidente do Cremerj, Walter Palis.<\/p>\n<p>Desde o in\u00edcio da pandemia, o Cremerj realizou centenas de vistorias com o foco na assist\u00eancia m\u00e9dica e no atendimento dos pacientes.<\/p>\n<p>\u201cO Conselho efetuou cerca de 630 fiscaliza\u00e7\u00f5es nas mais variadas unidades de sa\u00fade por conta da pandemia e das demais necessidades relacionadas \u00e0 presta\u00e7\u00e3o de servi\u00e7os para a popula\u00e7\u00e3o. Temos trabalhado incansavelmente, mesmo perante todas as dificuldades j\u00e1 conhecidas, para melhorar as condi\u00e7\u00f5es de atendimento para a sociedade e oferecer condi\u00e7\u00f5es dignas para a atua\u00e7\u00e3o do m\u00e9dico. Este canal \u00e9 mais uma forma de ajudar neste momento\u201d, acrescenta Guilherme Nadais, coordenador do Defis.<\/p>\n<p>As den\u00fancias poder\u00e3o ser enviadas para <a href=\"mailto:plantaocovid@crm-rj.gov.br\">plantaocovid@crm-rj.gov.br<\/a>.<\/p>\n","protected":false},"excerpt":{"rendered":"<p>fonte: Cremerj O Conselho Regional de Medicina do Estado do Rio de Janeiro (Cremerj) criou, na \u00faltima sexta-feira, 19, o Plant\u00e3o de Fiscaliza\u00e7\u00e3o para EPIs e Leitos de Covid-19, em raz\u00e3o do aumento de casos do v\u00edrus no estado do Rio de Janeiro. Para isso, o Departamento de Fiscaliza\u00e7\u00e3o (Defis) do Cremerj ficar\u00e1 de sobreaviso [&hellip;]<\/p>\n","protected":false},"author":1,"featured_media":0,"comment_status":"closed","ping_status":"open","sticky":false,"template":"","format":"standard","meta":{"ngg_post_thumbnail":0,"footnotes":""},"categories":[2],"tags":[],"class_list":["post-11997","post","type-post","status-publish","format-standard","hentry","category-noticias"],"aioseo_notices":[],"gutentor_comment":0,"_links":{"self":[{"href":"https:\/\/sobedrj.com.br\/novo\/wp-json\/wp\/v2\/posts\/11997","targetHints":{"allow":["GET"]}}],"collection":[{"href":"https:\/\/sobedrj.com.br\/novo\/wp-json\/wp\/v2\/posts"}],"about":[{"href":"https:\/\/sobedrj.com.br\/novo\/wp-json\/wp\/v2\/types\/post"}],"author":[{"embeddable":true,"href":"https:\/\/sobedrj.com.br\/novo\/wp-json\/wp\/v2\/users\/1"}],"replies":[{"embeddable":true,"href":"https:\/\/sobedrj.com.br\/novo\/wp-json\/wp\/v2\/comments?post=11997"}],"version-history":[{"count":1,"href":"https:\/\/sobedrj.com.br\/novo\/wp-json\/wp\/v2\/posts\/11997\/revisions"}],"predecessor-version":[{"id":11999,"href":"https:\/\/sobedrj.com.br\/novo\/wp-json\/wp\/v2\/posts\/11997\/revisions\/11999"}],"wp:attachment":[{"href":"https:\/\/sobedrj.com.br\/novo\/wp-json\/wp\/v2\/media?parent=11997"}],"wp:term":[{"taxonomy":"category","embeddable":true,"href":"https:\/\/sobedrj.com.br\/novo\/wp-json\/wp\/v2\/categories?post=11997"},{"taxonomy":"post_tag","embeddable":true,"href":"https:\/\/sobedrj.com.br\/novo\/wp-json\/wp\/v2\/tags?post=11997"}],"curies":[{"name":"wp","href":"https:\/\/api.w.org\/{rel}","templated":true}]}}