{"id":12000,"date":"2021-03-22T12:55:23","date_gmt":"2021-03-22T12:55:23","guid":{"rendered":"http:\/\/sobedrj.com.br\/novo\/?p=12000"},"modified":"2021-03-22T19:09:04","modified_gmt":"2021-03-22T19:09:04","slug":"displasia-de-alto-grau-ou-adenocarcinoma-superficial-no-cancer-colorretal-e-tema-de-evento-online-nesta-terca-feira","status":"publish","type":"post","link":"https:\/\/sobedrj.com.br\/novo\/2021\/03\/22\/displasia-de-alto-grau-ou-adenocarcinoma-superficial-no-cancer-colorretal-e-tema-de-evento-online-nesta-terca-feira\/","title":{"rendered":"Displasia de alto grau ou adenocarcinoma superficial no C\u00e2ncer Colorretal \u00e9 tema de evento online nesta ter\u00e7a-feira"},"content":{"rendered":"<p>Em mais uma a\u00e7\u00e3o da campanha Mar\u00e7o Azul, a SOBED realiza nesta ter\u00e7a-feira, dia 23, a partir das 20h, o evento online: Cara a cara: Displasia de alto grau ou adenocarcinoma superficial no C\u00e2ncer Colorretal.<\/p>\n<p>A atividade cient\u00edfica contar\u00e1 com a participa\u00e7\u00e3o dos Drs. Claudio Rolim Teixeira, Carlos Ramon Silveira, Paulo Correa e Marcos Clar\u00eancio.<\/p>\n<p><a href=\"https:\/\/tbread.com.br\/sobedmarcoazul\" target=\"_blank\" rel=\"noopener\">FA\u00c7A SUA INSCRI\u00c7\u00c3O GRATUITA<\/a><\/p>\n","protected":false},"excerpt":{"rendered":"<p>Em mais uma a\u00e7\u00e3o da campanha Mar\u00e7o Azul, a SOBED realiza nesta ter\u00e7a-feira, dia 23, a partir das 20h, o evento online: Cara a cara: Displasia de alto grau ou adenocarcinoma superficial no C\u00e2ncer Colorretal. A atividade cient\u00edfica contar\u00e1 com a participa\u00e7\u00e3o dos Drs. Claudio Rolim Teixeira, Carlos Ramon Silveira, Paulo Correa e Marcos Clar\u00eancio. [&hellip;]<\/p>\n","protected":false},"author":1,"featured_media":12002,"comment_status":"closed","ping_status":"open","sticky":false,"template":"","format":"standard","meta":{"ngg_post_thumbnail":0,"footnotes":""},"categories":[2],"tags":[],"class_list":["post-12000","post","type-post","status-publish","format-standard","has-post-thumbnail","hentry","category-noticias"],"aioseo_notices":[],"gutentor_comment":0,"_links":{"self":[{"href":"https:\/\/sobedrj.com.br\/novo\/wp-json\/wp\/v2\/posts\/12000","targetHints":{"allow":["GET"]}}],"collection":[{"href":"https:\/\/sobedrj.com.br\/novo\/wp-json\/wp\/v2\/posts"}],"about":[{"href":"https:\/\/sobedrj.com.br\/novo\/wp-json\/wp\/v2\/types\/post"}],"author":[{"embeddable":true,"href":"https:\/\/sobedrj.com.br\/novo\/wp-json\/wp\/v2\/users\/1"}],"replies":[{"embeddable":true,"href":"https:\/\/sobedrj.com.br\/novo\/wp-json\/wp\/v2\/comments?post=12000"}],"version-history":[{"count":1,"href":"https:\/\/sobedrj.com.br\/novo\/wp-json\/wp\/v2\/posts\/12000\/revisions"}],"predecessor-version":[{"id":12003,"href":"https:\/\/sobedrj.com.br\/novo\/wp-json\/wp\/v2\/posts\/12000\/revisions\/12003"}],"wp:featuredmedia":[{"embeddable":true,"href":"https:\/\/sobedrj.com.br\/novo\/wp-json\/wp\/v2\/media\/12002"}],"wp:attachment":[{"href":"https:\/\/sobedrj.com.br\/novo\/wp-json\/wp\/v2\/media?parent=12000"}],"wp:term":[{"taxonomy":"category","embeddable":true,"href":"https:\/\/sobedrj.com.br\/novo\/wp-json\/wp\/v2\/categories?post=12000"},{"taxonomy":"post_tag","embeddable":true,"href":"https:\/\/sobedrj.com.br\/novo\/wp-json\/wp\/v2\/tags?post=12000"}],"curies":[{"name":"wp","href":"https:\/\/api.w.org\/{rel}","templated":true}]}}