{"id":12008,"date":"2021-03-22T13:12:28","date_gmt":"2021-03-22T13:12:28","guid":{"rendered":"http:\/\/sobedrj.com.br\/novo\/?p=12008"},"modified":"2021-03-24T13:26:18","modified_gmt":"2021-03-24T13:26:18","slug":"sobed-rj-realiza-neste-sabado-oficina-online-sobre-cromoscopia-do-lugo-a-cromoscopia-virtual","status":"publish","type":"post","link":"https:\/\/sobedrj.com.br\/novo\/2021\/03\/22\/sobed-rj-realiza-neste-sabado-oficina-online-sobre-cromoscopia-do-lugo-a-cromoscopia-virtual\/","title":{"rendered":"SOBED-RJ realiza, neste s\u00e1bado, oficina online sobre Cromoscopia: do lugo a cromoscopia virtual"},"content":{"rendered":"<p>A SOBED-RJ realiza neste s\u00e1bado, dia 27, a partir das 9h, oficina online sobre <em>Cromoscopia: do lugo a cromoscopia virtual<\/em>.<\/p>\n<p>O evento, de acesso livre para m\u00e9dicos, contar\u00e1 com a seguinte programa\u00e7\u00e3o:<\/p>\n<ul>\n<li><strong>9h<\/strong> Abertura<\/li>\n<li><strong>9h10\u00a0<\/strong><em>Corantes de superf\u00edcie e de rea\u00e7\u00e3o<\/em><br \/>\nDr. Felipe Mota Mendon\u00e7a (UERJ)<\/li>\n<li><strong>9h25\u00a0<\/strong><em>Cromoendoscopia digital &#8211; NBI<\/em><br \/>\nDra. Maria Aparecida Ferreira (INCA)<\/li>\n<li><strong>9h40\u00a0<\/strong><em>Cromoendoscopia virtual &#8211; FICE\/BLI &#8211; Classifica\u00e7\u00f5es<\/em><br \/>\nDr. Lu\u00eds Masuo Maruta (USP)<\/li>\n<\/ul>\n<p>A modera\u00e7\u00e3o ficar\u00e1 a cargo do Dr. Miguel Koury Filho, presidente da SOBED-RJ, e do Dr. Rog\u00e9rio Kuga (SP).<\/p>\n<p>Fa\u00e7a abaixo sua inscri\u00e7\u00e3o gratuita no evento. O link de acesso ser\u00e1 enviado no dia 26 de mar\u00e7o para o e-mail cadastrado.<\/p>\n<p><a href=\"https:\/\/zoom.us\/meeting\/register\/tJ0vfuGoqDsqHtMJ57yPliBzbJa4oIJXGxci\" target=\"_blank\" rel=\"noopener\">FA\u00c7A SUA INSCRI\u00c7\u00c3O<\/a><\/p>\n","protected":false},"excerpt":{"rendered":"<p>A SOBED-RJ realiza neste s\u00e1bado, dia 27, a partir das 9h, oficina online sobre Cromoscopia: do lugo a cromoscopia virtual. O evento, de acesso livre para m\u00e9dicos, contar\u00e1 com a seguinte programa\u00e7\u00e3o: 9h Abertura 9h10\u00a0Corantes de superf\u00edcie e de rea\u00e7\u00e3o Dr. Felipe Mota Mendon\u00e7a (UERJ) 9h25\u00a0Cromoendoscopia digital &#8211; NBI Dra. Maria Aparecida Ferreira (INCA) 9h40\u00a0Cromoendoscopia [&hellip;]<\/p>\n","protected":false},"author":1,"featured_media":11892,"comment_status":"closed","ping_status":"open","sticky":false,"template":"","format":"standard","meta":{"ngg_post_thumbnail":0,"footnotes":""},"categories":[2],"tags":[],"class_list":["post-12008","post","type-post","status-publish","format-standard","has-post-thumbnail","hentry","category-noticias"],"aioseo_notices":[],"gutentor_comment":0,"_links":{"self":[{"href":"https:\/\/sobedrj.com.br\/novo\/wp-json\/wp\/v2\/posts\/12008","targetHints":{"allow":["GET"]}}],"collection":[{"href":"https:\/\/sobedrj.com.br\/novo\/wp-json\/wp\/v2\/posts"}],"about":[{"href":"https:\/\/sobedrj.com.br\/novo\/wp-json\/wp\/v2\/types\/post"}],"author":[{"embeddable":true,"href":"https:\/\/sobedrj.com.br\/novo\/wp-json\/wp\/v2\/users\/1"}],"replies":[{"embeddable":true,"href":"https:\/\/sobedrj.com.br\/novo\/wp-json\/wp\/v2\/comments?post=12008"}],"version-history":[{"count":4,"href":"https:\/\/sobedrj.com.br\/novo\/wp-json\/wp\/v2\/posts\/12008\/revisions"}],"predecessor-version":[{"id":12025,"href":"https:\/\/sobedrj.com.br\/novo\/wp-json\/wp\/v2\/posts\/12008\/revisions\/12025"}],"wp:featuredmedia":[{"embeddable":true,"href":"https:\/\/sobedrj.com.br\/novo\/wp-json\/wp\/v2\/media\/11892"}],"wp:attachment":[{"href":"https:\/\/sobedrj.com.br\/novo\/wp-json\/wp\/v2\/media?parent=12008"}],"wp:term":[{"taxonomy":"category","embeddable":true,"href":"https:\/\/sobedrj.com.br\/novo\/wp-json\/wp\/v2\/categories?post=12008"},{"taxonomy":"post_tag","embeddable":true,"href":"https:\/\/sobedrj.com.br\/novo\/wp-json\/wp\/v2\/tags?post=12008"}],"curies":[{"name":"wp","href":"https:\/\/api.w.org\/{rel}","templated":true}]}}