{"id":12026,"date":"2021-03-25T10:13:29","date_gmt":"2021-03-25T10:13:29","guid":{"rendered":"http:\/\/sobedrj.com.br\/novo\/?p=12026"},"modified":"2021-03-25T10:13:29","modified_gmt":"2021-03-25T10:13:29","slug":"advogado-trabalhista-tira-duvidas-sobre-antecipacao-de-feriados-no-rio","status":"publish","type":"post","link":"https:\/\/sobedrj.com.br\/novo\/2021\/03\/25\/advogado-trabalhista-tira-duvidas-sobre-antecipacao-de-feriados-no-rio\/","title":{"rendered":"Advogado trabalhista tira d\u00favidas sobre antecipa\u00e7\u00e3o de feriados no Rio"},"content":{"rendered":"<p>fonte: G1<\/p>\n<div class=\"mc-column content-text active-extra-styles \" data-block-type=\"unstyled\" data-block-weight=\"25\" data-block-id=\"2\">\n<p class=\"content-text__container \" data-track-category=\"Link no Texto\" data-track-links=\"\">O advogado trabalhista e diretor de Comunica\u00e7\u00e3o da OAB-RJ, Marcus Vin\u00edcius Cordeiro, esclareceu nesta quarta-feira (24) d\u00favidas sobre a\u00a0antecipa\u00e7\u00e3o de feriados\u00a0no Rio.<\/p>\n<\/div>\n<div class=\"wall protected-content\">\n<div class=\"mc-column content-text active-extra-styles \" data-block-type=\"unstyled\" data-block-weight=\"39\" data-block-id=\"3\">\n<p class=\"content-text__container \" data-track-category=\"Link no Texto\" data-track-links=\"\">A medida vai da pr\u00f3xima sexta-feira (26) at\u00e9 o Domingo de P\u00e1scoa (4) e foi publicada por meio de um decreto do prefeito Eduardo Paes nesta segunda-feira (22). O objetivo \u00e9 frear o avan\u00e7o da Covid-19 na capital.<\/p>\n<\/div>\n<div class=\"mc-column content-text active-extra-styles \" data-block-type=\"unstyled\" data-block-weight=\"12\" data-block-id=\"4\">\n<p class=\"content-text__container \" data-track-category=\"Link no Texto\" data-track-links=\"\"><strong>Confira abaixo algumas perguntas feitas por telespectadores ao Bom Dia Rio:<\/strong><\/p>\n<\/div>\n<div class=\"mc-column content-text active-extra-styles \" data-block-type=\"unstyled\" data-block-weight=\"22\" data-block-id=\"5\">\n<p class=\"content-text__container \" data-track-category=\"Link no Texto\" data-track-links=\"\"><strong>Os empregados t\u00eam que pagar dobrado durante antecipa\u00e7\u00e3o de feriado, especialmente na sexta (26), na quarta (31) e na quinta-feira (1\u00ba)?<\/strong><\/p>\n<\/div>\n<div class=\"mc-column content-text active-extra-styles \" data-block-type=\"unstyled\" data-block-weight=\"21\" data-block-id=\"6\">\n<p class=\"content-text__container \" data-track-category=\"Link no Texto\" data-track-links=\"\">Sim, a situa\u00e7\u00e3o \u00e9 id\u00eantica a de feriado normal. O que est\u00e1 havendo \u00e9 uma antecipa\u00e7\u00e3o dos feriados que existem.<\/p>\n<\/div>\n<div class=\"mc-column content-text active-extra-styles \" data-block-type=\"unstyled\" data-block-weight=\"37\" data-block-id=\"7\">\n<p class=\"content-text__container \" data-track-category=\"Link no Texto\" data-track-links=\"\">Ent\u00e3o, o pagamento \u00e9 em dobro ou, havendo um acordo de compensa\u00e7\u00e3o, banco de horas, negocia\u00e7\u00e3o coletiva (com o sindicato) ou mesmo individual, pode-se transacionar para que seja aproveitado esse dia de folga em outra data.<\/p>\n<\/div>\n<div class=\"mc-column content-text active-extra-styles \" data-block-type=\"unstyled\" data-block-weight=\"17\" data-block-id=\"8\">\n<p class=\"content-text__container \" data-track-category=\"Link no Texto\" data-track-links=\"\">Mas n\u00e3o havendo isso, o pagamento \u00e9 dobrado, como se fosse o trabalho em qualquer feriado.<\/p>\n<\/div>\n<div class=\"mc-column content-text active-extra-styles \" data-block-type=\"unstyled\" data-block-weight=\"19\" data-block-id=\"9\">\n<p class=\"content-text__container \" data-track-category=\"Link no Texto\" data-track-links=\"\"><strong>E quando chegar a data \u201coriginal\u201d do feriado, esse dia n\u00e3o ser\u00e1 feriado e n\u00e3o haver\u00e1 pagamento dobrado?<\/strong><\/p>\n<\/div>\n<div class=\"mc-column content-text active-extra-styles \" data-block-type=\"unstyled\" data-block-weight=\"7\" data-block-id=\"10\">\n<p class=\"content-text__container \" data-track-category=\"Link no Texto\" data-track-links=\"\">N\u00e3o, a\u00ed \u00e9 o trabalho comum.<\/p>\n<\/div>\n<div class=\"mc-column content-text active-extra-styles \" data-block-type=\"unstyled\" data-block-weight=\"10\" data-block-id=\"11\">\n<p class=\"content-text__container \" data-track-category=\"Link no Texto\" data-track-links=\"\"><strong>Professores que ganham hora-aula recebem se trabalharem no feriad\u00e3o?<\/strong><\/p>\n<\/div>\n<div class=\"mc-column content-text active-extra-styles \" data-block-type=\"unstyled\" data-block-weight=\"10\" data-block-id=\"13\">\n<p class=\"content-text__container \" data-track-category=\"Link no Texto\" data-track-links=\"\">Sim, por hora trabalhada. \u00c9 a hora dobrada trabalhada.<\/p>\n<\/div>\n<div class=\"mc-column content-text active-extra-styles \" data-block-type=\"unstyled\" data-block-weight=\"13\" data-block-id=\"14\">\n<p class=\"content-text__container \" data-track-category=\"Link no Texto\" data-track-links=\"\"><strong>O empregador pode \u201cfor\u00e7ar\u201d o trabalhador a tirar f\u00e9rias por 10 dias?<\/strong><\/p>\n<\/div>\n<div class=\"mc-column content-text active-extra-styles \" data-block-type=\"unstyled\" data-block-weight=\"37\" data-block-id=\"15\">\n<p class=\"content-text__container \" data-track-category=\"Link no Texto\" data-track-links=\"\">As f\u00e9rias t\u00eam uma disciplina pr\u00f3pria na Consolida\u00e7\u00e3o das Leis Trabalhistas (CLT) e \u00e9 negociada entre as partes. Tem que ser observado o que a CLT disp\u00f5e sobre f\u00e9rias. N\u00e3o \u00e9 uma decis\u00e3o unilateral do empregador.<\/p>\n<\/div>\n<div class=\"mc-column content-text active-extra-styles \" data-block-type=\"unstyled\" data-block-weight=\"21\" data-block-id=\"16\">\n<p class=\"content-text__container \" data-track-category=\"Link no Texto\" data-track-links=\"\">Tem que ver se est\u00e3o sendo observados os requisitos pr\u00f3prios das f\u00e9rias para que seja utilizados esses dias como f\u00e9rias.<\/p>\n<\/div>\n<div class=\"mc-column content-text active-extra-styles \" data-block-type=\"unstyled\" data-block-weight=\"23\" data-block-id=\"17\">\n<p class=\"content-text__container \" data-track-category=\"Link no Texto\" data-track-links=\"\">E tem tamb\u00e9m o aspecto de que as f\u00e9rias n\u00e3o podem come\u00e7ar 2 dias antes de feriado. Isso est\u00e1 na lei tamb\u00e9m.<\/p>\n<\/div>\n<div class=\"mc-column content-text active-extra-styles \" data-block-type=\"unstyled\" data-block-weight=\"23\" data-block-id=\"18\">\n<p class=\"content-text__container \" data-track-category=\"Link no Texto\" data-track-links=\"\"><strong>Se o funcion\u00e1rio disser para o empregador que n\u00e3o est\u00e1 planejando tirar f\u00e9rias agora, ainda assim a empresa pode coloc\u00e1-lo de f\u00e9rias?<\/strong><\/p>\n<\/div>\n<div class=\"mc-column content-text active-extra-styles \" data-block-type=\"unstyled\" data-block-weight=\"38\" data-block-id=\"19\">\n<p class=\"content-text__container \" data-track-category=\"Link no Texto\" data-track-links=\"\">Essa \u00e9 uma quest\u00e3o que pode ser contestada. O empregado tem suas obriga\u00e7\u00f5es, mas tamb\u00e9m tem seus direitos. Caso haja alguma d\u00favida em rela\u00e7\u00e3o \u00e0 forma dessas regras, elas podem futuramente ser dirimidas na Justi\u00e7a do Trabalho.<\/p>\n<\/div>\n<div class=\"mc-column content-text active-extra-styles \" data-block-type=\"unstyled\" data-block-weight=\"19\" data-block-id=\"20\">\n<p class=\"content-text__container \" data-track-category=\"Link no Texto\" data-track-links=\"\"><strong>Se todos os dias s\u00e3o feriados, os banc\u00e1rios (e outros trabalhadores) que trabalharem receber\u00e3o 100% de horas extras?<\/strong><\/p>\n<\/div>\n<div class=\"mc-column content-text active-extra-styles \" data-block-type=\"unstyled\" data-block-weight=\"35\" data-block-id=\"21\">\n<p class=\"content-text__container \" data-track-category=\"Link no Texto\" data-track-links=\"\">Sim. O importante \u00e9 ver que essa \u00e9 uma legisla\u00e7\u00e3o extraordin\u00e1ria e h\u00e1 tamb\u00e9m que se ter bom senso entre empregado e empregadores para que tudo se acerte na perspectiva de haver esse isolamento.<\/p>\n<\/div>\n<div class=\"mc-column content-text active-extra-styles \" data-block-type=\"unstyled\" data-block-weight=\"19\" data-block-id=\"22\">\n<p class=\"content-text__container \" data-track-category=\"Link no Texto\" data-track-links=\"\">Quest\u00f5es jur\u00eddicas j\u00e1 definidas pela lei, CLT principalmente, v\u00e3o ser aplicadas da forma como seriam em outras ocasi\u00f5es.<\/p>\n<\/div>\n<div class=\"mc-column content-text active-extra-styles \" data-block-type=\"unstyled\" data-block-weight=\"28\" data-block-id=\"23\">\n<p class=\"content-text__container \" data-track-category=\"Link no Texto\" data-track-links=\"\">Ent\u00e3o, no feriado o pagamento \u00e9 dobrado ou o trabalhador tem direito a folga compensat\u00f3ria. E no caso de f\u00e9rias \u00e9 preciso observar as regras da CLT.<\/p>\n<\/div>\n<div class=\"mc-column content-text active-extra-styles \" data-block-type=\"unstyled\" data-block-weight=\"6\" data-block-id=\"24\">\n<p class=\"content-text__container \" data-track-category=\"Link no Texto\" data-track-links=\"\"><strong>Podem ser concedidas f\u00e9rias coletivas?<\/strong><\/p>\n<\/div>\n<div class=\"mc-column content-text active-extra-styles \" data-block-type=\"unstyled\" data-block-weight=\"21\" data-block-id=\"25\">\n<p class=\"content-text__container \" data-track-category=\"Link no Texto\" data-track-links=\"\">N\u00e3o porque existe uma provid\u00eancia pr\u00e9via no caso de f\u00e9rias coletivas, que \u00e9 a comunica\u00e7\u00e3o \u00e0 Superintend\u00eancia Regional do Trabalho.<\/p>\n<\/div>\n<div class=\"mc-column content-text active-extra-styles \" data-block-type=\"unstyled\" data-block-weight=\"33\" data-block-id=\"26\">\n<p class=\"content-text__container \" data-track-category=\"Link no Texto\" data-track-links=\"\">Ent\u00e3o, normalmente, temos uma legisla\u00e7\u00e3o que est\u00e1 sendo aplicada agora sem ajustes. Ela s\u00f3 est\u00e1 sendo aplicada por antecipa\u00e7\u00e3o ao que normalmente seria feito l\u00e1 na frente, nos dias certos de feriados.<\/p>\n<\/div>\n<div class=\"mc-column content-text active-extra-styles \" data-block-type=\"unstyled\" data-block-weight=\"17\" data-block-id=\"28\">\n<p class=\"content-text__container \" data-track-category=\"Link no Texto\" data-track-links=\"\"><strong>Empregadas dom\u00e9sticas que v\u00e3o trabalhar normalmente no feriado recebem dobrado ou podem compensar os dias depois?<\/strong><\/p>\n<\/div>\n<div class=\"mc-column content-text active-extra-styles \" data-block-type=\"unstyled\" data-block-weight=\"19\" data-block-id=\"29\">\n<p class=\"content-text__container \" data-track-category=\"Link no Texto\" data-track-links=\"\">As duas situa\u00e7\u00f5es s\u00e3o poss\u00edveis: receber dobrado ou compensar depois. Isso vai depender do ajuste entre as partes.<\/p>\n<\/div>\n<div class=\"mc-column content-text active-extra-styles \" data-block-type=\"unstyled\" data-block-weight=\"12\" data-block-id=\"30\">\n<p class=\"content-text__container \" data-track-category=\"Link no Texto\" data-track-links=\"\"><strong>Quem est\u00e1 de home office pode ser obrigado a trabalhar no feriad\u00e3o?<\/strong><\/p>\n<\/div>\n<div class=\"mc-column content-text active-extra-styles \" data-block-type=\"unstyled\" data-block-weight=\"35\" data-block-id=\"31\">\n<p class=\"content-text__container \" data-track-category=\"Link no Texto\" data-track-links=\"\">Pode. O trabalho foi ajustado com o empregador em home office e, havendo o trabalho exigido neste dia, vai haver pagamento em dobro ou uma folga compensat\u00f3ria, o que for acertado entre as partes.<\/p>\n<\/div>\n<div class=\"mc-column content-text active-extra-styles \" data-block-type=\"unstyled\" data-block-weight=\"16\" data-block-id=\"32\">\n<p class=\"content-text__container \" data-track-category=\"Link no Texto\" data-track-links=\"\"><strong>Quem trabalhar normalmente no feriad\u00e3o pode tirar folga nas datas dos feriados que seriam normais?<\/strong><\/p>\n<\/div>\n<div class=\"mc-column content-text active-extra-styles \" data-block-type=\"unstyled\" data-block-weight=\"22\" data-block-id=\"33\">\n<p class=\"content-text__container \" data-track-category=\"Link no Texto\" data-track-links=\"\">Pode e isso deve ser ajustado, porque esses feriados est\u00e3o sendo antecipados. No dia feriado mesmo, ser\u00e1 como um dia comum.<\/p>\n<\/div>\n<div class=\"mc-column content-text active-extra-styles \" data-block-type=\"unstyled\" data-block-weight=\"26\" data-block-id=\"34\">\n<p class=\"content-text__container \" data-track-category=\"Link no Texto\" data-track-links=\"\">Ent\u00e3o, o acerto com o empregador deve ser feito para que este dia seja destinado para que seja a compensa\u00e7\u00e3o do trabalho neste feriado antecipado.<\/p>\n<\/div>\n<div class=\"mc-column content-text active-extra-styles \" data-block-type=\"unstyled\" data-block-weight=\"20\" data-block-id=\"35\">\n<p class=\"content-text__container \" data-track-category=\"Link no Texto\" data-track-links=\"\"><strong>Em vez de folgar um dia, o trabalhador vai ter direito a folgar dois dias para compensar um feriado<\/strong><em>?<\/em><\/p>\n<\/div>\n<div class=\"mc-column content-text active-extra-styles \" data-block-type=\"unstyled\" data-block-weight=\"9\" data-block-id=\"36\">\n<p class=\"content-text__container \" data-track-category=\"Link no Texto\" data-track-links=\"\">Isso tem que ser ajustado e acertado previamente.<\/p>\n<\/div>\n<div class=\"mc-column content-text active-extra-styles \" data-block-type=\"unstyled\" data-block-weight=\"47\" data-block-id=\"37\">\n<p class=\"content-text__container \" data-track-category=\"Link no Texto\" data-track-links=\"\">Existem bancos de hora que t\u00eam essa previs\u00e3o da compensa\u00e7\u00e3o dobrada. N\u00e3o havendo acerto nesse sentido, creio que o empregador vai apenas conceder um \u00fanico dia para compensar aquele que foi trabalhado, embora seja razo\u00e1vel essa interpreta\u00e7\u00e3o de que seriam dois em raz\u00e3o do pagamento dobrado.<\/p>\n<\/div>\n<div class=\"mc-column content-text active-extra-styles \" data-block-type=\"unstyled\" data-block-weight=\"12\" data-block-id=\"38\">\n<p class=\"content-text__container \" data-track-category=\"Link no Texto\" data-track-links=\"\"><strong>A empresa pode descontar o ticket refei\u00e7\u00e3o e vale-transporte no feriad\u00e3o?<\/strong><\/p>\n<\/div>\n<div class=\"mc-column content-text active-extra-styles \" data-block-type=\"unstyled\" data-block-weight=\"25\" data-block-id=\"39\">\n<p class=\"content-text__container \" data-track-category=\"Link no Texto\" data-track-links=\"\">N\u00e3o, esses dias v\u00e3o ser trabalhados como se fossem normais. Ent\u00e3o, n\u00e3o pode haver desconto. S\u00f3 pode haver desconto quando n\u00e3o h\u00e1 trabalho efetivamente.<\/p>\n<\/div>\n<div class=\"mc-column content-text active-extra-styles \" data-block-type=\"unstyled\" data-block-weight=\"14\" data-block-id=\"40\">\n<p class=\"content-text__container \" data-track-category=\"Link no Texto\" data-track-links=\"\"><strong>Quem trabalha no com\u00e9rcio, em supermercado ou como promotora de vendas tamb\u00e9m recebe?<\/strong><\/p>\n<\/div>\n<div class=\"mc-column content-text active-extra-styles \" data-block-type=\"unstyled\" data-block-weight=\"40\" data-block-id=\"41\">\n<p class=\"content-text__container \" data-track-category=\"Link no Texto\" data-track-links=\"\">A obriga\u00e7\u00e3o subsiste, ainda que o empregador n\u00e3o efetive o pagamento. Todos os trabalhadores s\u00e3o iguais e t\u00eam direito. \u00c9 uma previs\u00e3o legal contida na CLT, que apenas est\u00e1 sendo antecipada por conta dessa situa\u00e7\u00e3o excepcional que estamos vivendo.<\/p>\n<\/div>\n<div class=\"mc-column content-text active-extra-styles \" data-block-type=\"unstyled\" data-block-weight=\"4\" data-block-id=\"43\">\n<p class=\"content-text__container \" data-track-category=\"Link no Texto\" data-track-links=\"\"><strong>S\u00e1bado \u00e9 feriado?<\/strong><\/p>\n<\/div>\n<div class=\"mc-column content-text active-extra-styles \" data-block-type=\"unstyled\" data-block-weight=\"32\" data-block-id=\"44\">\n<p class=\"content-text__container \" data-track-category=\"Link no Texto\" data-track-links=\"\">N\u00e3o, s\u00e1bado n\u00e3o \u00e9 feriado. O s\u00e1bado pode ser um dia \u00fatil n\u00e3o trabalhado como \u00e9 previsto no caso dos banc\u00e1rios, por exemplo. Mas \u00e9 um dia destinado ao trabalho sim.<\/p>\n<\/div>\n<div class=\"mc-column content-text active-extra-styles \" data-block-type=\"unstyled\" data-block-weight=\"16\" data-block-id=\"45\">\n<p class=\"content-text__container \" data-track-category=\"Link no Texto\" data-track-links=\"\"><strong>O funcion\u00e1rio que se negar a trabalhar durante a antecipa\u00e7\u00e3o de feriado pode ser demitido?<\/strong><\/p>\n<\/div>\n<div class=\"mc-column content-text active-extra-styles \" data-block-type=\"unstyled\" data-block-weight=\"33\" data-block-id=\"46\">\n<p class=\"content-text__container \" data-track-category=\"Link no Texto\" data-track-links=\"\">Sim, o contrato de trabalho \u00e9 um acerto de duas partes e as obriga\u00e7\u00f5es decorrentes dele t\u00eam que ser cumpridas. A obriga\u00e7\u00e3o do empregado \u00e9 prestar o servi\u00e7o mediante pagamento de sal\u00e1rio.<\/p>\n<\/div>\n<\/div>\n","protected":false},"excerpt":{"rendered":"<p>fonte: G1 O advogado trabalhista e diretor de Comunica\u00e7\u00e3o da OAB-RJ, Marcus Vin\u00edcius Cordeiro, esclareceu nesta quarta-feira (24) d\u00favidas sobre a\u00a0antecipa\u00e7\u00e3o de feriados\u00a0no Rio. A medida vai da pr\u00f3xima sexta-feira (26) at\u00e9 o Domingo de P\u00e1scoa (4) e foi publicada por meio de um decreto do prefeito Eduardo Paes nesta segunda-feira (22). O objetivo \u00e9 [&hellip;]<\/p>\n","protected":false},"author":1,"featured_media":0,"comment_status":"closed","ping_status":"open","sticky":false,"template":"","format":"standard","meta":{"ngg_post_thumbnail":0,"footnotes":""},"categories":[2],"tags":[],"class_list":["post-12026","post","type-post","status-publish","format-standard","hentry","category-noticias"],"aioseo_notices":[],"gutentor_comment":0,"_links":{"self":[{"href":"https:\/\/sobedrj.com.br\/novo\/wp-json\/wp\/v2\/posts\/12026","targetHints":{"allow":["GET"]}}],"collection":[{"href":"https:\/\/sobedrj.com.br\/novo\/wp-json\/wp\/v2\/posts"}],"about":[{"href":"https:\/\/sobedrj.com.br\/novo\/wp-json\/wp\/v2\/types\/post"}],"author":[{"embeddable":true,"href":"https:\/\/sobedrj.com.br\/novo\/wp-json\/wp\/v2\/users\/1"}],"replies":[{"embeddable":true,"href":"https:\/\/sobedrj.com.br\/novo\/wp-json\/wp\/v2\/comments?post=12026"}],"version-history":[{"count":1,"href":"https:\/\/sobedrj.com.br\/novo\/wp-json\/wp\/v2\/posts\/12026\/revisions"}],"predecessor-version":[{"id":12028,"href":"https:\/\/sobedrj.com.br\/novo\/wp-json\/wp\/v2\/posts\/12026\/revisions\/12028"}],"wp:attachment":[{"href":"https:\/\/sobedrj.com.br\/novo\/wp-json\/wp\/v2\/media?parent=12026"}],"wp:term":[{"taxonomy":"category","embeddable":true,"href":"https:\/\/sobedrj.com.br\/novo\/wp-json\/wp\/v2\/categories?post=12026"},{"taxonomy":"post_tag","embeddable":true,"href":"https:\/\/sobedrj.com.br\/novo\/wp-json\/wp\/v2\/tags?post=12026"}],"curies":[{"name":"wp","href":"https:\/\/api.w.org\/{rel}","templated":true}]}}