{"id":12030,"date":"2021-03-27T10:18:52","date_gmt":"2021-03-27T10:18:52","guid":{"rendered":"http:\/\/sobedrj.com.br\/novo\/?p=12030"},"modified":"2021-03-29T21:09:50","modified_gmt":"2021-03-29T21:09:50","slug":"cremerj-divulga-orientacoes-a-medicos-e-operadoras-de-saude-para-os-feriados","status":"publish","type":"post","link":"https:\/\/sobedrj.com.br\/novo\/2021\/03\/27\/cremerj-divulga-orientacoes-a-medicos-e-operadoras-de-saude-para-os-feriados\/","title":{"rendered":"CREMERJ divulga orienta\u00e7\u00f5es a m\u00e9dicos e operadoras de sa\u00fade para os feriados"},"content":{"rendered":"<p>O Conselho Regional de Medicina do Estado do Rio de Janeiro divulgou nesta sexta-feira, dia 26, documento com orienta\u00e7\u00f5es sobre quest\u00f5es \u00e9ticas relacionadas \u00e0 sa\u00fade suplementar dirigidas \u00e0s operadoras de sa\u00fade e aos m\u00e9dicos prestadores, que dever\u00e3o ser adotadas durante o per\u00edodo de restri\u00e7\u00f5es impostas pelas autoridades sanit\u00e1rias do Rio de Janeiro, que vai de 26 de mar\u00e7o a 4 de abril.<\/p>\n<p>&#8220;O Conselho refor\u00e7a que a decis\u00e3o de suspens\u00e3o de atendimentos, exames e consultas cabe aos m\u00e9dicos assistentes e aos diretores m\u00e9dicos de unidades assistenciais, considerando a situa\u00e7\u00e3o de cada unidade e a demanda dos pacientes de forma individualizada\u201d, afirma o\u00a0Dr. Ricardo Cotta, conselheiro do CREMERJ na C\u00e2mara T\u00e9cnica de Endoscopia Digestiva.<\/p>\n<p>O documento, elaborado pela Comiss\u00e3o de Sa\u00fade Suplementar (Comssu) do Conselho, reafirma ainda a import\u00e2ncia de medidas de prote\u00e7\u00e3o individual, respeitando regras como de distanciamento social e uso de m\u00e1scaras de prote\u00e7\u00e3o facial em locais p\u00fablicos, bem como de respeito \u00e0s normas, pareceres e resolu\u00e7\u00f5es emitidas pelo Conselho no contexto da atual pandemia.<\/p>\n<div class=\"texto-informe\">\n<p><a href=\"http:\/\/old.cremerj.org.br\/downloads\/1403.PDF\" target=\"_blank\" rel=\"noopener\">Clique aqui<\/a>\u00a0e acesse o documento na \u00edntegra.<\/p>\n<\/div>\n","protected":false},"excerpt":{"rendered":"<p>O Conselho Regional de Medicina do Estado do Rio de Janeiro divulgou nesta sexta-feira, dia 26, documento com orienta\u00e7\u00f5es sobre quest\u00f5es \u00e9ticas relacionadas \u00e0 sa\u00fade suplementar dirigidas \u00e0s operadoras de sa\u00fade e aos m\u00e9dicos prestadores, que dever\u00e3o ser adotadas durante o per\u00edodo de restri\u00e7\u00f5es impostas pelas autoridades sanit\u00e1rias do Rio de Janeiro, que vai de [&hellip;]<\/p>\n","protected":false},"author":1,"featured_media":12032,"comment_status":"closed","ping_status":"open","sticky":false,"template":"","format":"standard","meta":{"ngg_post_thumbnail":0,"footnotes":""},"categories":[2],"tags":[],"class_list":["post-12030","post","type-post","status-publish","format-standard","has-post-thumbnail","hentry","category-noticias"],"aioseo_notices":[],"gutentor_comment":0,"_links":{"self":[{"href":"https:\/\/sobedrj.com.br\/novo\/wp-json\/wp\/v2\/posts\/12030","targetHints":{"allow":["GET"]}}],"collection":[{"href":"https:\/\/sobedrj.com.br\/novo\/wp-json\/wp\/v2\/posts"}],"about":[{"href":"https:\/\/sobedrj.com.br\/novo\/wp-json\/wp\/v2\/types\/post"}],"author":[{"embeddable":true,"href":"https:\/\/sobedrj.com.br\/novo\/wp-json\/wp\/v2\/users\/1"}],"replies":[{"embeddable":true,"href":"https:\/\/sobedrj.com.br\/novo\/wp-json\/wp\/v2\/comments?post=12030"}],"version-history":[{"count":1,"href":"https:\/\/sobedrj.com.br\/novo\/wp-json\/wp\/v2\/posts\/12030\/revisions"}],"predecessor-version":[{"id":12033,"href":"https:\/\/sobedrj.com.br\/novo\/wp-json\/wp\/v2\/posts\/12030\/revisions\/12033"}],"wp:featuredmedia":[{"embeddable":true,"href":"https:\/\/sobedrj.com.br\/novo\/wp-json\/wp\/v2\/media\/12032"}],"wp:attachment":[{"href":"https:\/\/sobedrj.com.br\/novo\/wp-json\/wp\/v2\/media?parent=12030"}],"wp:term":[{"taxonomy":"category","embeddable":true,"href":"https:\/\/sobedrj.com.br\/novo\/wp-json\/wp\/v2\/categories?post=12030"},{"taxonomy":"post_tag","embeddable":true,"href":"https:\/\/sobedrj.com.br\/novo\/wp-json\/wp\/v2\/tags?post=12030"}],"curies":[{"name":"wp","href":"https:\/\/api.w.org\/{rel}","templated":true}]}}