{"id":12167,"date":"2021-04-09T10:49:29","date_gmt":"2021-04-09T10:49:29","guid":{"rendered":"http:\/\/sobedrj.com.br\/novo\/?p=12167"},"modified":"2021-04-13T10:14:37","modified_gmt":"2021-04-13T10:14:37","slug":"exigencia-de-leitos-de-uti-covid-expoe-falta-de-medico-e-equipe","status":"publish","type":"post","link":"https:\/\/sobedrj.com.br\/novo\/2021\/04\/09\/exigencia-de-leitos-de-uti-covid-expoe-falta-de-medico-e-equipe\/","title":{"rendered":"Exig\u00eancia de leitos de UTI Covid exp\u00f5e falta de m\u00e9dico e equipe"},"content":{"rendered":"<p>fonte: Agora SP<\/p>\n<p>A recente explos\u00e3o de aberturas de\u00a0leitos de UTI (Unidade de Terapia Intensiva)\u00a0por todo o pa\u00eds escancarou um problema que vinha antes mesmo da pandemia de Covid-19: o de falta de pessoal especializado para atuar nessas unidades de alta complexidade.<\/p>\n<p>Nem mesmo as principais entidades de sa\u00fade do pa\u00eds conseguem afirmar com precis\u00e3o o d\u00e9ficit do mercado ante a essa explos\u00e3o da demanda nas UTIs.<\/p>\n<p>\u201cComo voc\u00ea n\u00e3o tem especialistas em todos os postos de trabalho, precisa trabalhar com os m\u00e9dicos que conseguiu recrutar\u201d, diz o m\u00e9dico Marcelo Moock, da Comiss\u00e3o de \u00c9tica e Defesa do Exerc\u00edcio Profissional da Amib (Associa\u00e7\u00e3o de Medicina Intensiva Brasileira).<\/p>\n<p>Um estudo do\u00a0Cofen (Conselho Federal de Enfermagem) de maio de 2020 indicou que a demanda, \u00e0 \u00e9poca, era de 17 mil profissionais. \u201cN\u00e3o temos como dimensionar esse d\u00e9ficit de pessoal. N\u00f3s estamos num momento nunca antes vivido pela humanidade. \u00c9 um momento de guerra. Tudo que est\u00e1 sendo feito \u00e9 para dar assist\u00eancia\u201d, afirmou Sandra Valesca Fava, coordenadora da C\u00e2mara T\u00e9cnica de Fiscaliza\u00e7\u00e3o do Cofen.<\/p>\n<p>Pelas regras da Anvisa (Ag\u00eancia Nacional de Vigil\u00e2ncia Sanit\u00e1ria), o n\u00famero de profissionais que precisam estar\u00a0dentro de uma UTI, por turno, \u00e9 de no m\u00ednimo sete: m\u00e9dico intensivista, m\u00e9dico plantonista, enfermeiro, fisioterapeuta, t\u00e9cnico de enfermagem, auxiliar administrativo e uma pessoa que far\u00e1 a limpeza.<\/p>\n<p>Em mar\u00e7o, o\u00a0secret\u00e1rio estadual de Sa\u00fade,\u00a0Jean Gorinchteyn, afirmou que o estado n\u00e3o tinha f\u00f4lego para abrir leitos no mesmo ritmo em que t\u00eam crescido as interna\u00e7\u00f5es. \u201cQuando eu falo em aumentar o n\u00famero de leitos, n\u00e3o \u00e9 simplesmente um colch\u00e3o, uma cama e um respirador. Al\u00e9m disso, h\u00e1 a equipe que vai dar assist\u00eancia a esse paciente. Por isso, eu n\u00e3o abro um leito de um dia para o outro\u201d, disse.<\/p>\n<p>Procurada, a Anvisa disse que o assunto caberia ao Minist\u00e9rio da Sa\u00fade. A pasta, assim como as secretarias municipal e estadual de Sa\u00fade de S\u00e3o Paulo, n\u00e3o responderam aos pedidos de informa\u00e7\u00f5es.<\/p>\n<h3 class=\"c-news__subtitle\">Profissionais devem se atualizar sobre normas e rotinas t\u00e9cnicas<\/h3>\n<p>O documento que detalha como deve ser o funcionamento de uma UTI no pa\u00eds \u00e9 a RDC (Resolu\u00e7\u00e3o da Diretoria Colegiada) de n\u00famero 7 de 2010.<\/p>\n<p>Segundo a resolu\u00e7\u00e3o, as equipes que atuam na UTI devem, obrigatoriamente, participar de um programa de educa\u00e7\u00e3o continuada, que venha a contemplar, no m\u00ednimo, normas e rotinas t\u00e9cnicas, preven\u00e7\u00e3o e controle de infec\u00e7\u00f5es, gerenciamento de riscos dos pacientes e incorpora\u00e7\u00e3o de novas tecnologias. Ela prev\u00ea que, ao serem admitidos na UTI, esses profissionais devem receber capacita\u00e7\u00e3o.<\/p>\n<p>Segundo a m\u00e9dica intensivista Fl\u00e1via Ribeiro Machado, professora da Unifesp, atualmente muitos m\u00e9dicos que apenas faziam plant\u00f5es em UTI hoje est\u00e3o sendo preparados para ficar mais tempo auxiliando as equipes. Com isso, profissionais de outras especialidades s\u00e3o absorvidos.<\/p>\n<p>\u201cO que precisamos \u00e9 capacitar esses outros profissionais que tenham uma m\u00ednima experi\u00eancia em UTI e dar a eles um treinamento r\u00e1pido, de modo a deixar o intensivista na coordena\u00e7\u00e3o e preparar os demais para realizar as condutas\u201d, afirmou.<\/p>\n<h3 class=\"c-news__subtitle\">Intensivista estuda dez anos para ser especialista<\/h3>\n<p>Se uma\u00a0UTI (Unidade de Terapia Intensiva)\u00a0fosse um time de futebol, certamente o t\u00e9cnico seria o m\u00e9dico intensivista. S\u00e3o necess\u00e1rios no m\u00ednimo dez anos de estudos e passar por duas rigorosas provas \u2013que podem demorar um ano ou mais\u2013 para obter o t\u00edtulo de especialista em medicina intensiva e assim estar habilitado para atuar como coordenador de uma UTI.<\/p>\n<p>\u201cA prova \u00e9 composta por duas fases. Na primeira, um pente fino elimina normalmente metade dos candidatos, e na segunda o profissional deve demonstrar algumas habilidades espec\u00edficas\u201d, afirmou o m\u00e9dico intensivista Marcelo Moock, integrante da comiss\u00e3o de \u00c9tica e Defesa do Exerc\u00edcio Profissional da Amib (Associa\u00e7\u00e3o de Medicina Intensiva Brasileira).<\/p>\n<p>Diferentemente de demais especialidades, tais como cl\u00ednica m\u00e9dica; anestesiologia; cirurgia e neurologia; em que a resid\u00eancia \u00e9 \u00fanica, para um m\u00e9dico se candidatar a ser um especialista intensivista ele precisa fazer uma resid\u00eancia adicional onde passar\u00e1 a maior parte dos dois anos de sua dura\u00e7\u00e3o dentro de uma UTI.<\/p>\n<p>O rigor se d\u00e1 pelas dif\u00edceis decis\u00f5es. Cabe ao m\u00e9dico intensivista analisar a condi\u00e7\u00e3o cl\u00ednica do paciente para determinar se ele precisa orientar condutas rapidamente, que chegam at\u00e9 mesmo \u00e0 intuba\u00e7\u00e3o.<\/p>\n<h3 class=\"c-news__subtitle\">N\u00famero de leitos quase dobrou<\/h3>\n<p>Dados do governo federal indicam que de dezembro de 2019 a abril de 2020, o n\u00famero de leitos de UTI existentes em todo o pa\u00eds passou de 46 mil para 60 mil, numa evolu\u00e7\u00e3o de 31%. Atualmente esse n\u00famero chega a quase 87 mil, num salto de quase 90%.<\/p>\n<p>Ao menos 32% desse total (27,7 mil) est\u00e1 sendo destinado exclusivamente para Covid-19, segundo dados mais recentes dispon\u00edveis no Cnes (Cadastro Nacional de Estabelecimentos de Sa\u00fade).<\/p>\n","protected":false},"excerpt":{"rendered":"<p>fonte: Agora SP A recente explos\u00e3o de aberturas de\u00a0leitos de UTI (Unidade de Terapia Intensiva)\u00a0por todo o pa\u00eds escancarou um problema que vinha antes mesmo da pandemia de Covid-19: o de falta de pessoal especializado para atuar nessas unidades de alta complexidade. Nem mesmo as principais entidades de sa\u00fade do pa\u00eds conseguem afirmar com precis\u00e3o [&hellip;]<\/p>\n","protected":false},"author":1,"featured_media":0,"comment_status":"closed","ping_status":"open","sticky":false,"template":"","format":"standard","meta":{"ngg_post_thumbnail":0,"footnotes":""},"categories":[2],"tags":[],"class_list":["post-12167","post","type-post","status-publish","format-standard","hentry","category-noticias"],"aioseo_notices":[],"gutentor_comment":0,"_links":{"self":[{"href":"https:\/\/sobedrj.com.br\/novo\/wp-json\/wp\/v2\/posts\/12167","targetHints":{"allow":["GET"]}}],"collection":[{"href":"https:\/\/sobedrj.com.br\/novo\/wp-json\/wp\/v2\/posts"}],"about":[{"href":"https:\/\/sobedrj.com.br\/novo\/wp-json\/wp\/v2\/types\/post"}],"author":[{"embeddable":true,"href":"https:\/\/sobedrj.com.br\/novo\/wp-json\/wp\/v2\/users\/1"}],"replies":[{"embeddable":true,"href":"https:\/\/sobedrj.com.br\/novo\/wp-json\/wp\/v2\/comments?post=12167"}],"version-history":[{"count":1,"href":"https:\/\/sobedrj.com.br\/novo\/wp-json\/wp\/v2\/posts\/12167\/revisions"}],"predecessor-version":[{"id":12169,"href":"https:\/\/sobedrj.com.br\/novo\/wp-json\/wp\/v2\/posts\/12167\/revisions\/12169"}],"wp:attachment":[{"href":"https:\/\/sobedrj.com.br\/novo\/wp-json\/wp\/v2\/media?parent=12167"}],"wp:term":[{"taxonomy":"category","embeddable":true,"href":"https:\/\/sobedrj.com.br\/novo\/wp-json\/wp\/v2\/categories?post=12167"},{"taxonomy":"post_tag","embeddable":true,"href":"https:\/\/sobedrj.com.br\/novo\/wp-json\/wp\/v2\/tags?post=12167"}],"curies":[{"name":"wp","href":"https:\/\/api.w.org\/{rel}","templated":true}]}}