{"id":12175,"date":"2021-04-12T13:33:38","date_gmt":"2021-04-12T13:33:38","guid":{"rendered":"http:\/\/sobedrj.com.br\/novo\/?p=12175"},"modified":"2021-04-19T19:56:31","modified_gmt":"2021-04-19T19:56:31","slug":"pandemia-aumentou-estresse-em-profissionais-de-saude-afirma-pesquisa","status":"publish","type":"post","link":"https:\/\/sobedrj.com.br\/novo\/2021\/04\/12\/pandemia-aumentou-estresse-em-profissionais-de-saude-afirma-pesquisa\/","title":{"rendered":"Pandemia aumentou estresse em profissionais de sa\u00fade, afirma pesquisa"},"content":{"rendered":"<p>fonte: Ag\u00eancia Brasil<\/p>\n<p>Pesquisa in\u00e9dita realizada pelo Conselho Federal de Medicina (CFM) junto a 1.600 m\u00e9dicos cadastrados nos conselhos regionais (CRMs), entre setembro e dezembro de 2020, revelou aumento do n\u00edvel de estresse de profissionais da \u00e1rea de sa\u00fade.<img decoding=\"async\" src=\"https:\/\/agenciabrasil.ebc.com.br\/ebc.png?id=1406136&amp;o=node\" \/><img decoding=\"async\" src=\"https:\/\/agenciabrasil.ebc.com.br\/ebc.gif?id=1406136&amp;o=node\" \/><\/p>\n<p>Segundo 22,9% dos consultados, o principal impacto sobre os n\u00edveis de estresse \u00e9 a pandemia do novo coronav\u00edrus. Os m\u00e9dicos que participaram da sondagem atuam nos setores p\u00fablico (22%), privado (24%) ou em ambos (54%). S\u00e3o homens e mulheres com idade m\u00e9dia de 49 anos, dos quais a maior parte atua no Sudeste (53%), Nordeste (21%) e Sul (16%). Outros 6% trabalham em unidades de sa\u00fade do Centro-Oeste e 5% no Norte do pa\u00eds.<\/p>\n<p>Para a grande maioria dos m\u00e9dicos (96%), a pandemia afetou sua vida pessoal ou profissional. Lidar com um v\u00edrus desconhecido provocou sensa\u00e7\u00e3o de medo ou p\u00e2nico em 14,6% dos entrevistados; redu\u00e7\u00e3o do tempo dedicado \u00e0s refei\u00e7\u00f5es, fam\u00edlia e lazer (14,5%); comprometimento de horas de descanso e do n\u00edvel da qualidade do sono (7,6%).<\/p>\n<p>Segundo an\u00e1lise do CFM, esses fatores podem ter consequ\u00eancias no bem-estar desses profissionais, agravando quadros de depress\u00e3o e, at\u00e9, levando ao aparecimento da s\u00edndrome de\u00a0<em>burnout<\/em>\u00a0&#8211; doen\u00e7a psicol\u00f3gica causada pelo excesso de trabalho.<\/p>\n<p>Ao mesmo tempo, 13% dos entrevistados relataram que o novo cen\u00e1rio refor\u00e7ou seu compromisso com a medicina e com a sa\u00fade da popula\u00e7\u00e3o; fortaleceu sua imagem como m\u00e9dico diante da comunidade (6,2%); melhorou sua rela\u00e7\u00e3o com os pacientes e outros profissionais de sa\u00fade (4,7%); e estimulou a aproxima\u00e7\u00e3o com as entidades m\u00e9dicas (3,7%).<\/p>\n<h2>Valoriza\u00e7\u00e3o<\/h2>\n<p>A pesquisa do CFM identificou, por outro lado, que a pandemia do novo coronav\u00edrus fortaleceu a confian\u00e7a estabelecida com os pacientes e familiares para 16% dos consultados, e tornou os pacientes mais receptivos \u00e0s recomenda\u00e7\u00f5es m\u00e9dicas (12,6%). Cerca de 13,7% dos respondentes afirmaram que o estresse gerado pela pandemia no paciente tornou tenso seu comportamento nas consultas.<\/p>\n<p>Para 11,8% dos m\u00e9dicos que atuam na maior parte do tempo na rede privada, a pandemia causou a perda de v\u00ednculos de trabalho para parte dos profissionais. No setor p\u00fablico, esse percentual \u00e9 de 10,4%. A necessidade de fechar consult\u00f3rios ou demitir funcion\u00e1rios por conta do impacto da covid no dia a dia de trabalho foi relatada por 14,2% dos entrevistados do setor privado e 10% dos que atuam no Sistema \u00danico de Sa\u00fade (SUS).<\/p>\n<p>Outros 11,4% dos entrevistados da rede privada e 15,2% da rede p\u00fablica acreditam que a pandemia abriu novas oportunidades de trabalho. Somente 3% declararam n\u00e3o ter observado qualquer impacto e 1% se mostrou indiferente a mudan\u00e7as em seus locais de trabalho ou n\u00e3o soube avaliar.<\/p>\n<h2>Desafios<\/h2>\n<p>Cerca de 88% dos m\u00e9dicos ouvidos pela pesquisa afirmaram acreditar no aparecimento de novas epidemias nos pr\u00f3ximos anos.Para enfrentar esses desafios, 15% deles defenderam a valoriza\u00e7\u00e3o dos m\u00e9dicos e outros profissionais da sa\u00fade, com a cria\u00e7\u00e3o de carreiras espec\u00edficas; outros 15% acreditam na prioriza\u00e7\u00e3o de pesquisas cient\u00edficas e desenvolvimento de tecnologias e produ\u00e7\u00e3o de insumos estrat\u00e9gicos.<\/p>\n<p>O presidente do CFM, Mauro Ribeiro, observou que a pandemia deixar\u00e1 para o Brasil uma li\u00e7\u00e3o inquestion\u00e1vel, a de que \u201cprecisamos estar preparados. Investir mais no Sistema \u00danico de Sa\u00fade (SUS), ampliar a capacidade de produ\u00e7\u00e3o nacional de medicamentos e equipamentos, fortalecer o conhecimento cient\u00edfico e, sobretudo, valorizar a for\u00e7a de trabalho que tanto se dedica a oferecer atendimento de qualidade aos brasileiros\u201d, afirmou Ribeiro.<\/p>\n<p>Outra prioridade apontada pelos profissionais ouvidos pela autarquia foi a necessidade de maior investimento p\u00fablico em saneamento b\u00e1sico (15%) e sa\u00fade (11,4%), al\u00e9m do fortalecimento da aten\u00e7\u00e3o b\u00e1sica (13%) e refor\u00e7o no sistema de vigil\u00e2ncia sanit\u00e1ria em portos, aeroportos e grandes eventos (12,3%). O aparelhamento de hospitais e centros de sa\u00fade e a amplia\u00e7\u00e3o da oferta de leitos de interna\u00e7\u00e3o e de UTI foram apontados como urgentes por 10,6% e 8,6% dos entrevistados, respectivamente.<\/p>\n<p>Como consequ\u00eancias futuras da pandemia, 22% dos m\u00e9dicos avaliaram que a principal delas ser\u00e1 o maior espa\u00e7o que a tecnologia ocupar\u00e1 na rela\u00e7\u00e3o entre m\u00e9dico e paciente, enquanto 22% defenderam maior capacita\u00e7\u00e3o e preparo dos m\u00e9dicos para tratar eventuais influ\u00eancias em quadros cl\u00ednicos anteriormente conhecidos.<\/p>\n<h2>Plataforma<\/h2>\n<p>Al\u00e9m da campanha que visa a defesa da sa\u00fade do m\u00e9dico, em especial daqueles que atuam na linha de frente da covid-19, o CFM, em parceria com o Conselho Nacional do Minist\u00e9rio P\u00fablico (CNMP) e o Minist\u00e9rio P\u00fablico Federal (MPF), por meio do Gabinete Integrado de Acompanhamento da Epidemia de Covid-19 (Giac), lan\u00e7ou uma plataforma para que os profissionais de sa\u00fade possam relatar a falta de condi\u00e7\u00f5es e de infraestrutura de trabalho.<\/p>\n<p>Os profissionais de sa\u00fade poder\u00e3o, ainda, descrever as situa\u00e7\u00f5es que contribu\u00edram para o aumento do estresse e da tens\u00e3o, especialmente nos locais que acolhem casos suspeitos ou confirmados de covid-19.<\/p>\n<p>Atrav\u00e9s de um programa de computador que simula um bate-papo, os m\u00e9dicos respondem a uma s\u00e9rie de questionamentos que v\u00e3o desde a oferta de equipamentos de prote\u00e7\u00e3o individual (EPIs), leitos de interna\u00e7\u00e3o de enfermaria e UTI, at\u00e9 a extens\u00e3o das jornadas de trabalho ou dificuldades para realizar situa\u00e7\u00f5es do dia a dia, como se alimentar ou dormir, informou a assessoria de imprensa do CFM.<\/p>\n<p>A ideia das institui\u00e7\u00f5es \u00e9 intensificar a prote\u00e7\u00e3o dos m\u00e9dicos que atuam na linha de frente, bem como da sociedade, refor\u00e7ando o trabalho de apura\u00e7\u00e3o dos relatos encaminhados e oferecendo solu\u00e7\u00f5es que tragam maior equil\u00edbrio aos ambientes de trabalho.<\/p>\n<p>A solu\u00e7\u00e3o criada permite acompanhar em tempo real as informa\u00e7\u00f5es dadas pelos m\u00e9dicos. De acordo com informa\u00e7\u00e3o do CRM, a expectativa \u00e9 que \u201cesse projeto experimental de inova\u00e7\u00e3o tecnol\u00f3gica seja uma ferramenta que viabilize, de forma \u00e1gil, o aperfei\u00e7oamento das estrat\u00e9gias de enfrentamento da covid-19, promovendo melhor atendimento aos brasileiros e melhores condi\u00e7\u00f5es de trabalho aos profissionais envolvidos.\u201d<\/p>\n","protected":false},"excerpt":{"rendered":"<p>fonte: Ag\u00eancia Brasil Pesquisa in\u00e9dita realizada pelo Conselho Federal de Medicina (CFM) junto a 1.600 m\u00e9dicos cadastrados nos conselhos regionais (CRMs), entre setembro e dezembro de 2020, revelou aumento do n\u00edvel de estresse de profissionais da \u00e1rea de sa\u00fade. Segundo 22,9% dos consultados, o principal impacto sobre os n\u00edveis de estresse \u00e9 a pandemia do [&hellip;]<\/p>\n","protected":false},"author":1,"featured_media":0,"comment_status":"closed","ping_status":"open","sticky":false,"template":"","format":"standard","meta":{"ngg_post_thumbnail":0,"footnotes":""},"categories":[2],"tags":[],"class_list":["post-12175","post","type-post","status-publish","format-standard","hentry","category-noticias"],"aioseo_notices":[],"gutentor_comment":0,"_links":{"self":[{"href":"https:\/\/sobedrj.com.br\/novo\/wp-json\/wp\/v2\/posts\/12175","targetHints":{"allow":["GET"]}}],"collection":[{"href":"https:\/\/sobedrj.com.br\/novo\/wp-json\/wp\/v2\/posts"}],"about":[{"href":"https:\/\/sobedrj.com.br\/novo\/wp-json\/wp\/v2\/types\/post"}],"author":[{"embeddable":true,"href":"https:\/\/sobedrj.com.br\/novo\/wp-json\/wp\/v2\/users\/1"}],"replies":[{"embeddable":true,"href":"https:\/\/sobedrj.com.br\/novo\/wp-json\/wp\/v2\/comments?post=12175"}],"version-history":[{"count":2,"href":"https:\/\/sobedrj.com.br\/novo\/wp-json\/wp\/v2\/posts\/12175\/revisions"}],"predecessor-version":[{"id":12254,"href":"https:\/\/sobedrj.com.br\/novo\/wp-json\/wp\/v2\/posts\/12175\/revisions\/12254"}],"wp:attachment":[{"href":"https:\/\/sobedrj.com.br\/novo\/wp-json\/wp\/v2\/media?parent=12175"}],"wp:term":[{"taxonomy":"category","embeddable":true,"href":"https:\/\/sobedrj.com.br\/novo\/wp-json\/wp\/v2\/categories?post=12175"},{"taxonomy":"post_tag","embeddable":true,"href":"https:\/\/sobedrj.com.br\/novo\/wp-json\/wp\/v2\/tags?post=12175"}],"curies":[{"name":"wp","href":"https:\/\/api.w.org\/{rel}","templated":true}]}}