{"id":12187,"date":"2021-04-12T14:11:18","date_gmt":"2021-04-12T14:11:18","guid":{"rendered":"http:\/\/sobedrj.com.br\/novo\/?p=12187"},"modified":"2021-04-13T10:14:13","modified_gmt":"2021-04-13T10:14:13","slug":"1a-edicao-do-premio-prevencao-e-controle-do-cancer-vai-destacar-experiencias-e-acoes-voltadas-a-saude-da-mulher","status":"publish","type":"post","link":"https:\/\/sobedrj.com.br\/novo\/2021\/04\/12\/1a-edicao-do-premio-prevencao-e-controle-do-cancer-vai-destacar-experiencias-e-acoes-voltadas-a-saude-da-mulher\/","title":{"rendered":"1\u00aa edi\u00e7\u00e3o do Pr\u00eamio Preven\u00e7\u00e3o e Controle do C\u00e2ncer vai destacar experi\u00eancias e a\u00e7\u00f5es voltadas \u00e0 sa\u00fade da mulher"},"content":{"rendered":"<p>fonte: Minist\u00e9rio da Sa\u00fade<\/p>\n<p>O Minist\u00e9rio da Sa\u00fade lan\u00e7ou o 1\u00ba Pr\u00eamio Preven\u00e7\u00e3o e Controle do C\u00e2ncer para reconhecer e dar visibilidade \u00e0s experi\u00eancias que se destacam pela melhoria do acesso \u00e0 popula\u00e7\u00e3o e pela organiza\u00e7\u00e3o do cuidado \u00e0 sa\u00fade da mulher. A a\u00e7\u00e3o ir\u00e1 divulgar as medidas de preven\u00e7\u00e3o e controle do c\u00e2ncer realizadas em todo o pa\u00eds, refor\u00e7ando a import\u00e2ncia da integralidade e coordena\u00e7\u00e3o do cuidado.<\/p>\n<p>Nesta 1\u00aa edi\u00e7\u00e3o, poder\u00e3o se inscrever as secretarias estaduais e municipais de sa\u00fade e servi\u00e7os habilitados em alta complexidade para oncologia. Em formato de v\u00eddeo, ser\u00e3o reconhecidas experi\u00eancias que abrangem a preven\u00e7\u00e3o, o rastreamento e\/ou a detec\u00e7\u00e3o precoce do c\u00e2ncer, al\u00e9m de qualifica\u00e7\u00e3o da Rede de Aten\u00e7\u00e3o \u00e0 Sa\u00fade (RAS), linha de cuidado e humaniza\u00e7\u00e3o, acesso e regula\u00e7\u00e3o, organiza\u00e7\u00e3o da Rede de Aten\u00e7\u00e3o Oncol\u00f3gica durante a pandemia da covid-19 e os cuidados paliativos.<\/p>\n<p>A avalia\u00e7\u00e3o ser\u00e1 feita por um comit\u00ea em duas etapas, formado por representantes do Minist\u00e9rio da Sa\u00fade e convidados. A primeira ser\u00e1 entre os dias 26 de abril e 10 de maio \u2013 os v\u00eddeos classificados para a segunda etapa ser\u00e3o disponibilizados na p\u00e1gina oficial e nas redes sociais do Minist\u00e9rio da Sa\u00fade. Entre os dias 11 e 24 de maio, ser\u00e3o classificadas as cinco melhores inciativas \u2013 um evento, a ser realizado com transmiss\u00e3o ao vivo no dia 31 de maio, ir\u00e1 homenagear os vencedores.<\/p>\n<p>As inscri\u00e7\u00f5es podem ser feitas at\u00e9 o dia 26. O edital com o cronograma, datas e link para inscri\u00e7\u00e3o podem ser acessados\u00a0<a class=\"external-link\" title=\"\" href=\"https:\/\/www.gov.br\/saude\/pt-br\/media\/pdf\/2021\/abril\/05\/edital_1o-premio-prevencao-e-controle-cancer_versao-final.pdf\" target=\"_self\" data-tippreview-enabled=\"false\" data-tippreview-image=\"\" data-tippreview-title=\"\">aqui<\/a>\u00a0e\u00a0<a class=\"external-link\" title=\"\" href=\"https:\/\/docs.google.com\/forms\/d\/1YLA_3A7OAwTmsfytn9XuinJxwpPa3-zA7Fl4G2Sicuc\/edit\" target=\"_self\" data-tippreview-enabled=\"false\" data-tippreview-image=\"\" data-tippreview-title=\"\">aqui<\/a>.<\/p>\n<p style=\"text-align: center;\"><iframe loading=\"lazy\" title=\"YouTube video player\" src=\"https:\/\/www.youtube.com\/embed\/NR4zrHM5z4g\" width=\"560\" height=\"315\" frameborder=\"0\" allowfullscreen=\"allowfullscreen\"><\/iframe><\/p>\n","protected":false},"excerpt":{"rendered":"<p>fonte: Minist\u00e9rio da Sa\u00fade O Minist\u00e9rio da Sa\u00fade lan\u00e7ou o 1\u00ba Pr\u00eamio Preven\u00e7\u00e3o e Controle do C\u00e2ncer para reconhecer e dar visibilidade \u00e0s experi\u00eancias que se destacam pela melhoria do acesso \u00e0 popula\u00e7\u00e3o e pela organiza\u00e7\u00e3o do cuidado \u00e0 sa\u00fade da mulher. A a\u00e7\u00e3o ir\u00e1 divulgar as medidas de preven\u00e7\u00e3o e controle do c\u00e2ncer realizadas [&hellip;]<\/p>\n","protected":false},"author":1,"featured_media":12189,"comment_status":"closed","ping_status":"open","sticky":false,"template":"","format":"standard","meta":{"ngg_post_thumbnail":0,"footnotes":""},"categories":[2],"tags":[],"class_list":["post-12187","post","type-post","status-publish","format-standard","has-post-thumbnail","hentry","category-noticias"],"aioseo_notices":[],"gutentor_comment":0,"_links":{"self":[{"href":"https:\/\/sobedrj.com.br\/novo\/wp-json\/wp\/v2\/posts\/12187","targetHints":{"allow":["GET"]}}],"collection":[{"href":"https:\/\/sobedrj.com.br\/novo\/wp-json\/wp\/v2\/posts"}],"about":[{"href":"https:\/\/sobedrj.com.br\/novo\/wp-json\/wp\/v2\/types\/post"}],"author":[{"embeddable":true,"href":"https:\/\/sobedrj.com.br\/novo\/wp-json\/wp\/v2\/users\/1"}],"replies":[{"embeddable":true,"href":"https:\/\/sobedrj.com.br\/novo\/wp-json\/wp\/v2\/comments?post=12187"}],"version-history":[{"count":1,"href":"https:\/\/sobedrj.com.br\/novo\/wp-json\/wp\/v2\/posts\/12187\/revisions"}],"predecessor-version":[{"id":12190,"href":"https:\/\/sobedrj.com.br\/novo\/wp-json\/wp\/v2\/posts\/12187\/revisions\/12190"}],"wp:featuredmedia":[{"embeddable":true,"href":"https:\/\/sobedrj.com.br\/novo\/wp-json\/wp\/v2\/media\/12189"}],"wp:attachment":[{"href":"https:\/\/sobedrj.com.br\/novo\/wp-json\/wp\/v2\/media?parent=12187"}],"wp:term":[{"taxonomy":"category","embeddable":true,"href":"https:\/\/sobedrj.com.br\/novo\/wp-json\/wp\/v2\/categories?post=12187"},{"taxonomy":"post_tag","embeddable":true,"href":"https:\/\/sobedrj.com.br\/novo\/wp-json\/wp\/v2\/tags?post=12187"}],"curies":[{"name":"wp","href":"https:\/\/api.w.org\/{rel}","templated":true}]}}