{"id":12229,"date":"2021-04-16T19:52:04","date_gmt":"2021-04-16T19:52:04","guid":{"rendered":"http:\/\/sobedrj.com.br\/novo\/?p=12229"},"modified":"2021-04-16T20:05:04","modified_gmt":"2021-04-16T20:05:04","slug":"cremerj-emite-parecer-sobre-realizacao-de-exames-de-urgencia-de-endoscopia-digestiva-pediatrica","status":"publish","type":"post","link":"https:\/\/sobedrj.com.br\/novo\/2021\/04\/16\/cremerj-emite-parecer-sobre-realizacao-de-exames-de-urgencia-de-endoscopia-digestiva-pediatrica\/","title":{"rendered":"CREMERJ emite parecer sobre realiza\u00e7\u00e3o de exames de urg\u00eancia de endoscopia digestiva pedi\u00e1trica"},"content":{"rendered":"<p>Esta semana o Conselho Regional de Medicina do Estado do Rio de Janeiro, com o apoio da C\u00e2mara T\u00e9cnica de Endoscopia Digestiva do Rio de Janeiro, aprovou em sess\u00e3o plen\u00e1ria um parecer relativo \u00e0 realiza\u00e7\u00e3o de exames de urg\u00eancia de endoscopia digestiva pedi\u00e1trica.<\/p>\n<p><a href=\"https:\/\/sistemas.cfm.org.br\/normas\/visualizar\/pareceres\/RJ\/2021\/10\" target=\"_blank\" rel=\"noopener\">CONFIRA A \u00cdNTEGRA DO PARECER<\/a><\/p>\n","protected":false},"excerpt":{"rendered":"<p>Esta semana o Conselho Regional de Medicina do Estado do Rio de Janeiro, com o apoio da C\u00e2mara T\u00e9cnica de Endoscopia Digestiva do Rio de Janeiro, aprovou em sess\u00e3o plen\u00e1ria um parecer relativo \u00e0 realiza\u00e7\u00e3o de exames de urg\u00eancia de endoscopia digestiva pedi\u00e1trica. CONFIRA A \u00cdNTEGRA DO PARECER<\/p>\n","protected":false},"author":1,"featured_media":503,"comment_status":"closed","ping_status":"open","sticky":false,"template":"","format":"standard","meta":{"ngg_post_thumbnail":0,"footnotes":""},"categories":[2],"tags":[],"class_list":["post-12229","post","type-post","status-publish","format-standard","has-post-thumbnail","hentry","category-noticias"],"aioseo_notices":[],"gutentor_comment":0,"_links":{"self":[{"href":"https:\/\/sobedrj.com.br\/novo\/wp-json\/wp\/v2\/posts\/12229","targetHints":{"allow":["GET"]}}],"collection":[{"href":"https:\/\/sobedrj.com.br\/novo\/wp-json\/wp\/v2\/posts"}],"about":[{"href":"https:\/\/sobedrj.com.br\/novo\/wp-json\/wp\/v2\/types\/post"}],"author":[{"embeddable":true,"href":"https:\/\/sobedrj.com.br\/novo\/wp-json\/wp\/v2\/users\/1"}],"replies":[{"embeddable":true,"href":"https:\/\/sobedrj.com.br\/novo\/wp-json\/wp\/v2\/comments?post=12229"}],"version-history":[{"count":2,"href":"https:\/\/sobedrj.com.br\/novo\/wp-json\/wp\/v2\/posts\/12229\/revisions"}],"predecessor-version":[{"id":12233,"href":"https:\/\/sobedrj.com.br\/novo\/wp-json\/wp\/v2\/posts\/12229\/revisions\/12233"}],"wp:featuredmedia":[{"embeddable":true,"href":"https:\/\/sobedrj.com.br\/novo\/wp-json\/wp\/v2\/media\/503"}],"wp:attachment":[{"href":"https:\/\/sobedrj.com.br\/novo\/wp-json\/wp\/v2\/media?parent=12229"}],"wp:term":[{"taxonomy":"category","embeddable":true,"href":"https:\/\/sobedrj.com.br\/novo\/wp-json\/wp\/v2\/categories?post=12229"},{"taxonomy":"post_tag","embeddable":true,"href":"https:\/\/sobedrj.com.br\/novo\/wp-json\/wp\/v2\/tags?post=12229"}],"curies":[{"name":"wp","href":"https:\/\/api.w.org\/{rel}","templated":true}]}}