{"id":12234,"date":"2021-04-19T12:17:45","date_gmt":"2021-04-19T12:17:45","guid":{"rendered":"http:\/\/sobedrj.com.br\/novo\/?p=12234"},"modified":"2021-04-19T19:57:05","modified_gmt":"2021-04-19T19:57:05","slug":"ans-planos-devem-autorizar-rt-pcr-de-forma-imediata","status":"publish","type":"post","link":"https:\/\/sobedrj.com.br\/novo\/2021\/04\/19\/ans-planos-devem-autorizar-rt-pcr-de-forma-imediata\/","title":{"rendered":"ANS: planos devem autorizar RT-PCR de forma imediata"},"content":{"rendered":"<p>fonte: ANS<\/p>\n<p class=\"xxxparagraph\"><span class=\"xxxnormaltextrun\">A Ag\u00eancia Nacional de Sa\u00fade Suplementar (ANS) alterou a Diretriz de Utiliza\u00e7\u00e3o (DUT) para realiza\u00e7\u00e3o do exame Pesquisa por RT-PCR, utilizado para o diagn\u00f3stico da Covid-19. Desde a entrada em vigor do novo Rol de Procedimentos, no dia 01\/04, as solicita\u00e7\u00f5es m\u00e9dicas que atendam \u00e0s condi\u00e7\u00f5es estabelecidas na DUT devem ser autorizadas pelas operadoras de planos de sa\u00fade de forma imediata. A medida busca agilizar a realiza\u00e7\u00e3o desse tipo de exame, considerado o mais eficaz para identificar e confirmar o v\u00edrus da Covid-19 no in\u00edcio da doen\u00e7a.\u00a0\u00a0<\/span><span class=\"xxxeop\">\u00a0<\/span><\/p>\n<p class=\"xxxparagraph\"><span class=\"xxxnormaltextrun\">At\u00e9 ent\u00e3o, a diretriz para realiza\u00e7\u00e3o do exame n\u00e3o tinha essa exig\u00eancia. Com isso, os planos de sa\u00fade poderiam demorar at\u00e9 tr\u00eas dias \u00fateis para garantir o atendimento, de acordo com a normativa que estabelece os prazos m\u00e1ximos para a garantia de atendimento (RN n\u00ba 259\/2011).\u00a0\u00a0<\/span><span class=\"xxxeop\">\u00a0<\/span><\/p>\n<p class=\"xxxparagraph\"><span class=\"xxxnormaltextrun\">O exame RT-PCR tem cobertura obrigat\u00f3ria para os benefici\u00e1rios de planos de sa\u00fade na segmenta\u00e7\u00e3o ambulatorial, hospitalar ou refer\u00eancia, conforme solicita\u00e7\u00e3o do m\u00e9dico assistente, para pacientes com S\u00edndrome Gripal (SG) ou S\u00edndrome Respirat\u00f3ria Aguda Grave (SRAG):<\/span><span class=\"xxxeop\">\u00a0<\/span><\/p>\n<p class=\"xxxparagraph\"><span class=\"xxxnormaltextrun\"><b>&#8211; S\u00cdNDROME GRIPAL (SG):<\/b>\u00a0Indiv\u00edduo com quadro respirat\u00f3rio agudo, caracterizado por pelo menos dois (2) dos seguintes sinais e sintomas: febre (mesmo que referida), calafrios, dor de garganta, dor de cabe\u00e7a, tosse, coriza, dist\u00farbios olfativos ou dist\u00farbios gustativos. Em crian\u00e7as: al\u00e9m dos itens anteriores considera-se tamb\u00e9m obstru\u00e7\u00e3o nasal, na aus\u00eancia de outro diagn\u00f3stico espec\u00edfico.\u00a0\u00a0<\/span><span class=\"xxxeop\">\u00a0<\/span><\/p>\n<p class=\"xxxparagraph\"><span class=\"xxxnormaltextrun\">Em idosos: deve-se considerar tamb\u00e9m crit\u00e9rios espec\u00edficos de agravamento como sincope, confus\u00e3o mental, sonol\u00eancia excessiva, irritabilidade e inapet\u00eancia. Na suspeita de COVID-19, a febre pode estar ausente e sintomas gastrointestinais (diarreia) podem estar presentes.<\/span><span class=\"xxxeop\">\u00a0<\/span><\/p>\n<p class=\"xxxparagraph\"><span class=\"xxxnormaltextrun\"><b>&#8211; S\u00cdNDROME RESPIRAT\u00d3RIA AGUDA GRAVE (SRAG):<\/b>\u00a0Indiv\u00edduo com SG que apresente: dispneia\/desconforto respirat\u00f3rio OU press\u00e3o persistente no t\u00f3rax OU satura\u00e7\u00e3o de O2 menor que 95% em ar ambiente OU colora\u00e7\u00e3o azulada dos l\u00e1bios ou rosto.\u00a0\u00a0<\/span><span class=\"xxxeop\">\u00a0<\/span><\/p>\n<p class=\"xxxparagraph\"><span class=\"xxxnormaltextrun\">Em crian\u00e7as: al\u00e9m dos itens anteriores, observar os batimentos de asa de nariz, cianose, tiragem intercostal, desidrata\u00e7\u00e3o e inapet\u00eancia.<\/span><span class=\"xxxeop\">\u00a0<\/span><\/p>\n<p class=\"xxxparagraph\"><span class=\"xxxnormaltextrun\">As solicita\u00e7\u00f5es m\u00e9dicas que atendam \u00e0s condi\u00e7\u00f5es estabelecidas acima devem ser autorizadas de forma imediata.\u00a0<\/span><span class=\"xxxeop\">\u00a0<\/span><span class=\"xxxnormaltextrun\"><b>\u00a0<\/b><\/span><\/p>\n<p class=\"xxxparagraph\"><span class=\"xxxnormaltextrun\"><b>Outros exames para Covid-19<\/b>\u00a0<\/span><span class=\"xxxeop\">\u00a0<\/span><\/p>\n<p class=\"xxxparagraph\"><span class=\"xxxnormaltextrun\">Al\u00e9m do RT-PCR, os planos de sa\u00fade tamb\u00e9m s\u00e3o obrigados a cobrir os testes sorol\u00f3gicos, ou seja, aqueles que detectam a presen\u00e7a de anticorpos\u00a0produzidos pelo organismo ap\u00f3s exposi\u00e7\u00e3o ao novo Coronav\u00edrus.\u00a0<a class=\"external-link\" title=\"\" href=\"https:\/\/www.gov.br\/ans\/pt-br\/assuntos\/noticias\/coronavirus-covid-19\/covid-19-ans-finaliza-analise-tecnica-e-determina-inclusao-de-teste-sorologico-no-rol-de-procedimentos\" target=\"_self\" data-tippreview-enabled=\"false\" data-tippreview-image=\"\" data-tippreview-title=\"\">Saiba mais sobre as condi\u00e7\u00f5es e requisitos de cobertura\u00a0<\/a><\/span><span class=\"xxxnormaltextrun\"><a class=\"external-link\" title=\"\" href=\"https:\/\/www.gov.br\/ans\/pt-br\/assuntos\/noticias\/coronavirus-covid-19\/covid-19-ans-finaliza-analise-tecnica-e-determina-inclusao-de-teste-sorologico-no-rol-de-procedimentos\" target=\"_self\" data-tippreview-enabled=\"false\" data-tippreview-image=\"\" data-tippreview-title=\"\">clicando aqui<\/a><\/span><span class=\"xxxnormaltextrun\"><a class=\"external-link\" title=\"\" href=\"https:\/\/www.gov.br\/ans\/pt-br\/assuntos\/noticias\/coronavirus-covid-19\/covid-19-ans-finaliza-analise-tecnica-e-determina-inclusao-de-teste-sorologico-no-rol-de-procedimentos\" target=\"_self\" data-tippreview-enabled=\"false\" data-tippreview-image=\"\" data-tippreview-title=\"\">.<\/a>\u00a0Tamb\u00e9m est\u00e1 inclu\u00edda no Rol de Procedimentos a cobertura para seis outros exames que auxiliam no diagn\u00f3stico e tratamento do novo Coronav\u00edrus.\u00a0<\/span><span class=\"xxxnormaltextrun\"><a class=\"external-link\" title=\"\" href=\"https:\/\/www.gov.br\/ans\/pt-br\/assuntos\/noticias\/coronavirus-covid-19\/ans-inclui-mais-seis-exames-no-rol-de-coberturas-obrigatorias-para-auxiliar-na-deteccao-do-novo-coronavirus\" target=\"_self\" data-tippreview-enabled=\"false\" data-tippreview-image=\"\" data-tippreview-title=\"\">Veja aqui.<\/a><\/span><span class=\"xxxnormaltextrun\">\u00a0<\/span><span class=\"xxxeop\">\u00a0<\/span><\/p>\n","protected":false},"excerpt":{"rendered":"<p>fonte: ANS A Ag\u00eancia Nacional de Sa\u00fade Suplementar (ANS) alterou a Diretriz de Utiliza\u00e7\u00e3o (DUT) para realiza\u00e7\u00e3o do exame Pesquisa por RT-PCR, utilizado para o diagn\u00f3stico da Covid-19. Desde a entrada em vigor do novo Rol de Procedimentos, no dia 01\/04, as solicita\u00e7\u00f5es m\u00e9dicas que atendam \u00e0s condi\u00e7\u00f5es estabelecidas na DUT devem ser autorizadas pelas [&hellip;]<\/p>\n","protected":false},"author":1,"featured_media":0,"comment_status":"closed","ping_status":"open","sticky":false,"template":"","format":"standard","meta":{"ngg_post_thumbnail":0,"footnotes":""},"categories":[2],"tags":[],"class_list":["post-12234","post","type-post","status-publish","format-standard","hentry","category-noticias"],"aioseo_notices":[],"gutentor_comment":0,"_links":{"self":[{"href":"https:\/\/sobedrj.com.br\/novo\/wp-json\/wp\/v2\/posts\/12234","targetHints":{"allow":["GET"]}}],"collection":[{"href":"https:\/\/sobedrj.com.br\/novo\/wp-json\/wp\/v2\/posts"}],"about":[{"href":"https:\/\/sobedrj.com.br\/novo\/wp-json\/wp\/v2\/types\/post"}],"author":[{"embeddable":true,"href":"https:\/\/sobedrj.com.br\/novo\/wp-json\/wp\/v2\/users\/1"}],"replies":[{"embeddable":true,"href":"https:\/\/sobedrj.com.br\/novo\/wp-json\/wp\/v2\/comments?post=12234"}],"version-history":[{"count":1,"href":"https:\/\/sobedrj.com.br\/novo\/wp-json\/wp\/v2\/posts\/12234\/revisions"}],"predecessor-version":[{"id":12237,"href":"https:\/\/sobedrj.com.br\/novo\/wp-json\/wp\/v2\/posts\/12234\/revisions\/12237"}],"wp:attachment":[{"href":"https:\/\/sobedrj.com.br\/novo\/wp-json\/wp\/v2\/media?parent=12234"}],"wp:term":[{"taxonomy":"category","embeddable":true,"href":"https:\/\/sobedrj.com.br\/novo\/wp-json\/wp\/v2\/categories?post=12234"},{"taxonomy":"post_tag","embeddable":true,"href":"https:\/\/sobedrj.com.br\/novo\/wp-json\/wp\/v2\/tags?post=12234"}],"curies":[{"name":"wp","href":"https:\/\/api.w.org\/{rel}","templated":true}]}}