{"id":12255,"date":"2021-04-19T14:04:16","date_gmt":"2021-04-19T14:04:16","guid":{"rendered":"http:\/\/sobedrj.com.br\/novo\/?p=12255"},"modified":"2021-04-26T15:20:36","modified_gmt":"2021-04-26T15:20:36","slug":"proposta-adia-e-parcela-impostos-das-microempresas-na-pandemia","status":"publish","type":"post","link":"https:\/\/sobedrj.com.br\/novo\/2021\/04\/19\/proposta-adia-e-parcela-impostos-das-microempresas-na-pandemia\/","title":{"rendered":"Proposta adia e parcela impostos das microempresas na pandemia"},"content":{"rendered":"<p>Fonte: Ag\u00eancia C\u00e2mara de Not\u00edcias<\/p>\n<p>O Projeto de Lei Complementar (PLP) 76\/20 concede morat\u00f3ria de seis meses para pagamento de tributos federais devidos no \u00e2mbito do Simples Nacional (<a class=\"linkLegislacao\" href=\"https:\/\/www2.camara.gov.br\/legin\/fed\/leicom\/2006\/leicomplementar-123-14-dezembro-2006-548099-norma-pl.html\">Lei Complementar 123\/06<\/a>) em raz\u00e3o da pandemia do novo coronav\u00edrus. Depois, as micro e pequenas empresas poder\u00e3o solicitar parcelamento em at\u00e9 12 meses.<\/p>\n<p>\u201cOs efeitos da Covid-19 s\u00e3o ainda imprevis\u00edveis no Pa\u00eds, mas reclamam medidas emergenciais, inclusive em termos econ\u00f4micos\u201d, disse o autor, deputado Luis Miranda (DEM-DF). \u201cCuida-se apenas de postergar o pagamento de tributos federais por alguns meses, diante do grave quadro que vivenciamos.\u201d<\/p>\n<p><strong>Tramita\u00e7\u00e3o<\/strong><\/p>\n<p>O projeto ser\u00e1 analisado pelas comiss\u00f5es de Desenvolvimento Econ\u00f4mico, Ind\u00fastria, Com\u00e9rcio e Servi\u00e7os; de Finan\u00e7as e Tributa\u00e7\u00e3o; e de Constitui\u00e7\u00e3o e Justi\u00e7a e de Cidadania. Depois seguir\u00e1 para o Plen\u00e1rio.<\/p>\n","protected":false},"excerpt":{"rendered":"<p>Fonte: Ag\u00eancia C\u00e2mara de Not\u00edcias O Projeto de Lei Complementar (PLP) 76\/20 concede morat\u00f3ria de seis meses para pagamento de tributos federais devidos no \u00e2mbito do Simples Nacional (Lei Complementar 123\/06) em raz\u00e3o da pandemia do novo coronav\u00edrus. Depois, as micro e pequenas empresas poder\u00e3o solicitar parcelamento em at\u00e9 12 meses. \u201cOs efeitos da Covid-19 [&hellip;]<\/p>\n","protected":false},"author":1,"featured_media":0,"comment_status":"closed","ping_status":"open","sticky":false,"template":"","format":"standard","meta":{"ngg_post_thumbnail":0,"footnotes":""},"categories":[2],"tags":[],"class_list":["post-12255","post","type-post","status-publish","format-standard","hentry","category-noticias"],"aioseo_notices":[],"gutentor_comment":0,"_links":{"self":[{"href":"https:\/\/sobedrj.com.br\/novo\/wp-json\/wp\/v2\/posts\/12255","targetHints":{"allow":["GET"]}}],"collection":[{"href":"https:\/\/sobedrj.com.br\/novo\/wp-json\/wp\/v2\/posts"}],"about":[{"href":"https:\/\/sobedrj.com.br\/novo\/wp-json\/wp\/v2\/types\/post"}],"author":[{"embeddable":true,"href":"https:\/\/sobedrj.com.br\/novo\/wp-json\/wp\/v2\/users\/1"}],"replies":[{"embeddable":true,"href":"https:\/\/sobedrj.com.br\/novo\/wp-json\/wp\/v2\/comments?post=12255"}],"version-history":[{"count":1,"href":"https:\/\/sobedrj.com.br\/novo\/wp-json\/wp\/v2\/posts\/12255\/revisions"}],"predecessor-version":[{"id":12257,"href":"https:\/\/sobedrj.com.br\/novo\/wp-json\/wp\/v2\/posts\/12255\/revisions\/12257"}],"wp:attachment":[{"href":"https:\/\/sobedrj.com.br\/novo\/wp-json\/wp\/v2\/media?parent=12255"}],"wp:term":[{"taxonomy":"category","embeddable":true,"href":"https:\/\/sobedrj.com.br\/novo\/wp-json\/wp\/v2\/categories?post=12255"},{"taxonomy":"post_tag","embeddable":true,"href":"https:\/\/sobedrj.com.br\/novo\/wp-json\/wp\/v2\/tags?post=12255"}],"curies":[{"name":"wp","href":"https:\/\/api.w.org\/{rel}","templated":true}]}}