{"id":12258,"date":"2021-04-19T17:18:49","date_gmt":"2021-04-19T17:18:49","guid":{"rendered":"http:\/\/sobedrj.com.br\/novo\/?p=12258"},"modified":"2021-04-19T17:44:39","modified_gmt":"2021-04-19T17:44:39","slug":"sobed-rj-se-reune-com-cremerj-para-tratar-de-vacinas-para-endoscopistas","status":"publish","type":"post","link":"https:\/\/sobedrj.com.br\/novo\/2021\/04\/19\/sobed-rj-se-reune-com-cremerj-para-tratar-de-vacinas-para-endoscopistas\/","title":{"rendered":"SOBED-RJ se re\u00fane com Cremerj para tratar de vacinas para endoscopistas"},"content":{"rendered":"<p>Os presidentes da SOBED-RJ, Dr. Miguel Koury Filho, e do Cremerj, Dr. Walter Palis, estiveram reunidos na tarde desta quinta-feira, dia 15, na sede do Conselho, em Botafogo, Zona Sul da capital fluminense.<\/p>\n<p>No encontro, Dr. Miguel Koury expressou preocupa\u00e7\u00e3o com os endoscopistas que ainda n\u00e3o foram vacinados contra a Covid-19, j\u00e1 que os especialistas ficam muito expostos ao v\u00edrus durante a realiza\u00e7\u00e3o dos procedimentos.<\/p>\n<p>Ficou acertado, ent\u00e3o, que a SOBED-RJ ir\u00e1 enviar ao Cremerj uma estimativa de quantos endoscopistas faltam ser vacinados.<\/p>\n<p>&nbsp;<\/p>\n","protected":false},"excerpt":{"rendered":"<p>Os presidentes da SOBED-RJ, Dr. Miguel Koury Filho, e do Cremerj, Dr. Walter Palis, estiveram reunidos na tarde desta quinta-feira, dia 15, na sede do Conselho, em Botafogo, Zona Sul da capital fluminense. No encontro, Dr. Miguel Koury expressou preocupa\u00e7\u00e3o com os endoscopistas que ainda n\u00e3o foram vacinados contra a Covid-19, j\u00e1 que os especialistas [&hellip;]<\/p>\n","protected":false},"author":1,"featured_media":12260,"comment_status":"closed","ping_status":"open","sticky":false,"template":"","format":"standard","meta":{"ngg_post_thumbnail":0,"footnotes":""},"categories":[2],"tags":[],"class_list":["post-12258","post","type-post","status-publish","format-standard","has-post-thumbnail","hentry","category-noticias"],"aioseo_notices":[],"gutentor_comment":0,"_links":{"self":[{"href":"https:\/\/sobedrj.com.br\/novo\/wp-json\/wp\/v2\/posts\/12258","targetHints":{"allow":["GET"]}}],"collection":[{"href":"https:\/\/sobedrj.com.br\/novo\/wp-json\/wp\/v2\/posts"}],"about":[{"href":"https:\/\/sobedrj.com.br\/novo\/wp-json\/wp\/v2\/types\/post"}],"author":[{"embeddable":true,"href":"https:\/\/sobedrj.com.br\/novo\/wp-json\/wp\/v2\/users\/1"}],"replies":[{"embeddable":true,"href":"https:\/\/sobedrj.com.br\/novo\/wp-json\/wp\/v2\/comments?post=12258"}],"version-history":[{"count":2,"href":"https:\/\/sobedrj.com.br\/novo\/wp-json\/wp\/v2\/posts\/12258\/revisions"}],"predecessor-version":[{"id":12262,"href":"https:\/\/sobedrj.com.br\/novo\/wp-json\/wp\/v2\/posts\/12258\/revisions\/12262"}],"wp:featuredmedia":[{"embeddable":true,"href":"https:\/\/sobedrj.com.br\/novo\/wp-json\/wp\/v2\/media\/12260"}],"wp:attachment":[{"href":"https:\/\/sobedrj.com.br\/novo\/wp-json\/wp\/v2\/media?parent=12258"}],"wp:term":[{"taxonomy":"category","embeddable":true,"href":"https:\/\/sobedrj.com.br\/novo\/wp-json\/wp\/v2\/categories?post=12258"},{"taxonomy":"post_tag","embeddable":true,"href":"https:\/\/sobedrj.com.br\/novo\/wp-json\/wp\/v2\/tags?post=12258"}],"curies":[{"name":"wp","href":"https:\/\/api.w.org\/{rel}","templated":true}]}}