{"id":12300,"date":"2021-05-03T11:27:10","date_gmt":"2021-05-03T11:27:10","guid":{"rendered":"http:\/\/sobedrj.com.br\/novo\/?p=12300"},"modified":"2021-05-03T17:57:19","modified_gmt":"2021-05-03T17:57:19","slug":"nota-oficial-amb-rondonia-e-o-revalida","status":"publish","type":"post","link":"https:\/\/sobedrj.com.br\/novo\/2021\/05\/03\/nota-oficial-amb-rondonia-e-o-revalida\/","title":{"rendered":"Nota oficial AMB: Rond\u00f4nia e o Revalida"},"content":{"rendered":"<p>fonte: AMB<\/p>\n<p>A Assembleia Legislativa do Estado de Rond\u00f4nia aprovou em 20 de abril o Projeto de Lei 1.022\/2021 que permite a contrata\u00e7\u00e3o de m\u00e9dicos brasileiros formados em escolas estrangeiras SEM A APROVA\u00c7\u00c3O NO EXAME REVALIDA.<\/p>\n<p>A Associa\u00e7\u00e3o M\u00e9dica Brasileira, atrav\u00e9s da Diretoria de Defesa Profissional tem o dever de se manifestar, esclarecendo a popula\u00e7\u00e3o e chamando os senhores deputados \u00e0 raz\u00e3o. Vejamos:<\/p>\n<p>Para exercer a profiss\u00e3o, o m\u00e9dico precisa estar cadastrado no Conselho Regional de Medicina de seu estado, e esse registro \u00e9 fornecido para:<\/p>\n<p>* Formados em Institui\u00e7\u00f5es de Ensino Superior que funcionam em territ\u00f3rio nacional autorizadas pelo Minist\u00e9rio da Educa\u00e7\u00e3o,<\/p>\n<p>* Formados em institui\u00e7\u00f5es do exterior, brasileiros ou estrangeiros, ap\u00f3s aprova\u00e7\u00e3o no exame REVALIDA. Essa determina\u00e7\u00e3o existe para garantir a qualidade da sa\u00fade da popula\u00e7\u00e3o, atrav\u00e9s da certeza de que as pessoas estar\u00e3o sendo atendidas por profissionais capacitados, qualificados e adaptados \u00e0 realidade de nosso pa\u00eds.<\/p>\n<p>Se o referido PL for aprovado em segunda vota\u00e7\u00e3o e colocado em pr\u00e1tica no Estado de Rond\u00f4nia, estaremos assistindo um atentado \u00e0 medicina brasileira e \u00e0 sa\u00fade p\u00fablica. N\u00e3o se trata de negar o direito de m\u00e9dicos formados em outros pa\u00edses de trabalharem no Brasil.<\/p>\n<p>Trata-se apenas de respeitar a legisla\u00e7\u00e3o, a ci\u00eancia, e a l\u00f3gica. N\u00e3o faltam, m\u00e9dicos no Brasil. Faltam condi\u00e7\u00f5es de trabalho e pol\u00edticas p\u00fablicas que as priorizem. Por isso insistimos juntos aos legisladores do Estado de Rond\u00f4nia que voltem seus olhos e a\u00e7\u00f5es para o foco principal da sa\u00fade de seu estado, sem procurar atalhos, simplesmente autorizando a entrada de profissionais sem qualifica\u00e7\u00e3o comprovada.<\/p>\n<p>Aprovada e colocada em pr\u00e1tica, essa Lei estar\u00e1 provocando duas situa\u00e7\u00f5es indesejadas: o risco \u00e0 sa\u00fade da popula\u00e7\u00e3o rondoniense e a cria\u00e7\u00e3o de um pressuposto legal que pode ser imitado por outros estados da Federa\u00e7\u00e3o.<\/p>\n<p>S\u00e3o Paulo, 22 de abril de 2021<\/p>\n<p><strong>Diretoria de Defesa Profissional<\/strong><br \/>\n<strong>Associa\u00e7\u00e3o M\u00e9dica Brasileira<\/strong><\/p>\n","protected":false},"excerpt":{"rendered":"<p>fonte: AMB A Assembleia Legislativa do Estado de Rond\u00f4nia aprovou em 20 de abril o Projeto de Lei 1.022\/2021 que permite a contrata\u00e7\u00e3o de m\u00e9dicos brasileiros formados em escolas estrangeiras SEM A APROVA\u00c7\u00c3O NO EXAME REVALIDA. A Associa\u00e7\u00e3o M\u00e9dica Brasileira, atrav\u00e9s da Diretoria de Defesa Profissional tem o dever de se manifestar, esclarecendo a popula\u00e7\u00e3o [&hellip;]<\/p>\n","protected":false},"author":1,"featured_media":12302,"comment_status":"closed","ping_status":"open","sticky":false,"template":"","format":"standard","meta":{"ngg_post_thumbnail":0,"footnotes":""},"categories":[2],"tags":[],"class_list":["post-12300","post","type-post","status-publish","format-standard","has-post-thumbnail","hentry","category-noticias"],"aioseo_notices":[],"gutentor_comment":0,"_links":{"self":[{"href":"https:\/\/sobedrj.com.br\/novo\/wp-json\/wp\/v2\/posts\/12300","targetHints":{"allow":["GET"]}}],"collection":[{"href":"https:\/\/sobedrj.com.br\/novo\/wp-json\/wp\/v2\/posts"}],"about":[{"href":"https:\/\/sobedrj.com.br\/novo\/wp-json\/wp\/v2\/types\/post"}],"author":[{"embeddable":true,"href":"https:\/\/sobedrj.com.br\/novo\/wp-json\/wp\/v2\/users\/1"}],"replies":[{"embeddable":true,"href":"https:\/\/sobedrj.com.br\/novo\/wp-json\/wp\/v2\/comments?post=12300"}],"version-history":[{"count":1,"href":"https:\/\/sobedrj.com.br\/novo\/wp-json\/wp\/v2\/posts\/12300\/revisions"}],"predecessor-version":[{"id":12303,"href":"https:\/\/sobedrj.com.br\/novo\/wp-json\/wp\/v2\/posts\/12300\/revisions\/12303"}],"wp:featuredmedia":[{"embeddable":true,"href":"https:\/\/sobedrj.com.br\/novo\/wp-json\/wp\/v2\/media\/12302"}],"wp:attachment":[{"href":"https:\/\/sobedrj.com.br\/novo\/wp-json\/wp\/v2\/media?parent=12300"}],"wp:term":[{"taxonomy":"category","embeddable":true,"href":"https:\/\/sobedrj.com.br\/novo\/wp-json\/wp\/v2\/categories?post=12300"},{"taxonomy":"post_tag","embeddable":true,"href":"https:\/\/sobedrj.com.br\/novo\/wp-json\/wp\/v2\/tags?post=12300"}],"curies":[{"name":"wp","href":"https:\/\/api.w.org\/{rel}","templated":true}]}}