{"id":12316,"date":"2021-05-03T12:54:09","date_gmt":"2021-05-03T12:54:09","guid":{"rendered":"http:\/\/sobedrj.com.br\/novo\/?p=12316"},"modified":"2021-05-03T12:54:09","modified_gmt":"2021-05-03T12:54:09","slug":"oficina-online-sobre-acessos-enterais-ocorre-neste-sabado","status":"publish","type":"post","link":"https:\/\/sobedrj.com.br\/novo\/2021\/05\/03\/oficina-online-sobre-acessos-enterais-ocorre-neste-sabado\/","title":{"rendered":"Oficina online sobre acessos enterais ocorre neste s\u00e1bado"},"content":{"rendered":"<p>A SOBED-RJ realiza neste s\u00e1bado, dia 8, a partir das 9h, oficina virtual sobre <em>Acessos Enterais (b\u00e1sico e avan\u00e7ado), <\/em>com acesso livre para m\u00e9dicos e quecontar\u00e1 com a seguinte programa\u00e7\u00e3o:<\/p>\n<ul>\n<li><strong>9h<\/strong> Abertura<\/li>\n<li><strong>9h10<\/strong> <em>Gastrostomia Endosc\u00f3pica: t\u00e9cnicas<\/em><br \/>\nDra. Mariceli Costa (RJ)<\/li>\n<li><strong>9h25<\/strong> <em>Complica\u00e7\u00f5es da gastrostomia endosc\u00f3pica<\/em><br \/>\nDr. Flavio Ejima (DF)<\/li>\n<li><strong>9h40<\/strong> <em>T\u00e9cnicas menos usuais da gastrostomia endosc\u00f3pica<\/em><br \/>\nDra. Lilian Machado (RJ)<\/li>\n<li><strong>10h05<\/strong> <em>Jejunostomia Endosc\u00f3pica (JPEG\/DPEJ)<\/em><br \/>\nDr. Gilberto Mansur (RJ)<\/li>\n<li><strong>10h20<\/strong> Debate<\/li>\n<\/ul>\n<p>A modera\u00e7\u00e3o ficar\u00e1 por conta dos Drs. Julio Lobo (PR) e Greg\u00f3rio Feldman (RJ).<\/p>\n<p>A transmiss\u00e3o ser\u00e1 feita simultaneamente pelo Zoom e pelo <a href=\"https:\/\/www.youtube.com\/user\/sobedrj\" target=\"_blank\" rel=\"noopener\">YouTube da SOBED-RJ<\/a>.<\/p>\n<p><a href=\"https:\/\/zoom.us\/meeting\/register\/tJIrdOyvrD0sGNckG6l6RKl-8T8cEIsJKuB9\" target=\"_blank\" rel=\"noopener\">FA\u00c7A SUA INSCRI\u00c7\u00c3O<\/a><\/p>\n<p>Devido \u00e0 pandemia de coronav\u00edrus, as reuni\u00f5es presenciais da SOBED-RJ continuam suspensas, tendo em vista resguardar a sa\u00fade de nossos associados.<\/p>\n<p>T\u00e3o logo haja seguran\u00e7a sanit\u00e1ria, as atividades cient\u00edficas presenciais ser\u00e3o retomadas.<\/p>\n","protected":false},"excerpt":{"rendered":"<p>A SOBED-RJ realiza neste s\u00e1bado, dia 8, a partir das 9h, oficina virtual sobre Acessos Enterais (b\u00e1sico e avan\u00e7ado), com acesso livre para m\u00e9dicos e quecontar\u00e1 com a seguinte programa\u00e7\u00e3o: 9h Abertura 9h10 Gastrostomia Endosc\u00f3pica: t\u00e9cnicas Dra. Mariceli Costa (RJ) 9h25 Complica\u00e7\u00f5es da gastrostomia endosc\u00f3pica Dr. Flavio Ejima (DF) 9h40 T\u00e9cnicas menos usuais da gastrostomia [&hellip;]<\/p>\n","protected":false},"author":1,"featured_media":12216,"comment_status":"closed","ping_status":"open","sticky":false,"template":"","format":"standard","meta":{"ngg_post_thumbnail":0,"footnotes":""},"categories":[2],"tags":[],"class_list":["post-12316","post","type-post","status-publish","format-standard","has-post-thumbnail","hentry","category-noticias"],"aioseo_notices":[],"gutentor_comment":0,"_links":{"self":[{"href":"https:\/\/sobedrj.com.br\/novo\/wp-json\/wp\/v2\/posts\/12316","targetHints":{"allow":["GET"]}}],"collection":[{"href":"https:\/\/sobedrj.com.br\/novo\/wp-json\/wp\/v2\/posts"}],"about":[{"href":"https:\/\/sobedrj.com.br\/novo\/wp-json\/wp\/v2\/types\/post"}],"author":[{"embeddable":true,"href":"https:\/\/sobedrj.com.br\/novo\/wp-json\/wp\/v2\/users\/1"}],"replies":[{"embeddable":true,"href":"https:\/\/sobedrj.com.br\/novo\/wp-json\/wp\/v2\/comments?post=12316"}],"version-history":[{"count":1,"href":"https:\/\/sobedrj.com.br\/novo\/wp-json\/wp\/v2\/posts\/12316\/revisions"}],"predecessor-version":[{"id":12318,"href":"https:\/\/sobedrj.com.br\/novo\/wp-json\/wp\/v2\/posts\/12316\/revisions\/12318"}],"wp:featuredmedia":[{"embeddable":true,"href":"https:\/\/sobedrj.com.br\/novo\/wp-json\/wp\/v2\/media\/12216"}],"wp:attachment":[{"href":"https:\/\/sobedrj.com.br\/novo\/wp-json\/wp\/v2\/media?parent=12316"}],"wp:term":[{"taxonomy":"category","embeddable":true,"href":"https:\/\/sobedrj.com.br\/novo\/wp-json\/wp\/v2\/categories?post=12316"},{"taxonomy":"post_tag","embeddable":true,"href":"https:\/\/sobedrj.com.br\/novo\/wp-json\/wp\/v2\/tags?post=12316"}],"curies":[{"name":"wp","href":"https:\/\/api.w.org\/{rel}","templated":true}]}}