{"id":12372,"date":"2021-05-29T11:01:03","date_gmt":"2021-05-29T11:01:03","guid":{"rendered":"http:\/\/sobedrj.com.br\/novo\/?p=12372"},"modified":"2021-05-31T14:47:12","modified_gmt":"2021-05-31T14:47:12","slug":"faperj-oferece-bolsa-para-doutores-que-queiram-empreender","status":"publish","type":"post","link":"https:\/\/sobedrj.com.br\/novo\/2021\/05\/29\/faperj-oferece-bolsa-para-doutores-que-queiram-empreender\/","title":{"rendered":"Faperj oferece bolsa para doutores que queiram empreender"},"content":{"rendered":"<p>fonte: Faperj<\/p>\n<p>A Diretoria de Tecnologia da FAPERJ lan\u00e7ou o edital \u201cDoutor Empreendedor: Transformando Conhecimento em Inova\u00e7\u00e3o \u2013 2021\u201d. Com objetivo de fomentar a cria\u00e7\u00e3o de empresas baseadas em conhecimento cient\u00edfico e\/ou tecnol\u00f3gico por doutores residentes no Estado do Rio de Janeiro, o edital busca contribuir para a intera\u00e7\u00e3o universidade-empresa e aproximar os doutores empreendedores com os mecanismos de gera\u00e7\u00e3o de empreendimentos inovadores sediados no estado.<\/p>\n<p>S\u00e3o eleg\u00edveis pesquisadores que possuam grau de doutor em programas de p\u00f3s-gradua\u00e7\u00e3o\u00a0<em>stricto sensu\u00a0<\/em>reconhecido pela Coordena\u00e7\u00e3o de Aperfei\u00e7oamento de Pessoal de N\u00edvel Superior (Capes) ou doutorandos que j\u00e1 estejam qualificados e com defesa prevista para data anterior \u00e0 entrega de documentos exigidos ap\u00f3s a aprova\u00e7\u00e3o final indicada no cronograma do edital. Al\u00e9m da comprova\u00e7\u00e3o do grau de doutor e do projeto para a cria\u00e7\u00e3o da empresa, os proponentes ter\u00e3o que enviar um v\u00eddeo de at\u00e9 quatro minutos detalhando a proposta, bem como uma carta de inten\u00e7\u00e3o para o ingresso em um mecanismo de gera\u00e7\u00e3o de empreendimentos ou em uma empresa \u2013 ambos necessariamente localizados no Estado do Rio de Janeiro \u2013, que ir\u00e3o contribuir para o desenvolvimento do projeto.<\/p>\n<p>Os proponentes ter\u00e3o at\u00e9 o dia 21 de junho para submeter suas propostas. Ap\u00f3s a pr\u00e9-qualifica\u00e7\u00e3o na etapa de conformidade, o m\u00e9rito dos projetos ser\u00e1 avaliado em duas etapas, incluindo uma triagem feita por um comit\u00ea interno e, posteriormente, uma banca de avalia\u00e7\u00e3o, composta por membros internos e externos, que selecionar\u00e1 as propostas aprovadas.<\/p>\n<p>Ap\u00f3s uma edi\u00e7\u00e3o piloto em 2019, o Programa busca se consolidar e ampliar seu alcance. Desta maneira, est\u00e3o previstos recursos da ordem de R$ 9.000.000,00 (nove milh\u00f5es de reais), permitindo apoiar at\u00e9 cinquenta projetos. Do total de recursos, um milh\u00e3o ser\u00e1 destinado para os mecanismos que abrigarem os doutores empreendedores. Cada proponente contemplado ter\u00e1 direito a uma bolsa de Doutor Empreendedor e uma bolsa de Inicia\u00e7\u00e3o Tecnol\u00f3gica por at\u00e9 24 meses, e um aux\u00edlio financeiro de at\u00e9 R$ 50.000,00 (cinquenta mil reais), pago em parcela \u00fanica, para custear as despesas iniciais relativas ao desenvolvimento do projeto.<\/p>\n<p>A expectativa \u00e9 que a demanda seja elevada e qualificada, contribuindo para: o aumento da taxa de inova\u00e7\u00e3o do estado, a diversifica\u00e7\u00e3o da economia regional e a cria\u00e7\u00e3o de bens e servi\u00e7os inovadores capazes de atender as demandas da sociedade, diminuir o impacto socioambiental e at\u00e9 mesmo prover solu\u00e7\u00f5es para os obst\u00e1culos trazidos pela pandemia. Nas palavras do diretor de Tecnologia da FAPERJ, Maur\u00edcio Guedes, se existe algo a ser celebrado nesta pandemia \u00e9 a conquista da ci\u00eancia, desenvolvendo vacinas para a Covid-19 em menos de um ano. &#8220;Isto s\u00f3 foi poss\u00edvel pela intera\u00e7\u00e3o de pesquisadores de empresas e de universidades, com capacidade empreendedora e apoio governamental. Um caso exemplar \u00e9 o da Pfizer, a gigante americana da ind\u00fastria farmac\u00eautica, que foi buscar a tecnologia em uma\u00a0<em>startup<\/em>\u00a0alem\u00e3, a Biontech, criada por um casal de cientistas empreendedores, filhos de imigrantes turcos e que nunca havia lan\u00e7ado um produto no mercado&#8221;, disse.<\/p>\n<p>Confira a \u00edntegra do edital abaixo:<\/p>\n<p><a href=\"http:\/\/www.faperj.br\/downloads\/Edital_Doutor_Empreendedor_2021.pdf\" target=\"_blank\" rel=\"noopener\">Edital FAPERJ N\u00ba 10\/2021 \u2013 Doutor Empreendedor: Transformando Conhecimento em Inova\u00e7\u00e3o<\/a><\/p>\n","protected":false},"excerpt":{"rendered":"<p>fonte: Faperj A Diretoria de Tecnologia da FAPERJ lan\u00e7ou o edital \u201cDoutor Empreendedor: Transformando Conhecimento em Inova\u00e7\u00e3o \u2013 2021\u201d. Com objetivo de fomentar a cria\u00e7\u00e3o de empresas baseadas em conhecimento cient\u00edfico e\/ou tecnol\u00f3gico por doutores residentes no Estado do Rio de Janeiro, o edital busca contribuir para a intera\u00e7\u00e3o universidade-empresa e aproximar os doutores empreendedores [&hellip;]<\/p>\n","protected":false},"author":1,"featured_media":0,"comment_status":"closed","ping_status":"open","sticky":false,"template":"","format":"standard","meta":{"ngg_post_thumbnail":0,"footnotes":""},"categories":[2],"tags":[],"class_list":["post-12372","post","type-post","status-publish","format-standard","hentry","category-noticias"],"aioseo_notices":[],"gutentor_comment":0,"_links":{"self":[{"href":"https:\/\/sobedrj.com.br\/novo\/wp-json\/wp\/v2\/posts\/12372","targetHints":{"allow":["GET"]}}],"collection":[{"href":"https:\/\/sobedrj.com.br\/novo\/wp-json\/wp\/v2\/posts"}],"about":[{"href":"https:\/\/sobedrj.com.br\/novo\/wp-json\/wp\/v2\/types\/post"}],"author":[{"embeddable":true,"href":"https:\/\/sobedrj.com.br\/novo\/wp-json\/wp\/v2\/users\/1"}],"replies":[{"embeddable":true,"href":"https:\/\/sobedrj.com.br\/novo\/wp-json\/wp\/v2\/comments?post=12372"}],"version-history":[{"count":2,"href":"https:\/\/sobedrj.com.br\/novo\/wp-json\/wp\/v2\/posts\/12372\/revisions"}],"predecessor-version":[{"id":12407,"href":"https:\/\/sobedrj.com.br\/novo\/wp-json\/wp\/v2\/posts\/12372\/revisions\/12407"}],"wp:attachment":[{"href":"https:\/\/sobedrj.com.br\/novo\/wp-json\/wp\/v2\/media?parent=12372"}],"wp:term":[{"taxonomy":"category","embeddable":true,"href":"https:\/\/sobedrj.com.br\/novo\/wp-json\/wp\/v2\/categories?post=12372"},{"taxonomy":"post_tag","embeddable":true,"href":"https:\/\/sobedrj.com.br\/novo\/wp-json\/wp\/v2\/tags?post=12372"}],"curies":[{"name":"wp","href":"https:\/\/api.w.org\/{rel}","templated":true}]}}