{"id":12381,"date":"2021-05-17T12:35:34","date_gmt":"2021-05-17T12:35:34","guid":{"rendered":"http:\/\/sobedrj.com.br\/novo\/?p=12381"},"modified":"2021-05-18T09:35:39","modified_gmt":"2021-05-18T09:35:39","slug":"pandemia-de-covid-19-reduz-despesas-de-planos-de-saude-no-pais","status":"publish","type":"post","link":"https:\/\/sobedrj.com.br\/novo\/2021\/05\/17\/pandemia-de-covid-19-reduz-despesas-de-planos-de-saude-no-pais\/","title":{"rendered":"Pandemia de Covid-19 reduz despesas de planos de sa\u00fade no pa\u00eds"},"content":{"rendered":"<p>fonte: Folha de SP<\/p>\n<p>Dados da ANS (Ag\u00eancia Nacional de Sa\u00fade Suplementar) apontam que, em 2020, as receitas referentes \u00e0 assist\u00eancia m\u00e9dica de\u00a0planos das operadoras de sa\u00fade\u00a0cresceram, enquanto as despesas e a taxa de sinistralidade diminu\u00edram na compara\u00e7\u00e3o com 2019.<\/p>\n<p>A queda nas despesas, segundo a ANS, foi motivada pela\u00a0pandemia de Covid-19, j\u00e1 que foram realizados menos procedimentos eletivos como\u00a0consultas, exames\u00a0e cirurgias.<\/p>\n<p>A taxa de sinistralidade, que diz respeito ao pagamento do atendimento da assist\u00eancia (gastos com prestadores de servi\u00e7o, m\u00e9dicos, hospitais e cl\u00ednicas), caiu de 82,4% para 75,4% no per\u00edodo.<\/p>\n<p>J\u00e1 o aumento da receita relativa \u00e0s contrapresta\u00e7\u00f5es pode ser atribu\u00eddo ao crescimento do n\u00famero de benefici\u00e1rios, tamb\u00e9m observado em 2021.<\/p>\n<p><strong>Receitas<\/strong><\/p>\n<table border=\"1\" cellspacing=\"0\" cellpadding=\"0\">\n<tbody>\n<tr>\n<td>Ano<\/td>\n<td>Receita de contrapresta\u00e7\u00f5es<\/td>\n<td>Outras receitas operacionais<\/td>\n<\/tr>\n<tr>\n<td>2020<\/td>\n<td>219.826.893.608<\/td>\n<td>10.705.179.673<\/td>\n<\/tr>\n<tr>\n<td>2019<\/td>\n<td>209.664.526.230<\/td>\n<td>12.619.373.142<\/td>\n<\/tr>\n<\/tbody>\n<\/table>\n<p><strong>Despesas<\/strong><\/p>\n<table border=\"1\" cellspacing=\"0\" cellpadding=\"0\">\n<tbody>\n<tr>\n<td>Ano<\/td>\n<td>Despesa assistencial<\/td>\n<td>Despesa administrativa<\/td>\n<td>Despesa de comercializa\u00e7\u00e3o<\/td>\n<td>Outras despesas operacionais<\/td>\n<td>Taxa de sinistralidade<\/td>\n<\/tr>\n<tr>\n<td>2020<\/td>\n<td>165.804.381.668<\/td>\n<td>21.002.529.984<\/td>\n<td>6.820.372.821<\/td>\n<td>17.249.963.368<\/td>\n<td>75,4%<\/td>\n<\/tr>\n<tr>\n<td>2019<\/td>\n<td>172.783.073.767<\/td>\n<td>20.567.586.153<\/td>\n<td>6.076.388.310<\/td>\n<td>16.045.961.549<\/td>\n<td>82,4%<\/td>\n<\/tr>\n<\/tbody>\n<\/table>\n<p>Dados da ag\u00eancia mostram que, em mar\u00e7o de 2021, o setor registrou 47.977.271 usu\u00e1rios em planos de assist\u00eancia m\u00e9dica.<\/p>\n<p>Nos\u00a0planos m\u00e9dico-hospitalares, houve incremento de 862.970 benefici\u00e1rios em um ano \u2014um aumento de 1,83%\u2014 em rela\u00e7\u00e3o a mar\u00e7o de 2020. O aumento ocorreu em todas as modalidades de contrata\u00e7\u00e3o, mas foi mais expressivo nos planos coletivos empresariais (2,47%).<\/p>\n<p>Entre os estados, no comparativo com mar\u00e7o de 2020 o setor registrou aumento de benefici\u00e1rios em planos de assist\u00eancia m\u00e9dica em 19 unidades federativas com destaque para S\u00e3o Paulo, Minas Gerais e Esp\u00edrito Santo.<\/p>\n<p>A expectativa agora \u00e9 pelo reajuste dos\u00a0planos de sa\u00fade individuais\u00a0e familiares. O percentual, que \u00e9 definido pela ANS, est\u00e1 em c\u00e1lculo e ser\u00e1 divulgado ap\u00f3s manifesta\u00e7\u00e3o do Minist\u00e9rio da Economia.<\/p>\n<p>O \u00f3rg\u00e3o afirmou nesta quarta (12) que ainda n\u00e3o foi instado pela ANS a se manifestar em rela\u00e7\u00e3o ao assunto.<\/p>\n<p>O percentual de aumento ser\u00e1 aplic\u00e1vel aos planos com anivers\u00e1rio entre maio deste ano e abril de 2022.<\/p>\n<p>&#8220;O\u00a0momento de pandemia\u00a0\u00e9 muito delicado, porque ela agrava uma situa\u00e7\u00e3o econ\u00f4mica que o pa\u00eds j\u00e1 vinha sofrendo. Se a sinistralidade caiu e por conta disso as operadoras tiveram uma margem grande de receita, \u00e9 razo\u00e1vel que os reajustes sejam segurados&#8221;, diz Walter Cintra, professor do curso de especializa\u00e7\u00e3o em administra\u00e7\u00e3o hospitalar e de sistemas de sa\u00fade da FGV (Funda\u00e7\u00e3o Getulio Vargas).<\/p>\n<p>&#8220;\u00c9 \u00f3bvio que as operadoras v\u00e3o alegar, at\u00e9 com alguma raz\u00e3o, que esses casos todos est\u00e3o represados e v\u00e3o pressionar a sinistralidade l\u00e1 na frente. Ent\u00e3o \u00e9 preciso encontrar um ponto de equil\u00edbrio que mantenha a coisa sustent\u00e1vel. A minha expectativa \u00e9 que a ag\u00eancia, se autorizar algum reajuste, ser\u00e1 pequeno&#8221;, afirma Cintra.<\/p>\n<p>Nos coletivos, a negocia\u00e7\u00e3o \u00e9 feita entre a empresa contratante e a operadora de sa\u00fade. O aumento deve seguir os normativos vigentes e o que \u00e9 disposto em contrato.<\/p>\n<p>No caso dos\u00a0planos coletivos\u00a0com at\u00e9 29 benefici\u00e1rios, a ANS estabelece uma regra espec\u00edfica de agrupamento de contratos \u2014at\u00e9 29 vidas de uma mesma operadora devem receber o mesmo percentual de reajuste anual.<\/p>\n<p>As operadoras dever\u00e3o seguir regras para aplica\u00e7\u00e3o dos reajustes coletivos \u2014obrigatoriedade de comunica\u00e7\u00e3o do \u00edndice aplicado e de informa\u00e7\u00f5es no boleto de pagamento e fatura; periodicidade do reajuste e impossibilidade de discrimina\u00e7\u00e3o de pre\u00e7os e reajustes entre benefici\u00e1rios de um mesmo contrato e produto; obrigatoriedade de disponibiliza\u00e7\u00e3o \u00e0 pessoa jur\u00eddica contratante da mem\u00f3ria de c\u00e1lculo do reajuste e metodologia utilizada com o m\u00ednimo de 30 dias de anteced\u00eancia da data prevista para a aplica\u00e7\u00e3o do reajuste.<\/p>\n<p>Ap\u00f3s a efetiva aplica\u00e7\u00e3o do reajuste em contrato coletivo, os consumidores podem solicitar formalmente \u00e0 administradora de benef\u00edcios ou \u00e0 operadora a mem\u00f3ria de c\u00e1lculo e a metodologia utilizada, que t\u00eam prazo m\u00e1ximo de dez dias para o fornecimento.<\/p>\n","protected":false},"excerpt":{"rendered":"<p>fonte: Folha de SP Dados da ANS (Ag\u00eancia Nacional de Sa\u00fade Suplementar) apontam que, em 2020, as receitas referentes \u00e0 assist\u00eancia m\u00e9dica de\u00a0planos das operadoras de sa\u00fade\u00a0cresceram, enquanto as despesas e a taxa de sinistralidade diminu\u00edram na compara\u00e7\u00e3o com 2019. A queda nas despesas, segundo a ANS, foi motivada pela\u00a0pandemia de Covid-19, j\u00e1 que foram [&hellip;]<\/p>\n","protected":false},"author":1,"featured_media":0,"comment_status":"closed","ping_status":"open","sticky":false,"template":"","format":"standard","meta":{"ngg_post_thumbnail":0,"footnotes":""},"categories":[2],"tags":[],"class_list":["post-12381","post","type-post","status-publish","format-standard","hentry","category-noticias"],"aioseo_notices":[],"gutentor_comment":0,"_links":{"self":[{"href":"https:\/\/sobedrj.com.br\/novo\/wp-json\/wp\/v2\/posts\/12381","targetHints":{"allow":["GET"]}}],"collection":[{"href":"https:\/\/sobedrj.com.br\/novo\/wp-json\/wp\/v2\/posts"}],"about":[{"href":"https:\/\/sobedrj.com.br\/novo\/wp-json\/wp\/v2\/types\/post"}],"author":[{"embeddable":true,"href":"https:\/\/sobedrj.com.br\/novo\/wp-json\/wp\/v2\/users\/1"}],"replies":[{"embeddable":true,"href":"https:\/\/sobedrj.com.br\/novo\/wp-json\/wp\/v2\/comments?post=12381"}],"version-history":[{"count":1,"href":"https:\/\/sobedrj.com.br\/novo\/wp-json\/wp\/v2\/posts\/12381\/revisions"}],"predecessor-version":[{"id":12383,"href":"https:\/\/sobedrj.com.br\/novo\/wp-json\/wp\/v2\/posts\/12381\/revisions\/12383"}],"wp:attachment":[{"href":"https:\/\/sobedrj.com.br\/novo\/wp-json\/wp\/v2\/media?parent=12381"}],"wp:term":[{"taxonomy":"category","embeddable":true,"href":"https:\/\/sobedrj.com.br\/novo\/wp-json\/wp\/v2\/categories?post=12381"},{"taxonomy":"post_tag","embeddable":true,"href":"https:\/\/sobedrj.com.br\/novo\/wp-json\/wp\/v2\/tags?post=12381"}],"curies":[{"name":"wp","href":"https:\/\/api.w.org\/{rel}","templated":true}]}}