{"id":12391,"date":"2021-05-17T13:00:37","date_gmt":"2021-05-17T13:00:37","guid":{"rendered":"http:\/\/sobedrj.com.br\/novo\/?p=12391"},"modified":"2021-05-18T09:36:00","modified_gmt":"2021-05-18T09:36:00","slug":"vacinacao-no-cremerj-2a-dose-de-coronavac-1a-dose-para-medicos-abaixo-de-29-anos-e-repescagem","status":"publish","type":"post","link":"https:\/\/sobedrj.com.br\/novo\/2021\/05\/17\/vacinacao-no-cremerj-2a-dose-de-coronavac-1a-dose-para-medicos-abaixo-de-29-anos-e-repescagem\/","title":{"rendered":"Vacina\u00e7\u00e3o no Cremerj: 2\u00aa dose de Coronavac, 1\u00aa dose para m\u00e9dicos abaixo de 29 anos e repescagem"},"content":{"rendered":"<p>fonte: Cremerj<\/p>\n<p>O CREMERJ inicia mais uma semana da campanha de vacina\u00e7\u00e3o. M\u00e9dicos de 56 a 59 anos j\u00e1 podem tomar a segunda dose da vacina Coronavac, na sede do Conselho. Poder\u00e3o participar somente os profissionais que receberam a primeira dose no mesmo local, de 5 a 7 de abril. Esta etapa da campanha acontecer\u00e1 nos dias 17 e 18 de maio.<\/p>\n<p>Nesta segunda-feira, 17, come\u00e7ou a vacina\u00e7\u00e3o para os m\u00e9dicos do Rio de Janeiro de 29 anos ou menos, al\u00e9m de\u00a0<strong>repescagem para os m\u00e9dicos de todas as idades<\/strong>. Esta fase da imuniza\u00e7\u00e3o acontecer\u00e1 de 17 a 21 de maio.<\/p>\n<p>As duas etapas de vacina\u00e7\u00e3o acontecem na sede do Conselho, em Botafogo, mediante agendamento no site.<\/p>\n<p><a href=\"https:\/\/www.cremerj.org.br\/vacinaparaosmedicos\/segundadose\" target=\"_blank\" rel=\"noopener\">Clique aqui e agende a 2\u00aa dose da vacina Coronavac<\/a>.<\/p>\n<p><a href=\"https:\/\/www.cremerj.org.br\/vacinaparaosmedicos\/primeiradose\" target=\"_blank\" rel=\"noopener\">Clique aqui e agende a 1\u00aa dose<\/a>.<\/p>\n<p>A campanha Vacina Solid\u00e1ria que arrecada alimentos n\u00e3o perec\u00edveis para institui\u00e7\u00f5es de caridade continua. Se poss\u00edvel, contribua!<\/p>\n","protected":false},"excerpt":{"rendered":"<p>fonte: Cremerj O CREMERJ inicia mais uma semana da campanha de vacina\u00e7\u00e3o. M\u00e9dicos de 56 a 59 anos j\u00e1 podem tomar a segunda dose da vacina Coronavac, na sede do Conselho. Poder\u00e3o participar somente os profissionais que receberam a primeira dose no mesmo local, de 5 a 7 de abril. Esta etapa da campanha acontecer\u00e1 [&hellip;]<\/p>\n","protected":false},"author":1,"featured_media":12393,"comment_status":"closed","ping_status":"open","sticky":false,"template":"","format":"standard","meta":{"ngg_post_thumbnail":0,"footnotes":""},"categories":[2],"tags":[],"class_list":["post-12391","post","type-post","status-publish","format-standard","has-post-thumbnail","hentry","category-noticias"],"aioseo_notices":[],"gutentor_comment":0,"_links":{"self":[{"href":"https:\/\/sobedrj.com.br\/novo\/wp-json\/wp\/v2\/posts\/12391","targetHints":{"allow":["GET"]}}],"collection":[{"href":"https:\/\/sobedrj.com.br\/novo\/wp-json\/wp\/v2\/posts"}],"about":[{"href":"https:\/\/sobedrj.com.br\/novo\/wp-json\/wp\/v2\/types\/post"}],"author":[{"embeddable":true,"href":"https:\/\/sobedrj.com.br\/novo\/wp-json\/wp\/v2\/users\/1"}],"replies":[{"embeddable":true,"href":"https:\/\/sobedrj.com.br\/novo\/wp-json\/wp\/v2\/comments?post=12391"}],"version-history":[{"count":1,"href":"https:\/\/sobedrj.com.br\/novo\/wp-json\/wp\/v2\/posts\/12391\/revisions"}],"predecessor-version":[{"id":12394,"href":"https:\/\/sobedrj.com.br\/novo\/wp-json\/wp\/v2\/posts\/12391\/revisions\/12394"}],"wp:featuredmedia":[{"embeddable":true,"href":"https:\/\/sobedrj.com.br\/novo\/wp-json\/wp\/v2\/media\/12393"}],"wp:attachment":[{"href":"https:\/\/sobedrj.com.br\/novo\/wp-json\/wp\/v2\/media?parent=12391"}],"wp:term":[{"taxonomy":"category","embeddable":true,"href":"https:\/\/sobedrj.com.br\/novo\/wp-json\/wp\/v2\/categories?post=12391"},{"taxonomy":"post_tag","embeddable":true,"href":"https:\/\/sobedrj.com.br\/novo\/wp-json\/wp\/v2\/tags?post=12391"}],"curies":[{"name":"wp","href":"https:\/\/api.w.org\/{rel}","templated":true}]}}