{"id":12422,"date":"2021-05-24T10:44:09","date_gmt":"2021-05-24T10:44:09","guid":{"rendered":"http:\/\/sobedrj.com.br\/novo\/?p=12422"},"modified":"2021-05-25T10:08:42","modified_gmt":"2021-05-25T10:08:42","slug":"covid-19-mais-da-metade-dos-internados-em-uti-tem-menos-de-60-anos","status":"publish","type":"post","link":"https:\/\/sobedrj.com.br\/novo\/2021\/05\/24\/covid-19-mais-da-metade-dos-internados-em-uti-tem-menos-de-60-anos\/","title":{"rendered":"Covid-19: mais da metade dos internados em UTI tem menos de 60 anos"},"content":{"rendered":"<p>fonte: Ag\u00eancia Brasil<\/p>\n<p>As notifica\u00e7\u00f5es por s\u00edndrome respirat\u00f3ria aguda grave (SRAG) aumentaram, informa o Boletim Observat\u00f3rio Covid-19,\u00a0divulgado nesta sexta-f<span id=\"OBJ_PREFIX_DWT175_com_zimbra_date\" role=\"link\">eira<\/span>\u00a0(21) pela Funda\u00e7\u00e3o Oswaldo Cruz (Fiocruz). Os casos de SRAG s\u00e3o respons\u00e1veis por incid\u00eancias graves de doen\u00e7as respirat\u00f3rias, que demandam hospitaliza\u00e7\u00e3o ou levam a \u00f3bito. S\u00e3o atualmente, em grande parte, devido a infec\u00e7\u00f5es por Sars-CoV-2.<img decoding=\"async\" src=\"https:\/\/agenciabrasil.ebc.com.br\/ebc.png?id=1410420&amp;o=node\" \/><img decoding=\"async\" src=\"https:\/\/agenciabrasil.ebc.com.br\/ebc.gif?id=1410420&amp;o=node\" \/><\/p>\n<p>Conforme o boletim, outro dado preocupante \u00e9 que, pela primeira vez no Brasil, a mediana da idade de interna\u00e7\u00f5es em unidades de terapia intensiva (UTIs) de todo o pa\u00eds ficou abaixo de 60 anos.<\/p>\n<p>O ano de 2021 vem, a cada semana, apresentando rejuvenescimento da pandemia, alertam os pesquisadores. \u201cDiferentemente das \u00faltimas semanas, mais da metade dos casos de interna\u00e7\u00e3o hospitalar e interna\u00e7\u00e3o em UTI ocorreram entre pessoas n\u00e3o idosas. Em rela\u00e7\u00e3o aos \u00f3bitos, embora a mediana ainda seja superior a 60 anos, ao longo deste ano, houve\u00a0queda num patamar de 10 anos. Os valores de mediana de\u00a0idade dos \u00f3bitos foram, respectivamente, 73 e 63 anos\u201d, diz o boletim.<\/p>\n<p>A an\u00e1lise comparou a Semana\u00a0Epidemiol\u00f3gica 1 (3 a\u00a0<span id=\"OBJ_PREFIX_DWT176_com_zimbra_date\" role=\"link\">9 de janeiro<\/span>) e a 18 (2 a\u00a0<span id=\"OBJ_PREFIX_DWT177_com_zimbra_date\" role=\"link\">8 de maio<\/span>) de 2021 e verificou que a\u00a0mediana da idade das interna\u00e7\u00f5es hospitalares (idade que delimita a concentra\u00e7\u00e3o de 50% dos casos)\u00a0foi de 66 anos na SE 1 para\u00a055 anos na SE 18. J\u00e1 a mediana de idade de interna\u00e7\u00f5es em UTI foi de 68 anos na SE 1 para\u00a058 anos na SE 18.<\/p>\n<h2>Casos de SRAG aumentam<\/h2>\n<p>Os estados\u00a0 da Regi\u00e3o Sul, que tiveram redu\u00e7\u00e3o da doen\u00e7a nas semanas anteriores, apresentaram tend\u00eancia de revers\u00e3o, ou mesmo um aumento no n\u00famero de casos de SRAG na Semana Epidemiol\u00f3gica 18.<\/p>\n<p>.De acordo com os pesquisadores, mesmo nos estados que mostram redu\u00e7\u00e3o ou estabilidade, o n\u00famero de casos ainda permanecia muito alto, demonstrando a forte press\u00e3o sobre o sistema de sa\u00fade.\u00a0\u201c\u00c9\u00a0fundamental que haja redu\u00e7\u00e3o sustentada de n\u00famero de casos para a recomposi\u00e7\u00e3o do sistema de sa\u00fade, inclusive [para] reduzir [a] taxa de ocupa\u00e7\u00e3o de leitos\u201d, avaliaram.<\/p>\n<p>A compara\u00e7\u00e3o da incid\u00eancia das semanas epidemiol\u00f3gicas 8 e 9 e 18 e 19 mostra que poucos estados est\u00e3o em patamar significativamente menor, como: Mato Grosso, Goi\u00e1s, Distrito Federal, Paran\u00e1, Santa Catarina, Rio Grande do Sul, Rond\u00f4nia, Roraima e Amap\u00e1, sendo que Mato Grosso, Paran\u00e1 e as capitais dos estados da regi\u00e3o Sul apresentam sinais de aumento.<\/p>\n<p>Segundo os pesquisadores da Fiocruz, os demais estados est\u00e3o em n\u00edveis pr\u00f3ximos ao observado em meados<span id=\"OBJ_PREFIX_DWT178_com_zimbra_date\" role=\"link\">\u00a0de mar<\/span>\u00e7o, ou mesmo acima, como \u00e9 o caso de Mato Grosso do Sul, Maranh\u00e3o, Pernambuco, do Rio<span id=\"OBJ_PREFIX_DWT179_com_zimbra_date\" role=\"link\">\u00a0de Janeiro<\/span>\u00a0e Esp\u00edrito Santo. \u201cO aumento ou estabilidade em n\u00edveis muito altos e com taxas altas de ocupa\u00e7\u00e3o s\u00e3o cen\u00e1rios altamente indesejados\u201d, destacaram.<\/p>\n<h2>Leitos de UTI<\/h2>\n<p>De acordo com os pesquisadores do Observat\u00f3rio Covid-19, as taxas de ocupa\u00e7\u00e3o de leitos de UTI Covid-19 para adultos no Sistema \u00danico de Sa\u00fade (SUS) no dia\u00a0<span id=\"OBJ_PREFIX_DWT180_com_zimbra_date\" role=\"link\">17 de maio<\/span>\u00a0de 2021 sinalizaram quebra na expectativa que vinha sendo desenhada de melhoria do indicador no pa\u00eds nas \u00faltimas semanas.<\/p>\n<p>A an\u00e1lise refor\u00e7a que \u00e9 preciso ficar atento a este momento da pandemia. \u201cCaso n\u00e3o seja mantida uma queda sustent\u00e1vel, a pandemia poder\u00e1 retomar a sua expans\u00e3o\u201d.<\/p>\n<p>As taxas de ocupa\u00e7\u00e3o de leitos de UTI Covid-19 para adultos no SUS, que vinham mantendo tend\u00eancia de queda lenta, mas relativamente consistente em grande parte do pa\u00eds,\u00a0apresentaram entre os dias 10 e\u00a0<span id=\"OBJ_PREFIX_DWT181_com_zimbra_date\" role=\"link\">17 de maio<\/span>\u00a0pequenas eleva\u00e7\u00f5es em muitos estados e capitais, interrompendo a impress\u00e3o de melhoria do quadro geral.<\/p>\n<h2>Redu\u00e7\u00e3o da mortalidade<\/h2>\n<p>Durante as duas \u00faltimas semanas epidemiol\u00f3gicas, houve uma ligeira redu\u00e7\u00e3o das taxas de mortalidade no Brasil. No entanto, as taxas de incid\u00eancia, que refletem os casos novos de covid-19, permanecem em um plat\u00f4 alto.<\/p>\n<p>Segundo o estudo, esse novo padr\u00e3o epidemiol\u00f3gico pode ser resultado de uma conjun\u00e7\u00e3o de fatores como a vacina\u00e7\u00e3o de popula\u00e7\u00f5es de maior risco, uma pequena redu\u00e7\u00e3o da ocupa\u00e7\u00e3o de leitos hospitalares, bem como do processo de rejuvenescimento da pandemia.<\/p>\n<p>Os pesquisadores analisaram que \u201ccombinados, estes novos fatores podem estar contribuindo para a diminui\u00e7\u00e3o da letalidade da doen\u00e7a, sem, no entanto, reduzir a transmiss\u00e3o da doen\u00e7a, que permanece intensa, como demonstrado pela alta taxa de positividade dos testes de diagn\u00f3stico realizados nas \u00faltimas semanas\u201d.<\/p>\n<h2>Novas variantes<\/h2>\n<p>Para os pesquisadores, um dado considerado preocupante nesse novo cen\u00e1rio epidemiol\u00f3gico, quando considerado o ritmo ainda lento de vacina\u00e7\u00e3o no pa\u00eds, \u00e9 a possibilidade de introdu\u00e7\u00e3o de novas variantes do v\u00edrus Sars-CoV-2 no Brasil.<\/p>\n<p>Al\u00e9m disso, enfatizam os pesquisadores do Boletim Covid-19, \u201ca flexibiliza\u00e7\u00e3o precoce de medidas de isolamento pode causar uma retomada na transmiss\u00e3o, com a gera\u00e7\u00e3o de casos graves e \u00f3bitos nas pr\u00f3ximas semanas, pressionando os servi\u00e7os de sa\u00fade ainda sobrecarregados e com limita\u00e7\u00f5es para reposi\u00e7\u00e3o de estoques de medicamentos e insumos&#8221;.<\/p>\n","protected":false},"excerpt":{"rendered":"<p>fonte: Ag\u00eancia Brasil As notifica\u00e7\u00f5es por s\u00edndrome respirat\u00f3ria aguda grave (SRAG) aumentaram, informa o Boletim Observat\u00f3rio Covid-19,\u00a0divulgado nesta sexta-feira\u00a0(21) pela Funda\u00e7\u00e3o Oswaldo Cruz (Fiocruz). Os casos de SRAG s\u00e3o respons\u00e1veis por incid\u00eancias graves de doen\u00e7as respirat\u00f3rias, que demandam hospitaliza\u00e7\u00e3o ou levam a \u00f3bito. S\u00e3o atualmente, em grande parte, devido a infec\u00e7\u00f5es por Sars-CoV-2. Conforme o [&hellip;]<\/p>\n","protected":false},"author":1,"featured_media":0,"comment_status":"closed","ping_status":"open","sticky":false,"template":"","format":"standard","meta":{"ngg_post_thumbnail":0,"footnotes":""},"categories":[2],"tags":[],"class_list":["post-12422","post","type-post","status-publish","format-standard","hentry","category-noticias"],"aioseo_notices":[],"gutentor_comment":0,"_links":{"self":[{"href":"https:\/\/sobedrj.com.br\/novo\/wp-json\/wp\/v2\/posts\/12422","targetHints":{"allow":["GET"]}}],"collection":[{"href":"https:\/\/sobedrj.com.br\/novo\/wp-json\/wp\/v2\/posts"}],"about":[{"href":"https:\/\/sobedrj.com.br\/novo\/wp-json\/wp\/v2\/types\/post"}],"author":[{"embeddable":true,"href":"https:\/\/sobedrj.com.br\/novo\/wp-json\/wp\/v2\/users\/1"}],"replies":[{"embeddable":true,"href":"https:\/\/sobedrj.com.br\/novo\/wp-json\/wp\/v2\/comments?post=12422"}],"version-history":[{"count":1,"href":"https:\/\/sobedrj.com.br\/novo\/wp-json\/wp\/v2\/posts\/12422\/revisions"}],"predecessor-version":[{"id":12424,"href":"https:\/\/sobedrj.com.br\/novo\/wp-json\/wp\/v2\/posts\/12422\/revisions\/12424"}],"wp:attachment":[{"href":"https:\/\/sobedrj.com.br\/novo\/wp-json\/wp\/v2\/media?parent=12422"}],"wp:term":[{"taxonomy":"category","embeddable":true,"href":"https:\/\/sobedrj.com.br\/novo\/wp-json\/wp\/v2\/categories?post=12422"},{"taxonomy":"post_tag","embeddable":true,"href":"https:\/\/sobedrj.com.br\/novo\/wp-json\/wp\/v2\/tags?post=12422"}],"curies":[{"name":"wp","href":"https:\/\/api.w.org\/{rel}","templated":true}]}}