{"id":12432,"date":"2021-05-24T11:37:44","date_gmt":"2021-05-24T11:37:44","guid":{"rendered":"http:\/\/sobedrj.com.br\/novo\/?p=12432"},"modified":"2021-05-25T10:08:59","modified_gmt":"2021-05-25T10:08:59","slug":"amb-oficializa-ao-mec-que-e-contra-o-aumento-de-vagas-em-cursos-de-medicina","status":"publish","type":"post","link":"https:\/\/sobedrj.com.br\/novo\/2021\/05\/24\/amb-oficializa-ao-mec-que-e-contra-o-aumento-de-vagas-em-cursos-de-medicina\/","title":{"rendered":"AMB oficializa ao MEC que \u00e9 contra o aumento de vagas em cursos de Medicina"},"content":{"rendered":"<p>fonte: AMB<\/p>\n<p>A Associa\u00e7\u00e3o M\u00e9dica Brasileira posicionou-se oficialmente em 10 de maio, ap\u00f3s amplo debate da Diretoria Executiva, sobre questionamento da Secretaria de Regula\u00e7\u00e3o e Supervis\u00e3o da Educa\u00e7\u00e3o Superior, do Minist\u00e9rio da Educa\u00e7\u00e3o. Em of\u00edcio de n\u00famero 158\/2021, a consulta SERES\/MEC versava sobre proposta normativa de aumento de vagas do curso de Medicina.<\/p>\n<p>A AMB, naturalmente, \u00e9 contr\u00e1ria a qualquer aumento da oferta de vagas em escolas m\u00e9dicas. Em resposta tamb\u00e9m oficial, despachada em 10 de maio, apresenta argumenta\u00e7\u00f5es consistentes para sensibilizar o MEC de que o Brasil n\u00e3o requer nem necessita de m\u00e9dicos em quantidade, mas de qualidade, para a assist\u00eancia dos cidad\u00e3os:<\/p>\n<p>Embasam a posi\u00e7\u00e3o firme e em defesa da Sa\u00fade e da Medicina os seguintes pontos:<\/p>\n<ul>\n<li>Somente 1,7% das Institui\u00e7\u00f5es de Ensino Superior, conseguiram nota 5 no IGC do MEC;<\/li>\n<li>N\u00e3o possu\u00edmos instrumento de avalia\u00e7\u00e3o dos egressos dos cursos de medicina;<\/li>\n<li>N\u00e3o h\u00e1 professores qualificados na rela\u00e7\u00e3o docente\/aluno, capazes de suprir o m\u00ednimo necess\u00e1rio para uma forma\u00e7\u00e3o adequada do m\u00e9dico.<\/li>\n<\/ul>\n<p>Com respeito e coer\u00eancia, a Associa\u00e7\u00e3o M\u00e9dica Brasileira expressou, assim, a total discord\u00e2ncia quanto \u00e0 autoriza\u00e7\u00e3o do aumento de vagas nas escolas de Medicina.<\/p>\n<p>Aproveitando a oportunidade, firmou sugest\u00e3o da cria\u00e7\u00e3o de um Conselho Consultivo Externo, para avalia\u00e7\u00e3o criteriosa e espec\u00edfica do n\u00famero de vagas dispon\u00edveis nos cursos de gradua\u00e7\u00e3o m\u00e9dica atualmente em funcionamento.<\/p>\n","protected":false},"excerpt":{"rendered":"<p>fonte: AMB A Associa\u00e7\u00e3o M\u00e9dica Brasileira posicionou-se oficialmente em 10 de maio, ap\u00f3s amplo debate da Diretoria Executiva, sobre questionamento da Secretaria de Regula\u00e7\u00e3o e Supervis\u00e3o da Educa\u00e7\u00e3o Superior, do Minist\u00e9rio da Educa\u00e7\u00e3o. Em of\u00edcio de n\u00famero 158\/2021, a consulta SERES\/MEC versava sobre proposta normativa de aumento de vagas do curso de Medicina. A AMB, [&hellip;]<\/p>\n","protected":false},"author":1,"featured_media":462,"comment_status":"closed","ping_status":"open","sticky":false,"template":"","format":"standard","meta":{"ngg_post_thumbnail":0,"footnotes":""},"categories":[2],"tags":[],"class_list":["post-12432","post","type-post","status-publish","format-standard","has-post-thumbnail","hentry","category-noticias"],"aioseo_notices":[],"gutentor_comment":0,"_links":{"self":[{"href":"https:\/\/sobedrj.com.br\/novo\/wp-json\/wp\/v2\/posts\/12432","targetHints":{"allow":["GET"]}}],"collection":[{"href":"https:\/\/sobedrj.com.br\/novo\/wp-json\/wp\/v2\/posts"}],"about":[{"href":"https:\/\/sobedrj.com.br\/novo\/wp-json\/wp\/v2\/types\/post"}],"author":[{"embeddable":true,"href":"https:\/\/sobedrj.com.br\/novo\/wp-json\/wp\/v2\/users\/1"}],"replies":[{"embeddable":true,"href":"https:\/\/sobedrj.com.br\/novo\/wp-json\/wp\/v2\/comments?post=12432"}],"version-history":[{"count":1,"href":"https:\/\/sobedrj.com.br\/novo\/wp-json\/wp\/v2\/posts\/12432\/revisions"}],"predecessor-version":[{"id":12434,"href":"https:\/\/sobedrj.com.br\/novo\/wp-json\/wp\/v2\/posts\/12432\/revisions\/12434"}],"wp:featuredmedia":[{"embeddable":true,"href":"https:\/\/sobedrj.com.br\/novo\/wp-json\/wp\/v2\/media\/462"}],"wp:attachment":[{"href":"https:\/\/sobedrj.com.br\/novo\/wp-json\/wp\/v2\/media?parent=12432"}],"wp:term":[{"taxonomy":"category","embeddable":true,"href":"https:\/\/sobedrj.com.br\/novo\/wp-json\/wp\/v2\/categories?post=12432"},{"taxonomy":"post_tag","embeddable":true,"href":"https:\/\/sobedrj.com.br\/novo\/wp-json\/wp\/v2\/tags?post=12432"}],"curies":[{"name":"wp","href":"https:\/\/api.w.org\/{rel}","templated":true}]}}