{"id":12490,"date":"2021-05-31T11:27:21","date_gmt":"2021-05-31T11:27:21","guid":{"rendered":"http:\/\/sobedrj.com.br\/novo\/?p=12490"},"modified":"2021-05-31T14:54:56","modified_gmt":"2021-05-31T14:54:56","slug":"proposta-que-interferia-na-autonomia-medica-de-prescricao-e-arquivada-no-senado","status":"publish","type":"post","link":"https:\/\/sobedrj.com.br\/novo\/2021\/05\/31\/proposta-que-interferia-na-autonomia-medica-de-prescricao-e-arquivada-no-senado\/","title":{"rendered":"Proposta que interferia na autonomia m\u00e9dica de prescri\u00e7\u00e3o \u00e9 arquivada no Senado"},"content":{"rendered":"<p>fonte: Conselho Federal de Medicina<\/p>\n<p>O\u00a0<a href=\"https:\/\/www25.senado.leg.br\/web\/atividade\/materias\/-\/materia\/148535\">Projeto de Lei n\u00b0 1.912\/2021<\/a>, que tornava crime a prescri\u00e7\u00e3o de medicamentos\u00a0<em>off label<\/em>\u00a0(fora da indica\u00e7\u00e3o da bula), foi retirado de tramita\u00e7\u00e3o e enviado para o arquivo do Senado Federal. A decis\u00e3o decorreu de pedido do autor da proposta, o senador Omar Aziz (PSD-AM).<\/p>\n<p>De acordo com ele, profissionais de sa\u00fade solicitaram a retirada do texto de tramita\u00e7\u00e3o. Desde sua apresenta\u00e7\u00e3o, a popula\u00e7\u00e3o de uma forma em geral expressou sua contrariedade com respeito ao tema.<\/p>\n<p><strong>Rejei\u00e7\u00e3o<\/strong>\u00a0\u2013 A rejei\u00e7\u00e3o popular \u00e0 proposta se mostrou significativa em enquete promovida pelo Senado. Em pouco menos de uma semana (per\u00edodo em que ficou dispon\u00edvel), 27.885 pessoas afirmaram ser contra a iniciativa. Outras 985 disseram apoiar o PL.<\/p>\n<p>\u201cEu sei fazer autocr\u00edtica quando acho que posso ter errado. N\u00e3o fa\u00e7o \u2018cavalo de batalha\u2019 ap\u00f3s consultar profissionais de uma determinada \u00e1rea\u201d, explicou o senador Omar Aziz \u00e0 imprensa.<\/p>\n<p>O PL enviado para arquivamento estabelecia pena de seis meses a dois anos de deten\u00e7\u00e3o e multa para quem prescrevesse, ministrasse ou aplicasse produto para fins terap\u00eauticos ou medicinais sem evid\u00eancias concretas de sua efic\u00e1cia no tratamento da doen\u00e7a apresentada pelo paciente. Com esse objetivo, a proposta alteraria trecho do C\u00f3digo Penal.<\/p>\n","protected":false},"excerpt":{"rendered":"<p>fonte: Conselho Federal de Medicina O\u00a0Projeto de Lei n\u00b0 1.912\/2021, que tornava crime a prescri\u00e7\u00e3o de medicamentos\u00a0off label\u00a0(fora da indica\u00e7\u00e3o da bula), foi retirado de tramita\u00e7\u00e3o e enviado para o arquivo do Senado Federal. A decis\u00e3o decorreu de pedido do autor da proposta, o senador Omar Aziz (PSD-AM). De acordo com ele, profissionais de sa\u00fade [&hellip;]<\/p>\n","protected":false},"author":1,"featured_media":0,"comment_status":"closed","ping_status":"open","sticky":false,"template":"","format":"standard","meta":{"ngg_post_thumbnail":0,"footnotes":""},"categories":[2],"tags":[],"class_list":["post-12490","post","type-post","status-publish","format-standard","hentry","category-noticias"],"aioseo_notices":[],"gutentor_comment":0,"_links":{"self":[{"href":"https:\/\/sobedrj.com.br\/novo\/wp-json\/wp\/v2\/posts\/12490","targetHints":{"allow":["GET"]}}],"collection":[{"href":"https:\/\/sobedrj.com.br\/novo\/wp-json\/wp\/v2\/posts"}],"about":[{"href":"https:\/\/sobedrj.com.br\/novo\/wp-json\/wp\/v2\/types\/post"}],"author":[{"embeddable":true,"href":"https:\/\/sobedrj.com.br\/novo\/wp-json\/wp\/v2\/users\/1"}],"replies":[{"embeddable":true,"href":"https:\/\/sobedrj.com.br\/novo\/wp-json\/wp\/v2\/comments?post=12490"}],"version-history":[{"count":1,"href":"https:\/\/sobedrj.com.br\/novo\/wp-json\/wp\/v2\/posts\/12490\/revisions"}],"predecessor-version":[{"id":12494,"href":"https:\/\/sobedrj.com.br\/novo\/wp-json\/wp\/v2\/posts\/12490\/revisions\/12494"}],"wp:attachment":[{"href":"https:\/\/sobedrj.com.br\/novo\/wp-json\/wp\/v2\/media?parent=12490"}],"wp:term":[{"taxonomy":"category","embeddable":true,"href":"https:\/\/sobedrj.com.br\/novo\/wp-json\/wp\/v2\/categories?post=12490"},{"taxonomy":"post_tag","embeddable":true,"href":"https:\/\/sobedrj.com.br\/novo\/wp-json\/wp\/v2\/tags?post=12490"}],"curies":[{"name":"wp","href":"https:\/\/api.w.org\/{rel}","templated":true}]}}