{"id":12497,"date":"2021-05-31T11:36:42","date_gmt":"2021-05-31T11:36:42","guid":{"rendered":"http:\/\/sobedrj.com.br\/novo\/?p=12497"},"modified":"2021-05-31T14:54:59","modified_gmt":"2021-05-31T14:54:59","slug":"presidente-da-camara-dos-deputados-recria-comissao-especial-dos-planos-de-saude","status":"publish","type":"post","link":"https:\/\/sobedrj.com.br\/novo\/2021\/05\/31\/presidente-da-camara-dos-deputados-recria-comissao-especial-dos-planos-de-saude\/","title":{"rendered":"Presidente da C\u00e2mara dos Deputados recria Comiss\u00e3o Especial dos Planos de Sa\u00fade"},"content":{"rendered":"<p>fonte: Ag\u00eancia C\u00e2mara<\/p>\n<p>O presidente da C\u00e2mara dos Deputados, Arthur Lira (PP-AL), apresentou\u00a0Ato da Presid\u00eancia, que recria a Comiss\u00e3o Especial destinada a proferir parecer sobre o\u00a0Projeto de Lei 7419\/2006, que altera a Lei n\u00ba 9.656, de 3 de junho de 1998, que disp\u00f5e sobre os planos e seguros privados de assist\u00eancia \u00e0 sa\u00fade. A mat\u00e9ria tramita com mais 244 projetos apensados, por tratarem de temas correlatos.<\/p>\n<p>A comiss\u00e3o funcionou em 2017, onde recebeu\u00a0substitutivo\u00a0do ex-deputado Rog\u00e9rio Marinho (PSDB-RN), mas n\u00e3o chegou a ser votado. O texto modifica substancialmente o funcionamento de planos de sa\u00fade no Pa\u00eds, criando um novo marco legal para o setor.<\/p>\n<p>Conforme o ato publicado, a Comiss\u00e3o Especial ser\u00e1 composta por 34 membros titulares e igual n\u00famero de suplentes a serem definidos.<\/p>\n","protected":false},"excerpt":{"rendered":"<p>fonte: Ag\u00eancia C\u00e2mara O presidente da C\u00e2mara dos Deputados, Arthur Lira (PP-AL), apresentou\u00a0Ato da Presid\u00eancia, que recria a Comiss\u00e3o Especial destinada a proferir parecer sobre o\u00a0Projeto de Lei 7419\/2006, que altera a Lei n\u00ba 9.656, de 3 de junho de 1998, que disp\u00f5e sobre os planos e seguros privados de assist\u00eancia \u00e0 sa\u00fade. A mat\u00e9ria [&hellip;]<\/p>\n","protected":false},"author":1,"featured_media":0,"comment_status":"closed","ping_status":"open","sticky":false,"template":"","format":"standard","meta":{"ngg_post_thumbnail":0,"footnotes":""},"categories":[2],"tags":[],"class_list":["post-12497","post","type-post","status-publish","format-standard","hentry","category-noticias"],"aioseo_notices":[],"gutentor_comment":0,"_links":{"self":[{"href":"https:\/\/sobedrj.com.br\/novo\/wp-json\/wp\/v2\/posts\/12497","targetHints":{"allow":["GET"]}}],"collection":[{"href":"https:\/\/sobedrj.com.br\/novo\/wp-json\/wp\/v2\/posts"}],"about":[{"href":"https:\/\/sobedrj.com.br\/novo\/wp-json\/wp\/v2\/types\/post"}],"author":[{"embeddable":true,"href":"https:\/\/sobedrj.com.br\/novo\/wp-json\/wp\/v2\/users\/1"}],"replies":[{"embeddable":true,"href":"https:\/\/sobedrj.com.br\/novo\/wp-json\/wp\/v2\/comments?post=12497"}],"version-history":[{"count":1,"href":"https:\/\/sobedrj.com.br\/novo\/wp-json\/wp\/v2\/posts\/12497\/revisions"}],"predecessor-version":[{"id":12500,"href":"https:\/\/sobedrj.com.br\/novo\/wp-json\/wp\/v2\/posts\/12497\/revisions\/12500"}],"wp:attachment":[{"href":"https:\/\/sobedrj.com.br\/novo\/wp-json\/wp\/v2\/media?parent=12497"}],"wp:term":[{"taxonomy":"category","embeddable":true,"href":"https:\/\/sobedrj.com.br\/novo\/wp-json\/wp\/v2\/categories?post=12497"},{"taxonomy":"post_tag","embeddable":true,"href":"https:\/\/sobedrj.com.br\/novo\/wp-json\/wp\/v2\/tags?post=12497"}],"curies":[{"name":"wp","href":"https:\/\/api.w.org\/{rel}","templated":true}]}}