{"id":12524,"date":"2021-06-07T09:16:14","date_gmt":"2021-06-07T09:16:14","guid":{"rendered":"http:\/\/sobedrj.com.br\/novo\/?p=12524"},"modified":"2021-06-07T22:05:31","modified_gmt":"2021-06-07T22:05:31","slug":"artigo-sus-a-propaganda-e-a-alma-do-negocio","status":"publish","type":"post","link":"https:\/\/sobedrj.com.br\/novo\/2021\/06\/07\/artigo-sus-a-propaganda-e-a-alma-do-negocio\/","title":{"rendered":"ARTIGO: SUS: a propaganda \u00e9 a alma do neg\u00f3cio?"},"content":{"rendered":"<p>fonte: Folha de SP<\/p>\n<p>por Marco Akerman, m\u00e9dico sanitarista e professor titular do Departamento de Pol\u00edtica, Gest\u00e3o e Sa\u00fade da Faculdade de Sa\u00fade P\u00fablica da USP<\/p>\n<p>A\u00a0Folha de SP trouxe, em 30 de abril \u00faltimo, a reportagem\u00a0\u201cSUS aparece pela primeira vez entre os melhores servi\u00e7os p\u00fablicos de S\u00e3o Paulo\u201d. J\u00e1 no in\u00edcio o texto mostra que o\u00a0Sistema \u00danico de Sa\u00fade\u00a0n\u00e3o ficou apenas \u201centre os melhores\u201d, mas foi \u201co melhor servi\u00e7o p\u00fablico\u201d na avalia\u00e7\u00e3o dos paulistanos.<\/p>\n<p>J\u00fabilo entre os sanitaristas! H\u00e1 muito j\u00e1 sab\u00edamos do valor civilizat\u00f3rio e sanit\u00e1rio do SUS, mas, na era atual, em que aquilo que n\u00e3o est\u00e1 nas m\u00eddias parece n\u00e3o existir, tal reconhecimento social deve ser valorizado.<\/p>\n<div>\n<div class=\"js-gallery-widget rs_skip\">\n<div id=\"gallery-widget-undefined\" class=\"gallery-widget\" data-channel=\"opiniao\">\n<div class=\"gallery-widget__content\">\n<div class=\"gallery-widget-carousel\">\n<div class=\"gallery-widget-carousel__info\">\n<div class=\"gallery-widget-carousel__info-container\">\n<p class=\"gallery-widget-carousel__info-description\"><span class=\"gallery-widget-carousel__info-text\">A 8\u00aa Confer\u00eancia Nacional de Sa\u00fade, realizada de 17 a 21 de mar\u00e7o de 1986, foi um passo definitivo para a cria\u00e7\u00e3o do Sistema \u00danico de Sa\u00fade (SUS). Foram cinco dias de debates, com mais de quatro mil participantes, em 135 grupos de trabalho. O objetivo: pensar um novo sistema de sa\u00fade nacional, fomentando as discuss\u00f5es para a futura Constituinte<\/span>\u00a0<span class=\"gallery-widget-carousel__info-author\">Acervo Casa de Oswaldo Cruz\/Fiocruz<\/span><\/p>\n<\/div>\n<\/div>\n<\/div>\n<\/div>\n<\/div>\n<\/div>\n<\/div>\n<p>Algumas hip\u00f3teses: 1 &#8211; no auge da pandemia na Europa, notici\u00e1rios no Brasil mostravam italianos e espanh\u00f3is\u00a0isolados nos apartamentos e aplaudindo, das varandas, os profissionais de sa\u00fade. Boris Johnson, primeiro-ministro brit\u00e2nico, agradeceu ao NHS (o \u201cSUS brit\u00e2nico\u201d) por sua recupera\u00e7\u00e3o e citou\u00a0dois profissionais de sa\u00fade que cuidaram dele\u00a0\u2014Jenny, da Nova Zel\u00e2ndia, e, Lu\u00eds, de Portugal. Reconheceu, inclusive, a contribui\u00e7\u00e3o de estrangeiros ao pa\u00eds. Esses tr\u00eas pa\u00edses possuem sistemas de sa\u00fade financiados com recursos governamentais, assim como o SUS; 2 &#8211; na linha da simpatia europeia, a Rede Globo exibiu depoimentos de profissionais de sa\u00fade, muitos trabalhando no SUS \u2014um reconhecimento justo diante da dedica\u00e7\u00e3o aos pacientes acometidos pela Covid-19; 3 &#8211;\u00a0Luiz Henrique\u00a0Mandetta, ent\u00e3o ministro da Sa\u00fade, que j\u00e1 tinha defendido corte de despesas para o sistema e sido favor\u00e1vel ao fim do programa Mais M\u00e9dicos (validado pelos sanitaristas como pol\u00edtica de mais acesso a servi\u00e7os), durante a pandemia, entretanto, contribuiu para fortalecer o SUS no imagin\u00e1rio social ao se apresentar, com sua equipe, usando coletes com o logo do SUS; e 4 &#8211; a perda de empregos durante a pandemia\u00a0levou pessoas que tinham planos de sa\u00fade a usar servi\u00e7os p\u00fablicos\u2002\u2014talvez tenham come\u00e7ado a divulgar que o SUS existe e, sim, funciona!<\/p>\n<p>Creio que todos esses aspectos propagandearam a exist\u00eancia do sistema para cora\u00e7\u00f5es e mentes, que antes n\u00e3o percebiam sua materialidade em suas vidas. Ou apenas conheciam os \u201cproblemas\u201d do SUS, que s\u00e3o diversos, mas n\u00e3o empecilhos \u00e0 sua grandeza. N\u00f3s, sanitaristas, reconhecemos que a disputa do imagin\u00e1rio social da popula\u00e7\u00e3o pela defesa de um sistema universal de sa\u00fade demanda uma pol\u00edtica de marketing social bem engendrada. Por\u00e9m, \u00e9 a alma do sistema p\u00fablico que nos interessa e encanta, pois,\u00a0\u201csem o SUS, \u00e9 a barb\u00e1rie\u201d.<\/p>\n<p>Nesta alma encontramos\u00a0o maior sistema de sa\u00fade p\u00fablico e universal\u00a0em pa\u00edses com mais de 100 milh\u00f5es de habitantes; uma rede de aten\u00e7\u00e3o b\u00e1sica que leva vacinas, medicamentos e cuidados para todo o Brasil; o maior programa p\u00fablico de transplantes de \u00f3rg\u00e3os do mundo, que financia a maioria dos procedimentos; a distribui\u00e7\u00e3o universal de medicamentos para pacientes com doen\u00e7as cr\u00f4nicas,\u00a0inclusive\u00a0HIV\/Aids; e a distribui\u00e7\u00e3o ampla de medicamentos de alto custo, entre outros benef\u00edcios.<\/p>\n<p>Se tudo isso est\u00e1 na alma cuidadora do SUS, n\u00e3o podemos deixar de ressaltar seu papel de autoridade sanit\u00e1ria brasileira (federal, estadual e municipal) nas \u00e1reas de vigil\u00e2ncias e regula\u00e7\u00e3o. Vale lembrar que a Anvisa e a Ag\u00eancia Nacional de Sa\u00fade Suplementar est\u00e3o sob o manto pol\u00edtico do minist\u00e9rio. Mas, por favor, entendam o SUS como algo maior, al\u00e9m do Minist\u00e9rio da Sa\u00fade.<\/p>\n<div>\n<div class=\"js-gallery-widget rs_skip\">\n<div id=\"gallery-widget-nova\/\" class=\"gallery-widget gallery-widget-keydown\" data-channel=\"opiniao\">\n<div class=\"gallery-widget__content\">\n<div class=\"gallery-widget-carousel\">\n<div class=\"gallery-widget-carousel__info\">\n<div class=\"gallery-widget-carousel__info-container\">\n<p class=\"gallery-widget-carousel__info-description\"><span class=\"gallery-widget-carousel__info-text\">Mauro Junqueira, presidente do Conselho Nacional das Secretarias Municipais de Sa\u00fade &#8211; &#8220;Quando algu\u00e9m tem um acidente, quem salva a vida n\u00e3o \u00e9 o plano de sa\u00fade, \u00e9 o Samu. O Luciano Huck e a Ang\u00e9lica tiveram um acidente de avi\u00e3o e foi o Samu quem os levou ao hospital&#8221;<\/span>\u00a0<span class=\"gallery-widget-carousel__info-author\">Eduardo Anizelli\/Folhapress<\/span><\/p>\n<\/div>\n<\/div>\n<\/div>\n<\/div>\n<\/div>\n<\/div>\n<\/div>\n<p>Bras\u00edlia tamb\u00e9m precisa entender que deve prover servi\u00e7os para todas as situa\u00e7\u00f5es que comprometam a sa\u00fade dos brasileiros, de maneira cont\u00ednua e com qualidade. E, se pandemias s\u00e3o como guerras, n\u00e3o podemos nos equipar apenas durante as batalhas. O sistema precisa estar apto a lutar quando outro invasor pand\u00eamico nos atacar. Tudo isso demanda financiamento adequado e sustent\u00e1vel.<\/p>\n<p>\u00c9 surpreendente, mas uma constata\u00e7\u00e3o desej\u00e1vel, que, durante a pandemia, vozes liberais, do mundo econ\u00f4mico, tenham afirmado que \u201co retorno social de se ter um sistema de sa\u00fade mais adequado supera o custo financeiro\u201d. Mas, para mantermos na agenda pol\u00edtica o reconhecimento social do SUS, \u00e9 mister que se junte \u00e0 sua alma as vozes que n\u00e3o o propagandeiam como um neg\u00f3cio.<\/p>\n","protected":false},"excerpt":{"rendered":"<p>fonte: Folha de SP por Marco Akerman, m\u00e9dico sanitarista e professor titular do Departamento de Pol\u00edtica, Gest\u00e3o e Sa\u00fade da Faculdade de Sa\u00fade P\u00fablica da USP A\u00a0Folha de SP trouxe, em 30 de abril \u00faltimo, a reportagem\u00a0\u201cSUS aparece pela primeira vez entre os melhores servi\u00e7os p\u00fablicos de S\u00e3o Paulo\u201d. J\u00e1 no in\u00edcio o texto mostra [&hellip;]<\/p>\n","protected":false},"author":1,"featured_media":0,"comment_status":"closed","ping_status":"open","sticky":false,"template":"","format":"standard","meta":{"ngg_post_thumbnail":0,"footnotes":""},"categories":[2],"tags":[],"class_list":["post-12524","post","type-post","status-publish","format-standard","hentry","category-noticias"],"aioseo_notices":[],"gutentor_comment":0,"_links":{"self":[{"href":"https:\/\/sobedrj.com.br\/novo\/wp-json\/wp\/v2\/posts\/12524","targetHints":{"allow":["GET"]}}],"collection":[{"href":"https:\/\/sobedrj.com.br\/novo\/wp-json\/wp\/v2\/posts"}],"about":[{"href":"https:\/\/sobedrj.com.br\/novo\/wp-json\/wp\/v2\/types\/post"}],"author":[{"embeddable":true,"href":"https:\/\/sobedrj.com.br\/novo\/wp-json\/wp\/v2\/users\/1"}],"replies":[{"embeddable":true,"href":"https:\/\/sobedrj.com.br\/novo\/wp-json\/wp\/v2\/comments?post=12524"}],"version-history":[{"count":3,"href":"https:\/\/sobedrj.com.br\/novo\/wp-json\/wp\/v2\/posts\/12524\/revisions"}],"predecessor-version":[{"id":12530,"href":"https:\/\/sobedrj.com.br\/novo\/wp-json\/wp\/v2\/posts\/12524\/revisions\/12530"}],"wp:attachment":[{"href":"https:\/\/sobedrj.com.br\/novo\/wp-json\/wp\/v2\/media?parent=12524"}],"wp:term":[{"taxonomy":"category","embeddable":true,"href":"https:\/\/sobedrj.com.br\/novo\/wp-json\/wp\/v2\/categories?post=12524"},{"taxonomy":"post_tag","embeddable":true,"href":"https:\/\/sobedrj.com.br\/novo\/wp-json\/wp\/v2\/tags?post=12524"}],"curies":[{"name":"wp","href":"https:\/\/api.w.org\/{rel}","templated":true}]}}